{"id":19759,"date":"2024-01-18T12:40:01","date_gmt":"2024-01-18T09:40:01","guid":{"rendered":"https:\/\/akdenizhaber.com.tr\/?p=19759"},"modified":"2024-01-18T12:40:01","modified_gmt":"2024-01-18T09:40:01","slug":"baskan-esen-afetlere-karsi-tum-imkanlarimizi-seferber-ettik","status":"publish","type":"post","link":"https:\/\/akdenizhaber.com.tr\/index.php\/2024\/01\/18\/baskan-esen-afetlere-karsi-tum-imkanlarimizi-seferber-ettik\/","title":{"rendered":"Ba\u015fkan Esen: Afetlere kar\u015f\u0131 t\u00fcm imkanlar\u0131m\u0131z\u0131 seferber ettik"},"content":{"rendered":"\n<p><\/p>\n\n\n\n<p>Konyaalt\u0131 Belediye Ba\u015fkan\u0131 Semih Esen, 2019 y\u0131l\u0131nda g\u00f6reve geldikleri g\u00fcnden itibaren sadece Konyaalt\u0131\u2019nda de\u011fil T\u00fcrkiye\u2019nin d\u00f6rt bir yan\u0131nda ya\u015fanan afetlere kar\u015f\u0131 belediyenin imkanlar\u0131n\u0131 seferber ettiklerini s\u00f6yledi.<\/p>\n\n\n\n<p>2019 y\u0131l\u0131nda g\u00f6reve geldikleri g\u00fcnden itibaren afetlerle m\u00fccadele ettiklerini dile getiren Konyaalt\u0131 Belediye Ba\u015fkan\u0131 Semih Esen, bu s\u00fcre\u00e7te T\u00fcrkiye\u2019nin d\u00f6rt bir yan\u0131nda ya\u015fanan afetlere kar\u015f\u0131 belediyenin imkanlar\u0131n\u0131 seferber ettiklerini s\u00f6yledi. Ba\u015fkan Esen, \u201c2019 y\u0131l\u0131nda g\u00f6reve geldi\u011fimiz ilk andan itibaren sadece Konyaalt\u0131\u2019m\u0131zda de\u011fil, memleketimizin d\u00f6rt bir yan\u0131nda ya\u015fanan afetlere kar\u015f\u0131 t\u00fcm imkanlar\u0131m\u0131z\u0131 seferber ettik. Bu s\u00fcre\u00e7te Konyaalt\u0131l\u0131 hem\u015ferilerimizle beraber b\u00fcy\u00fck bir dayan\u0131\u015fma i\u00e7erisinde afet b\u00f6lgesindeki yurtta\u015flar\u0131m\u0131z\u0131n yard\u0131m\u0131na ko\u015ftuk. Ayr\u0131ca belediyemiz b\u00fcnyesinde Sivil Savunma ve Acil M\u00fcdahale Servisi kurarak, ya\u015fanan afetlere kar\u015f\u0131 h\u0131zl\u0131 bir \u015fekilde hareket ederek di\u011fer kurum ve kurulu\u015flarla koordineli \u00e7al\u0131\u015ft\u0131k\u201d dedi.<br><br><br>PANDEM\u0130 VE MANAVGAT YANGINI<br><br>Pandemi s\u00fcrecinde t\u00fcm \u00e7al\u0131\u015fanlar\u0131yla sahada vatanda\u015flar\u0131n yan\u0131nda olduklar\u0131n\u0131 s\u00f6yleyen Esen,\u2019\u2019 \u0130l\u00e7emizin d\u00f6rt bir yan\u0131na maske, dezenfektan ve hijyen kitleri ula\u015ft\u0131rd\u0131k. Okul, park vb. t\u00fcm sosyal ya\u015fam alanlar\u0131n\u0131 periyodik olarak dezenfekte ettik\u201d diye konu\u015ftu. Manavgat\u2019ta ya\u015fanan b\u00fcy\u00fck yang\u0131n felaketine kar\u015f\u0131 Konyaalt\u0131 Belediyesi olarak destekte bulunduklar\u0131n\u0131 ifade eden Esen, \u2019\u2019Manavgat&#8217;ta ba\u015flayan ve daha sonra \u00e7evre il\u00e7elere yay\u0131lan yang\u0131n felaketine 250 personel, 5 araz\u00f6z, 5 su tankeri, 3 greyder ile m\u00fcdahale ettik. Ayr\u0131ca b\u00f6lgedeki vatanda\u015flar\u0131m\u0131z\u0131n temel ihtiya\u00e7lar\u0131n\u0131 gidermek i\u00e7in yakla\u015f\u0131k 50 t\u0131r yard\u0131m kolisi (temel g\u0131da, su, ilk yard\u0131m malzemeleri vb.) g\u00f6nderdik.\u201d Dedi.<br><br>KUMLUCA SEL FELAKAT\u0130<br><br>Ge\u00e7ti\u011fimiz y\u0131l Kumluca \u0130l\u00e7esi\u2019nde ya\u015fanan sel felaketine 200 personel ve 100 ara\u00e7 ile m\u00fcdahale ettiklerini s\u00f6yleyen Esen,\u2019\u2019 Felaketin ilk g\u00fcn\u00fcnden itibaren ekiplerimiz \u00e7evre temizli\u011fi ve su tahliyesi ger\u00e7ekle\u015ftirerek b\u00f6lge halk\u0131m\u0131z\u0131n normal hayata ge\u00e7i\u015f yapmas\u0131n\u0131 h\u0131zland\u0131rd\u0131\u201d dedi.<br><br>KAHRAMANMARA\u015e DEPREM\u0130<br><br>6 \u015eubat 2023 y\u0131l\u0131nda Kahramanmara\u015f merkezli depremlerin ya\u015fand\u0131\u011f\u0131 b\u00f6lgelere Konyaalt\u0131 Belediyesi olarak yard\u0131m g\u00f6t\u00fcrd\u00fcklerini s\u00f6yleyen Esen, \u201cKahramanmara\u015f merkezli ya\u015fanan iki b\u00fcy\u00fck depremin ilk saatlerinde h\u0131zl\u0131ca harekete ge\u00e7tik ve ekiplerimizle birlikte b\u00f6lgeye ula\u015ft\u0131k. T\u00fcm kurulu\u015flardan \u00f6nce b\u00f6lgeye ula\u015ft\u0131\u011f\u0131m\u0131zda ekiplerimizle birlikte hemen arama-kurtarma \u00e7al\u0131\u015fmalar\u0131na ba\u015flad\u0131k. \u0130lk etapta yakla\u015f\u0131k 100 ki\u015fiden olu\u015fan Sivil Savunma ve Acil M\u00fcdahale Servisi ekibimiz \u015fehir merkezi dahil il\u00e7e ve k\u00f6ylere da\u011f\u0131larak m\u00fcdahaleye ba\u015flad\u0131. Akabinde ba\u015flatt\u0131\u011f\u0131m\u0131z dayan\u0131\u015fma seferberli\u011fi ile b\u00f6lgedeki depremzedelerimize 120&#8217;si t\u0131r olmak \u00fczere yakla\u015f\u0131k 170 ara\u00e7l\u0131k g\u0131da, su, \u0131s\u0131nma, bar\u0131nma vb. ihtiya\u00e7lar\u0131 ula\u015ft\u0131rd\u0131k. Ayr\u0131ca tam te\u015fekk\u00fcll\u00fc konteyner, \u00e7ad\u0131r, seyyar tuvalete, \u0131s\u0131t\u0131c\u0131 vb. temel ihtiya\u00e7lar\u0131 h\u0131zl\u0131ca b\u00f6lgeye ula\u015ft\u0131rd\u0131k. Ekiplerimiz, t\u00fcm bu malzemeleri belirlenen noktalara g\u00f6t\u00fcrerek kurumunu ger\u00e7ekle\u015ftirdi. Bunun yan\u0131nda hayvanlar i\u00e7in yem, jenerat\u00f6r ve ara\u00e7lar i\u00e7in benzin gibi b\u00f6lge halk\u0131m\u0131z\u0131n ula\u015fmakta zorluklar ya\u015fad\u0131\u011f\u0131 ihtiya\u00e7lar\u0131 da giderdik\u2019\u2019 dedi.<\/p>\n\n\n\n<p>Konyaalt\u0131 Belediyesi \/ B\u00fclten<\/p>\n","protected":false},"excerpt":{"rendered":"<p>Konyaalt\u0131 Belediye Ba\u015fkan\u0131 Semih Esen, 2019 y\u0131l\u0131nda g\u00f6reve geldikleri g\u00fcnden itibaren sadece Konyaalt\u0131\u2019nda de\u011fil T\u00fcrkiye\u2019nin d\u00f6rt bir yan\u0131nda ya\u015fanan afetlere kar\u015f\u0131 belediyenin imkanlar\u0131n\u0131 seferber ettiklerini <a href=\"https:\/\/akdenizhaber.com.tr\/index.php\/2024\/01\/18\/baskan-esen-afetlere-karsi-tum-imkanlarimizi-seferber-ettik\/\" class=\"read-more-link\">[more&#8230;]<\/a><\/p>\n","protected":false},"author":2,"featured_media":19760,"comment_status":"open","ping_status":"open","sticky":false,"template":"","format":"standard","meta":{"footnotes":""},"categories":[2],"tags":[],"class_list":["post-19759","post","type-post","status-publish","format-standard","has-post-thumbnail","hentry","category-gundem"],"_links":{"self":[{"href":"https:\/\/akdenizhaber.com.tr\/index.php\/wp-json\/wp\/v2\/posts\/19759","targetHints":{"allow":["GET"]}}],"collection":[{"href":"https:\/\/akdenizhaber.com.tr\/index.php\/wp-json\/wp\/v2\/posts"}],"about":[{"href":"https:\/\/akdenizhaber.com.tr\/index.php\/wp-json\/wp\/v2\/types\/post"}],"author":[{"embeddable":true,"href":"https:\/\/akdenizhaber.com.tr\/index.php\/wp-json\/wp\/v2\/users\/2"}],"replies":[{"embeddable":true,"href":"https:\/\/akdenizhaber.com.tr\/index.php\/wp-json\/wp\/v2\/comments?post=19759"}],"version-history":[{"count":0,"href":"https:\/\/akdenizhaber.com.tr\/index.php\/wp-json\/wp\/v2\/posts\/19759\/revisions"}],"wp:featuredmedia":[{"embeddable":true,"href":"https:\/\/akdenizhaber.com.tr\/index.php\/wp-json\/wp\/v2\/media\/19760"}],"wp:attachment":[{"href":"https:\/\/akdenizhaber.com.tr\/index.php\/wp-json\/wp\/v2\/media?parent=19759"}],"wp:term":[{"taxonomy":"category","embeddable":true,"href":"https:\/\/akdenizhaber.com.tr\/index.php\/wp-json\/wp\/v2\/categories?post=19759"},{"taxonomy":"post_tag","embeddable":true,"href":"https:\/\/akdenizhaber.com.tr\/index.php\/wp-json\/wp\/v2\/tags?post=19759"}],"curies":[{"name":"wp","href":"https:\/\/api.w.org\/{rel}","templated":true}]}}