{"id":19742,"date":"2024-01-17T12:02:48","date_gmt":"2024-01-17T09:02:48","guid":{"rendered":"https:\/\/akdenizhaber.com.tr\/?p=19742"},"modified":"2024-01-17T12:02:48","modified_gmt":"2024-01-17T09:02:48","slug":"alanya-ve-manavgatda-heyelandan-bozulan-yollara-bakim","status":"publish","type":"post","link":"https:\/\/akdenizhaber.com.tr\/index.php\/2024\/01\/17\/alanya-ve-manavgatda-heyelandan-bozulan-yollara-bakim\/","title":{"rendered":"Alanya ve Manavgat\u2019da heyelandan bozulan yollara bak\u0131m"},"content":{"rendered":"\n<p>Antalya B\u00fcy\u00fck\u015fehir Belediyesi, Alanya ve Manavgat\u2019\u0131n baz\u0131 mahallelerinde meydana gelen heyelan sonras\u0131 bozulan yollarda bak\u0131m ve onar\u0131m \u00e7al\u0131\u015fmas\u0131 yap\u0131yor.<\/p>\n\n\n\n<p>Antalya ve il\u00e7elerinde etkili olan sa\u011fanak ya\u011f\u0131\u015f, k\u0131rsal mahallelerde ula\u015f\u0131m\u0131 olumsuz etkiledi. Ya\u011f\u0131\u015f sonras\u0131 Alanya\u2019n\u0131n Ak\u00e7at\u0131, Fak\u0131rcal\u0131ve G\u00fcm\u00fc\u015fg\u00f6ze mahalle yollar\u0131nda heyelan ve g\u00f6\u00e7\u00fck olu\u015ftu. Her iki mahalleye de Antalya B\u00fcy\u00fck\u015fehir Belediye K\u0131rsal Hizmetler Dairesi Ba\u015fkanl\u0131\u011f\u0131 ekipleri m\u00fcdahale etti. Ak\u00e7at\u0131\u2019da greyder ve kep\u00e7e yard\u0131m\u0131yla yolu kapatan toprak ve ta\u015flar kald\u0131r\u0131ld\u0131. Fak\u0131rcal\u0131 Mahallesi\u2019nde ise g\u00f6\u00e7\u00fck ya\u015fanan yolda dolgu ve ta\u015f duvar \u00e7al\u0131\u015fmas\u0131 yap\u0131ld\u0131. Her iki mahallede de yollar ula\u015f\u0131ma a\u00e7\u0131ld\u0131. G\u00fcm\u00fc\u015fg\u00f6ze Mahallesi grup yolunda da sel ve heyelan nedeniyle kapanan yol trafi\u011fe a\u00e7\u0131ld\u0131. B\u00f6lgede bak\u0131m onar\u0131m ve \u015farampol temizli\u011fi devam ediyor. Heyelan olan Alanya Bay\u0131rkoza\u011fac\u0131 yolu da B\u00fcy\u00fck\u015fehir ekiplerin \u00e7al\u0131\u015fmas\u0131yla yeniden ula\u015f\u0131ma a\u00e7\u0131ld\u0131.<\/p>\n\n\n\n<p>B\u00dcY\u00dcK\u015eEH\u0130R EK\u0130PLER\u0130 HIZLA M\u00dcDAHALE ETT\u0130<\/p>\n\n\n\n<p>Antalya B\u00fcy\u00fck\u015fehir Belediyesi, Manavgat\u2019\u0131n Aksaz, Kara\u00f6z, Belenobas\u0131, Hocal\u0131, Tepek\u00f6y ve Gebece grup yolunda meydana gelen heyelana da an\u0131nda m\u00fcdahale etti. Manavgat\u2019ta etkili olan yo\u011fun ya\u011f\u0131\u015fla beraber meydana gelen heyelan ula\u015f\u0131m\u0131 olumsuz etkiledi. Alt\u0131 k\u00f6y\u00fcn kullanm\u0131\u015f oldu\u011fu grup yolunda heyelan olu\u015ftu. Antalya B\u00fcy\u00fck\u015fehir Belediye ekipleri h\u0131zl\u0131 bir \u015fekilde kapanan yolu kep\u00e7e ile a\u00e7t\u0131. Manavgat Namaras yolunda da meydana gelen heyelan sonras\u0131 yol a\u00e7ma \u00e7al\u0131\u015fmas\u0131 yap\u0131l\u0131yor.<\/p>\n\n\n\n<p>Antalya B\u00fcy\u00fck\u015fehir Belediyesi \/ B\u00fclten<\/p>\n","protected":false},"excerpt":{"rendered":"<p>Antalya B\u00fcy\u00fck\u015fehir Belediyesi, Alanya ve Manavgat\u2019\u0131n baz\u0131 mahallelerinde meydana gelen heyelan sonras\u0131 bozulan yollarda bak\u0131m ve onar\u0131m \u00e7al\u0131\u015fmas\u0131 yap\u0131yor. Antalya ve il\u00e7elerinde etkili olan sa\u011fanak <a href=\"https:\/\/akdenizhaber.com.tr\/index.php\/2024\/01\/17\/alanya-ve-manavgatda-heyelandan-bozulan-yollara-bakim\/\" class=\"read-more-link\">[more&#8230;]<\/a><\/p>\n","protected":false},"author":2,"featured_media":19743,"comment_status":"open","ping_status":"open","sticky":false,"template":"","format":"standard","meta":{"footnotes":""},"categories":[2],"tags":[],"class_list":["post-19742","post","type-post","status-publish","format-standard","has-post-thumbnail","hentry","category-gundem"],"_links":{"self":[{"href":"https:\/\/akdenizhaber.com.tr\/index.php\/wp-json\/wp\/v2\/posts\/19742","targetHints":{"allow":["GET"]}}],"collection":[{"href":"https:\/\/akdenizhaber.com.tr\/index.php\/wp-json\/wp\/v2\/posts"}],"about":[{"href":"https:\/\/akdenizhaber.com.tr\/index.php\/wp-json\/wp\/v2\/types\/post"}],"author":[{"embeddable":true,"href":"https:\/\/akdenizhaber.com.tr\/index.php\/wp-json\/wp\/v2\/users\/2"}],"replies":[{"embeddable":true,"href":"https:\/\/akdenizhaber.com.tr\/index.php\/wp-json\/wp\/v2\/comments?post=19742"}],"version-history":[{"count":0,"href":"https:\/\/akdenizhaber.com.tr\/index.php\/wp-json\/wp\/v2\/posts\/19742\/revisions"}],"wp:featuredmedia":[{"embeddable":true,"href":"https:\/\/akdenizhaber.com.tr\/index.php\/wp-json\/wp\/v2\/media\/19743"}],"wp:attachment":[{"href":"https:\/\/akdenizhaber.com.tr\/index.php\/wp-json\/wp\/v2\/media?parent=19742"}],"wp:term":[{"taxonomy":"category","embeddable":true,"href":"https:\/\/akdenizhaber.com.tr\/index.php\/wp-json\/wp\/v2\/categories?post=19742"},{"taxonomy":"post_tag","embeddable":true,"href":"https:\/\/akdenizhaber.com.tr\/index.php\/wp-json\/wp\/v2\/tags?post=19742"}],"curies":[{"name":"wp","href":"https:\/\/api.w.org\/{rel}","templated":true}]}}