{"id":19733,"date":"2024-01-17T11:58:44","date_gmt":"2024-01-17T08:58:44","guid":{"rendered":"https:\/\/akdenizhaber.com.tr\/?p=19733"},"modified":"2024-01-17T11:58:45","modified_gmt":"2024-01-17T08:58:45","slug":"muratpasa-tatilde-de-ogrencilerin-elini-birakmayacak","status":"publish","type":"post","link":"https:\/\/akdenizhaber.com.tr\/index.php\/2024\/01\/17\/muratpasa-tatilde-de-ogrencilerin-elini-birakmayacak\/","title":{"rendered":"Muratpa\u015fa tatilde de \u00f6\u011frencilerin elini b\u0131rakmayacak"},"content":{"rendered":"\n<p>Antalya\u2019da Muratpa\u015fa Belediyesi\u2019nin Gen\u00e7lik E\u011fitim Merkezi (MURGEM) ve Destek E\u011fitim Merkezleri yar\u0131y\u0131l tatilinde de \u00f6\u011frencileri yaln\u0131z b\u0131rakmayacak. Muratpa\u015fa\u2019n\u0131n e\u011fitim kurumlar\u0131nda tatilin ilk haftas\u0131 \u00f6\u011fretmenler e\u015fli\u011finde s\u0131nav haz\u0131rl\u0131k s\u00fcre\u00e7leri ve soru \u00e7\u00f6z\u00fcmleriyle devam edecek.<\/p>\n\n\n\n<p>Kre\u015fleri, ilk ve ortaokul \u00f6\u011frencilerine y\u00f6nelik destek e\u011fitim ve gen\u00e7leri \u00fcniversite s\u0131nav\u0131na haz\u0131rlayan merkeziyle Antalya\u2019n\u0131n en b\u00fcy\u00fck e\u011fitim kurumlar\u0131ndan biri olan Muratpa\u015fa Belediyesi, 19 Ocak\u2019ta ba\u015flayacak yar\u0131y\u0131l tatilinde de \u00e7al\u0131\u015fmalar\u0131na devam edecek. Tatilin ilk haftas\u0131nda, Destek E\u011fitim Merkezleri\u2019nde LGS\u2019ye haz\u0131rlanan 8\u2019inci s\u0131n\u0131f \u00f6\u011frencileri ve \u00fcniversite s\u0131nav\u0131na haz\u0131rlanan MURGEM \u00f6\u011frencileri i\u00e7in \u00f6\u011fretmenler e\u015fli\u011finde s\u0131nava y\u00f6nelik soru \u00e7\u00f6z\u00fcm\u00fc etkinlikleri ve deneme s\u0131navlar\u0131 d\u00fczenlenecek.<br>MURGEM\u2019LE \u00dcN\u0130VERS\u0130TE HAYAL DE\u011e\u0130L<br>Muratpa\u015fa Belediyesi\u2019nin e\u011fitimde f\u0131rsat e\u015fitli\u011fi sa\u011flamak i\u00e7in att\u0131\u011f\u0131 en b\u00fcy\u00fck ad\u0131mlardan biri olan MURGEM, 2015\u2019te hizmete girdi. A\u00e7\u0131ld\u0131\u011f\u0131 g\u00fcnden bu yana 5 bin 520 \u00f6\u011frenciyi \u00fcniversite s\u0131nav\u0131na haz\u0131rlayan MURGEM, y\u00fczde 83.5\u2019lik bir ba\u015far\u0131 oran\u0131 yakalad\u0131. Merkezde 2022-2023 e\u011fitim-\u00f6\u011fretim d\u00f6neminde 453 \u00f6\u011frenciden 378\u2019i tercih etti\u011fi \u00fcniversiteye yerle\u015fti.<br>N\u0130TEL\u0130KL\u0130 L\u0130SELER\u0130 KAZANDILAR<br>Belediyenin destek e\u011fitim merkezleri ise Memurevleri, Ye\u015fildere ve Ermenek mahallelerinde yer al\u0131yor. \u0130kinci s\u0131n\u0131ftan ba\u015flamak \u00fczere ilk ve ortaokul \u00f6\u011frencilerinin \u00fccretsiz yararland\u0131\u011f\u0131 merkezlere bu e\u011fitim y\u0131l\u0131nda 676 \u00f6\u011frenci devam ediyor. Son iki y\u0131lda destek e\u011fitim merkezleriyle liselere ge\u00e7i\u015f s\u0131nav\u0131na haz\u0131rlanan \u00f6\u011frencilerin hepsi \u2018nitelikli lise\u2019 olarak belirlenen okullara yerle\u015fme ba\u015far\u0131s\u0131 g\u00f6sterdi.<\/p>\n\n\n\n<p>Muratpa\u015fa Belediyesi \/ B\u00fclten<\/p>\n","protected":false},"excerpt":{"rendered":"<p>Antalya\u2019da Muratpa\u015fa Belediyesi\u2019nin Gen\u00e7lik E\u011fitim Merkezi (MURGEM) ve Destek E\u011fitim Merkezleri yar\u0131y\u0131l tatilinde de \u00f6\u011frencileri yaln\u0131z b\u0131rakmayacak. Muratpa\u015fa\u2019n\u0131n e\u011fitim kurumlar\u0131nda tatilin ilk haftas\u0131 \u00f6\u011fretmenler e\u015fli\u011finde <a href=\"https:\/\/akdenizhaber.com.tr\/index.php\/2024\/01\/17\/muratpasa-tatilde-de-ogrencilerin-elini-birakmayacak\/\" class=\"read-more-link\">[more&#8230;]<\/a><\/p>\n","protected":false},"author":2,"featured_media":19734,"comment_status":"open","ping_status":"open","sticky":false,"template":"","format":"standard","meta":{"footnotes":""},"categories":[2],"tags":[],"class_list":["post-19733","post","type-post","status-publish","format-standard","has-post-thumbnail","hentry","category-gundem"],"_links":{"self":[{"href":"https:\/\/akdenizhaber.com.tr\/index.php\/wp-json\/wp\/v2\/posts\/19733","targetHints":{"allow":["GET"]}}],"collection":[{"href":"https:\/\/akdenizhaber.com.tr\/index.php\/wp-json\/wp\/v2\/posts"}],"about":[{"href":"https:\/\/akdenizhaber.com.tr\/index.php\/wp-json\/wp\/v2\/types\/post"}],"author":[{"embeddable":true,"href":"https:\/\/akdenizhaber.com.tr\/index.php\/wp-json\/wp\/v2\/users\/2"}],"replies":[{"embeddable":true,"href":"https:\/\/akdenizhaber.com.tr\/index.php\/wp-json\/wp\/v2\/comments?post=19733"}],"version-history":[{"count":0,"href":"https:\/\/akdenizhaber.com.tr\/index.php\/wp-json\/wp\/v2\/posts\/19733\/revisions"}],"wp:featuredmedia":[{"embeddable":true,"href":"https:\/\/akdenizhaber.com.tr\/index.php\/wp-json\/wp\/v2\/media\/19734"}],"wp:attachment":[{"href":"https:\/\/akdenizhaber.com.tr\/index.php\/wp-json\/wp\/v2\/media?parent=19733"}],"wp:term":[{"taxonomy":"category","embeddable":true,"href":"https:\/\/akdenizhaber.com.tr\/index.php\/wp-json\/wp\/v2\/categories?post=19733"},{"taxonomy":"post_tag","embeddable":true,"href":"https:\/\/akdenizhaber.com.tr\/index.php\/wp-json\/wp\/v2\/tags?post=19733"}],"curies":[{"name":"wp","href":"https:\/\/api.w.org\/{rel}","templated":true}]}}