{"id":19695,"date":"2024-01-16T12:42:45","date_gmt":"2024-01-16T09:42:45","guid":{"rendered":"https:\/\/akdenizhaber.com.tr\/?p=19695"},"modified":"2024-01-16T12:42:45","modified_gmt":"2024-01-16T09:42:45","slug":"buyuksehir-belediyesinin-ciftciye-destegi-suruyor","status":"publish","type":"post","link":"https:\/\/akdenizhaber.com.tr\/index.php\/2024\/01\/16\/buyuksehir-belediyesinin-ciftciye-destegi-suruyor\/","title":{"rendered":"B\u00fcy\u00fck\u015fehir Belediyesi\u2019nin \u00e7ift\u00e7iye deste\u011fi s\u00fcr\u00fcyor"},"content":{"rendered":"\n<p>Antalya B\u00fcy\u00fck\u015fehir Belediyesi, D\u00f6\u015femealt\u0131 Kovanl\u0131k Mahallesi\u2019nde, \u00e7ift\u00e7ilere, zirai ila\u00e7 hibe deste\u011finde bulundu. Ge\u00e7imini tar\u0131mla sa\u011flayan yerel halka, zirai ila\u00e7 olan \u201cbordo bulamac\u0131\u201d hibesi yap\u0131ld\u0131.<\/p>\n\n\n\n<p>Antalya B\u00fcy\u00fck\u015fehir Belediyesi, yerelden kalk\u0131nma projeleri kapsam\u0131nda, tar\u0131ma ve \u00e7ift\u00e7iye olan deste\u011fini s\u00fcrd\u00fcr\u00fcyor. Bu kapsamda, Antalya B\u00fcy\u00fck\u015fehir Belediyesi Tar\u0131msal Hizmetler Dairesi Ba\u015fkanl\u0131\u011f\u0131 ekipleri D\u00f6\u015femealt\u0131 il\u00e7esine ba\u011fl\u0131 Kovanl\u0131k Mahallesi\u2019nde, ge\u00e7imini tar\u0131mla sa\u011flayan yerel halka, zirai ila\u00e7 olan \u201cbordo bulamac\u0131\u201d hibesi yapt\u0131. Kovanl\u0131k Mahallesi\u2019ndeki \u00e7ift\u00e7ilere 1500 dekarl\u0131k alan i\u00e7in 200 paket bordo bulamac\u0131 da\u011f\u0131t\u0131ld\u0131. Bakteriyel ve fungal hastal\u0131klara kar\u015f\u0131 \u00f6nlem olarak kullan\u0131lan \u201cbordo bulamac\u0131n\u0131\u201d, Kovanl\u0131k Mahallesi \u00e7ift\u00e7ileri, zeytin a\u011fa\u00e7lar\u0131nda kullanacak. Zeytin hasad\u0131ndan sonra, ilkbahar aylar\u0131nda kullan\u0131m\u0131 yap\u0131lan bordo bulamac\u0131 yeni sezon \u00f6ncesi a\u011fa\u00e7lara koruma sa\u011flam\u0131\u015f oluyor. Bordo bulamac\u0131 verimin d\u00fc\u015fmesine sebep olan bakteri ve fungal hastal\u0131klara kar\u015f\u0131 a\u011fac\u0131 koruyor.<\/p>\n\n\n\n<p>EKONOM\u0130K ZARARIN \u00d6N\u00dcNE GE\u00c7\u0130LECEK<\/p>\n\n\n\n<p>Antalya B\u00fcy\u00fck\u015fehir Belediyesi Tar\u0131msal Hizmetler Dairesi Ba\u015fkanl\u0131\u011f\u0131 g\u00f6revlisi Mehmet \u00d6zer, \u201cB\u00fcy\u00fck\u015fehir Belediyesi olarak ekonomimizin temellerinden birini olu\u015fturan tar\u0131ma olan deste\u011fimizi s\u00fcr\u00fcyor. Bu nedenle Kovanl\u0131k Mahallesi\u2019ndeki \u00e7ift\u00e7ilerimize bordo bulamac\u0131 hibesi deste\u011finde bulunduk. Bu ila\u00e7 kullan\u0131lmad\u0131\u011f\u0131 zaman a\u011fa\u00e7lar zarar g\u00f6r\u00fcyor ve bu da ekonomik kayba neden oluyor\u201d diye konu\u015ftu.<\/p>\n\n\n\n<p>BA\u015eKAN\u2019A TE\u015eEKK\u00dcR<\/p>\n\n\n\n<p>Kovanl\u0131k Mahalle Muhtar\u0131 Naz\u0131m Do\u011fan, \u201cZeytin a\u011fa\u00e7lar\u0131m\u0131za b\u00fcy\u00fck zarar\u0131 olan bakterileri yok edebilmemiz i\u00e7in bu ila\u00e7 \u00e7ok \u00f6nemliydi. B\u00fcy\u00fck\u015fehir Belediyesi biz \u00e7ift\u00e7ilere s\u0131k s\u0131k yard\u0131mc\u0131 oluyor, \u00fcretime katk\u0131 sa\u011fl\u0131yor. Ba\u015fkan\u0131m\u0131z Muhittin B\u00f6cek\u2019e bize sa\u011flad\u0131\u011f\u0131 desteklerden dolay\u0131 kendim ve mahalle sakinleri ad\u0131na \u00e7ok te\u015fekk\u00fcr ediyorum\u201d dedi.<\/p>\n\n\n\n<p>\u00dcCRETS\u0130Z SAH\u0130P OLDUK<\/p>\n\n\n\n<p>Kovanl\u0131k Mahallesi\u2019nde \u00e7ift\u00e7ilik yapan \u0130lyas Irmak, \u201c400 a\u011fac\u0131m var. Bunlar\u0131n ila\u00e7lanmas\u0131 i\u00e7in Belediyemiz bize destekte bulundu. Bu ila\u00e7 bizim s\u00fcrekli atmam\u0131z gereken bir ila\u00e7, bu maliyetli ilaca \u00fccretsiz \u015fekilde sahip olmam\u0131z bizi \u00e7ok sevindirdi. Antalya B\u00fcy\u00fck\u015fehir Belediyesi\u2019ne \u00e7ok te\u015fekk\u00fcr ederim\u201d ifadelerinde bulundu.<\/p>\n\n\n\n<p>Antalya B\u00fcy\u00fck\u015fehir Belediyesi \/ B\u00fclten<\/p>\n","protected":false},"excerpt":{"rendered":"<p>Antalya B\u00fcy\u00fck\u015fehir Belediyesi, D\u00f6\u015femealt\u0131 Kovanl\u0131k Mahallesi\u2019nde, \u00e7ift\u00e7ilere, zirai ila\u00e7 hibe deste\u011finde bulundu. Ge\u00e7imini tar\u0131mla sa\u011flayan yerel halka, zirai ila\u00e7 olan \u201cbordo bulamac\u0131\u201d hibesi yap\u0131ld\u0131. Antalya <a href=\"https:\/\/akdenizhaber.com.tr\/index.php\/2024\/01\/16\/buyuksehir-belediyesinin-ciftciye-destegi-suruyor\/\" class=\"read-more-link\">[more&#8230;]<\/a><\/p>\n","protected":false},"author":2,"featured_media":19696,"comment_status":"open","ping_status":"open","sticky":false,"template":"","format":"standard","meta":{"footnotes":""},"categories":[2],"tags":[],"class_list":["post-19695","post","type-post","status-publish","format-standard","has-post-thumbnail","hentry","category-gundem"],"_links":{"self":[{"href":"https:\/\/akdenizhaber.com.tr\/index.php\/wp-json\/wp\/v2\/posts\/19695","targetHints":{"allow":["GET"]}}],"collection":[{"href":"https:\/\/akdenizhaber.com.tr\/index.php\/wp-json\/wp\/v2\/posts"}],"about":[{"href":"https:\/\/akdenizhaber.com.tr\/index.php\/wp-json\/wp\/v2\/types\/post"}],"author":[{"embeddable":true,"href":"https:\/\/akdenizhaber.com.tr\/index.php\/wp-json\/wp\/v2\/users\/2"}],"replies":[{"embeddable":true,"href":"https:\/\/akdenizhaber.com.tr\/index.php\/wp-json\/wp\/v2\/comments?post=19695"}],"version-history":[{"count":0,"href":"https:\/\/akdenizhaber.com.tr\/index.php\/wp-json\/wp\/v2\/posts\/19695\/revisions"}],"wp:featuredmedia":[{"embeddable":true,"href":"https:\/\/akdenizhaber.com.tr\/index.php\/wp-json\/wp\/v2\/media\/19696"}],"wp:attachment":[{"href":"https:\/\/akdenizhaber.com.tr\/index.php\/wp-json\/wp\/v2\/media?parent=19695"}],"wp:term":[{"taxonomy":"category","embeddable":true,"href":"https:\/\/akdenizhaber.com.tr\/index.php\/wp-json\/wp\/v2\/categories?post=19695"},{"taxonomy":"post_tag","embeddable":true,"href":"https:\/\/akdenizhaber.com.tr\/index.php\/wp-json\/wp\/v2\/tags?post=19695"}],"curies":[{"name":"wp","href":"https:\/\/api.w.org\/{rel}","templated":true}]}}