{"id":19683,"date":"2024-01-15T13:26:19","date_gmt":"2024-01-15T10:26:19","guid":{"rendered":"https:\/\/akdenizhaber.com.tr\/?p=19683"},"modified":"2024-01-15T13:26:19","modified_gmt":"2024-01-15T10:26:19","slug":"emniyetten-kades-bilgilendirmesi","status":"publish","type":"post","link":"https:\/\/akdenizhaber.com.tr\/index.php\/2024\/01\/15\/emniyetten-kades-bilgilendirmesi\/","title":{"rendered":"Emniyetten KADES Bilgilendirmesi"},"content":{"rendered":"\n<p><\/p>\n\n\n\n<p>Aile \u0130\u00e7i ve Kad\u0131na Kar\u015f\u0131 \u015eiddetin \u00d6nlenmesi ve Fark\u0131ndal\u0131k Kapsam\u0131nda Bro\u015f\u00fcrler Da\u011f\u0131t\u0131ld\u0131.<\/p>\n\n\n\n<p>Manavgat \u0130l\u00e7e Emniyet M\u00fcd\u00fcrl\u00fc\u011f\u00fc ilgili b\u00fcro ekipleri Aile i\u00e7i ve Kad\u0131na \u015eiddetle M\u00fccadele hakk\u0131nda fark\u0131ndal\u0131k olu\u015fturmak amac\u0131yla k\u0131sa ad\u0131 KADES olan (Kad\u0131n Acil Destek Uygulamas\u0131) hakk\u0131nda bilgilendirme \u00e7al\u0131\u015fmalar\u0131na devam ediyor.<\/p>\n\n\n\n<p>KADES uygulamas\u0131n\u0131n tan\u0131t\u0131lmas\u0131 ve kullan\u0131m\u0131n\u0131n yayg\u0131nla\u015ft\u0131r\u0131lmas\u0131, kamu g\u00fcvenli\u011finin korunmas\u0131, toplumun su\u00e7lara kar\u015f\u0131 duyarl\u0131l\u0131\u011f\u0131n\u0131n ve fark\u0131ndal\u0131\u011f\u0131n\u0131n artt\u0131r\u0131lmas\u0131 amac\u0131yla, pazar yerleri, al\u0131\u015fveri\u015f merkezleri, hastaneler, parklar ve halk\u0131n yo\u011fun olarak bulundu\u011fu yerlerde \u201cKADES\u201d uygulamas\u0131 ile ilgili bro\u015f\u00fcrler da\u011f\u0131t\u0131larak saha \u00e7al\u0131\u015fmas\u0131 yap\u0131l\u0131yor.<\/p>\n\n\n\n<p>KADES uygulamas\u0131, son y\u0131llarda giderek artan kad\u0131na \u015fiddet olaylar\u0131n\u0131n \u00f6n\u00fcne ge\u00e7ebilmek ve kad\u0131nlara yard\u0131m edebilmek amac\u0131yla Emniyet Genel M\u00fcd\u00fcrl\u00fc\u011f\u00fc taraf\u0131ndan haz\u0131rlanm\u0131\u015f, kad\u0131nlar\u0131n ve \u00e7ocuklar\u0131n maruz kald\u0131\u011f\u0131 \u015fiddet, taciz gibi k\u00f6t\u00fc eylemleri engellemek ad\u0131na kullan\u0131c\u0131lara sunulmu\u015f resmi bir uygulamad\u0131r.<\/p>\n\n\n\n<p>(Haber Merkezi)<\/p>\n","protected":false},"excerpt":{"rendered":"<p>Aile \u0130\u00e7i ve Kad\u0131na Kar\u015f\u0131 \u015eiddetin \u00d6nlenmesi ve Fark\u0131ndal\u0131k Kapsam\u0131nda Bro\u015f\u00fcrler Da\u011f\u0131t\u0131ld\u0131. Manavgat \u0130l\u00e7e Emniyet M\u00fcd\u00fcrl\u00fc\u011f\u00fc ilgili b\u00fcro ekipleri Aile i\u00e7i ve Kad\u0131na \u015eiddetle M\u00fccadele <a href=\"https:\/\/akdenizhaber.com.tr\/index.php\/2024\/01\/15\/emniyetten-kades-bilgilendirmesi\/\" class=\"read-more-link\">[more&#8230;]<\/a><\/p>\n","protected":false},"author":2,"featured_media":19684,"comment_status":"open","ping_status":"open","sticky":false,"template":"","format":"standard","meta":{"footnotes":""},"categories":[2],"tags":[],"class_list":["post-19683","post","type-post","status-publish","format-standard","has-post-thumbnail","hentry","category-gundem"],"_links":{"self":[{"href":"https:\/\/akdenizhaber.com.tr\/index.php\/wp-json\/wp\/v2\/posts\/19683","targetHints":{"allow":["GET"]}}],"collection":[{"href":"https:\/\/akdenizhaber.com.tr\/index.php\/wp-json\/wp\/v2\/posts"}],"about":[{"href":"https:\/\/akdenizhaber.com.tr\/index.php\/wp-json\/wp\/v2\/types\/post"}],"author":[{"embeddable":true,"href":"https:\/\/akdenizhaber.com.tr\/index.php\/wp-json\/wp\/v2\/users\/2"}],"replies":[{"embeddable":true,"href":"https:\/\/akdenizhaber.com.tr\/index.php\/wp-json\/wp\/v2\/comments?post=19683"}],"version-history":[{"count":0,"href":"https:\/\/akdenizhaber.com.tr\/index.php\/wp-json\/wp\/v2\/posts\/19683\/revisions"}],"wp:featuredmedia":[{"embeddable":true,"href":"https:\/\/akdenizhaber.com.tr\/index.php\/wp-json\/wp\/v2\/media\/19684"}],"wp:attachment":[{"href":"https:\/\/akdenizhaber.com.tr\/index.php\/wp-json\/wp\/v2\/media?parent=19683"}],"wp:term":[{"taxonomy":"category","embeddable":true,"href":"https:\/\/akdenizhaber.com.tr\/index.php\/wp-json\/wp\/v2\/categories?post=19683"},{"taxonomy":"post_tag","embeddable":true,"href":"https:\/\/akdenizhaber.com.tr\/index.php\/wp-json\/wp\/v2\/tags?post=19683"}],"curies":[{"name":"wp","href":"https:\/\/api.w.org\/{rel}","templated":true}]}}