{"id":19677,"date":"2024-01-15T12:10:54","date_gmt":"2024-01-15T09:10:54","guid":{"rendered":"https:\/\/akdenizhaber.com.tr\/?p=19677"},"modified":"2024-01-15T12:10:54","modified_gmt":"2024-01-15T09:10:54","slug":"manavgatta-uc-mahalleye-orman-yangini-egitimi","status":"publish","type":"post","link":"https:\/\/akdenizhaber.com.tr\/index.php\/2024\/01\/15\/manavgatta-uc-mahalleye-orman-yangini-egitimi\/","title":{"rendered":"Manavgat\u2019ta \u00fc\u00e7 mahalleye orman yang\u0131n\u0131 e\u011fitimi"},"content":{"rendered":"\n<p>Antalya B\u00fcy\u00fck\u015fehir Belediyesi, Manavgat K\u0131rkkavak, \u00c7altepe ve De\u011firmen\u00f6z\u00fc mahalleleri sakinlerine \u201cOrman Yang\u0131n\u0131yla M\u00fccadele\u201d e\u011fitimi verdi.<\/p>\n\n\n\n<p>Antalya B\u00fcy\u00fck\u015fehir Belediyesi\u2019nin, T\u00fcrkiye Cumhuriyeti tarihinin en b\u00fcy\u00fck orman yang\u0131n\u0131 olarak kabul edilen 2021 y\u0131l\u0131ndaki Manavgat yang\u0131n\u0131ndan sonra ba\u015flatt\u0131\u011f\u0131, vatanda\u015flar\u0131 orman yang\u0131nlar\u0131yla ilgili bilin\u00e7lendirme e\u011fitimleri devam ediyor. B\u00fcy\u00fck Manavgat yang\u0131n\u0131n\u0131n ard\u0131ndan Antalya B\u00fcy\u00fck\u015fehir Belediyesi ve T\u00fcrkiye Ormanc\u0131lar Derne\u011fi (TOD) aras\u0131nda yap\u0131lan \u201cOrman Yang\u0131nlar\u0131n\u0131n \u00d6nlenmesine Y\u00f6nelik \u00c7al\u0131\u015fmalar\u201d i\u015f birli\u011fi protokol\u00fc \u00e7er\u00e7evesinde orman k\u00f6ylerindeki vatanda\u015flara orman ve di\u011fer a\u00e7\u0131k alan yang\u0131nlar\u0131 ile ilgili bilgilendirme ve bilin\u00e7lendirme yap\u0131l\u0131yor. Protokol kapsam\u0131nda ilk e\u011fitimi Manavgat\u2019\u0131n Ahmetler Mahallesi\u2019nde, ikinci e\u011fitim ise Kumluca\u2019ya ba\u011fl\u0131 G\u00f6kb\u00fck Mahallesi\u2019nde yapan Antalya B\u00fcy\u00fck\u015fehir Belediyesi, \u00e7al\u0131\u015fmalar\u0131n 3. etab\u0131n\u0131 Manavgat K\u0131rkkavak, \u00c7altepe ve De\u011firmen\u00f6z\u00fc mahallelerinde s\u00fcrd\u00fcrd\u00fc.<\/p>\n\n\n\n<p>HALKIN HAZIRLIKLI OLMASI AMA\u00c7LANIYOR<\/p>\n\n\n\n<p>E\u011fitimde yang\u0131n\u0131 s\u00f6nd\u00fcrmek kadar yang\u0131n \u00f6ncesi yap\u0131lacak \u00f6nleme \u00e7al\u0131\u015fmalar\u0131n\u0131n da b\u00fcy\u00fck \u00f6nem ta\u015f\u0131d\u0131\u011f\u0131 vurgulan\u0131rken, yang\u0131nlar\u0131n yerle\u015fim yerlerine s\u0131\u00e7ramamas\u0131 i\u00e7in al\u0131nmas\u0131 gereken ve yang\u0131nlarla m\u00fccadelede etkili y\u00f6ntemler anlat\u0131ld\u0131. Yang\u0131nlar\u0131n yerle\u015fim yerlerine zarar vermeden kontrol alt\u0131na al\u0131nabilmesi i\u00e7in mahalle sakinleriyle yap\u0131lan fikir al\u0131\u015fveri\u015fi ve verilen e\u011fitimler ile gelecekteki yang\u0131n felaketlerine kar\u015f\u0131 daha haz\u0131rl\u0131kl\u0131 olunmas\u0131 hedefleniyor.<\/p>\n\n\n\n<p>E\u011e\u0130T\u0130MLER DEVAM EDECEK<\/p>\n\n\n\n<p>Antalya B\u00fcy\u00fck\u015fehir Belediyesi \u0130tfaiye Dairesi Ba\u015fkanl\u0131\u011f\u0131\u2019nda g\u00f6revli itfaiye eri Kutluay Galip Kaya, \u201cYerel halk\u0131 bilin\u00e7lendirmeden yang\u0131nlar\u0131n \u00f6nlenmesi kolay de\u011fil. Burada vatanda\u015flar\u0131m\u0131za orman yang\u0131nlar\u0131n\u0131, orman yang\u0131nlar\u0131n\u0131n risklerini, yang\u0131nlar\u0131n \u00f6ncesinde, sonras\u0131nda ve yang\u0131n esnas\u0131nda ne yap\u0131lmas\u0131n\u0131 gerekti\u011fini anlatt\u0131k. \u00d6zellikle de yang\u0131nlar\u0131n b\u00fcy\u00fcmesini istemiyorsak, evlerimizin \u00e7evresini temiz tutmam\u0131z gerekti\u011finden bahsettik. Bu e\u011fitimlere devam ederek halk\u0131m\u0131z\u0131 bilin\u00e7lendirmeye devam edece\u011fiz\u201d dedi.<\/p>\n\n\n\n<p>Antalya B\u00fcy\u00fck\u015fehir Belediyesi \/ B\u00fclten<\/p>\n","protected":false},"excerpt":{"rendered":"<p>Antalya B\u00fcy\u00fck\u015fehir Belediyesi, Manavgat K\u0131rkkavak, \u00c7altepe ve De\u011firmen\u00f6z\u00fc mahalleleri sakinlerine \u201cOrman Yang\u0131n\u0131yla M\u00fccadele\u201d e\u011fitimi verdi. Antalya B\u00fcy\u00fck\u015fehir Belediyesi\u2019nin, T\u00fcrkiye Cumhuriyeti tarihinin en b\u00fcy\u00fck orman yang\u0131n\u0131 <a href=\"https:\/\/akdenizhaber.com.tr\/index.php\/2024\/01\/15\/manavgatta-uc-mahalleye-orman-yangini-egitimi\/\" class=\"read-more-link\">[more&#8230;]<\/a><\/p>\n","protected":false},"author":2,"featured_media":19678,"comment_status":"open","ping_status":"open","sticky":false,"template":"","format":"standard","meta":{"footnotes":""},"categories":[2],"tags":[],"class_list":["post-19677","post","type-post","status-publish","format-standard","has-post-thumbnail","hentry","category-gundem"],"_links":{"self":[{"href":"https:\/\/akdenizhaber.com.tr\/index.php\/wp-json\/wp\/v2\/posts\/19677","targetHints":{"allow":["GET"]}}],"collection":[{"href":"https:\/\/akdenizhaber.com.tr\/index.php\/wp-json\/wp\/v2\/posts"}],"about":[{"href":"https:\/\/akdenizhaber.com.tr\/index.php\/wp-json\/wp\/v2\/types\/post"}],"author":[{"embeddable":true,"href":"https:\/\/akdenizhaber.com.tr\/index.php\/wp-json\/wp\/v2\/users\/2"}],"replies":[{"embeddable":true,"href":"https:\/\/akdenizhaber.com.tr\/index.php\/wp-json\/wp\/v2\/comments?post=19677"}],"version-history":[{"count":0,"href":"https:\/\/akdenizhaber.com.tr\/index.php\/wp-json\/wp\/v2\/posts\/19677\/revisions"}],"wp:featuredmedia":[{"embeddable":true,"href":"https:\/\/akdenizhaber.com.tr\/index.php\/wp-json\/wp\/v2\/media\/19678"}],"wp:attachment":[{"href":"https:\/\/akdenizhaber.com.tr\/index.php\/wp-json\/wp\/v2\/media?parent=19677"}],"wp:term":[{"taxonomy":"category","embeddable":true,"href":"https:\/\/akdenizhaber.com.tr\/index.php\/wp-json\/wp\/v2\/categories?post=19677"},{"taxonomy":"post_tag","embeddable":true,"href":"https:\/\/akdenizhaber.com.tr\/index.php\/wp-json\/wp\/v2\/tags?post=19677"}],"curies":[{"name":"wp","href":"https:\/\/api.w.org\/{rel}","templated":true}]}}