{"id":19672,"date":"2024-01-15T12:08:44","date_gmt":"2024-01-15T09:08:44","guid":{"rendered":"https:\/\/akdenizhaber.com.tr\/?p=19672"},"modified":"2024-01-15T12:08:45","modified_gmt":"2024-01-15T09:08:45","slug":"pazarci-esnafi-chpnin-baskan-adayini-dr-niyazi-nefi-karayi-bagrina-basti","status":"publish","type":"post","link":"https:\/\/akdenizhaber.com.tr\/index.php\/2024\/01\/15\/pazarci-esnafi-chpnin-baskan-adayini-dr-niyazi-nefi-karayi-bagrina-basti\/","title":{"rendered":"Pazarc\u0131 esnaf\u0131 CHP&#8217;nin\u00a0 Ba\u015fkan\u00a0 Aday\u0131n\u0131 Dr. Niyazi Nefi Kara&#8217;y\u0131 ba\u011fr\u0131na bast\u0131"},"content":{"rendered":"\n<p>Cumhuriyet Halk Partisi(CHP) Manavgat Belediye Ba\u015fkan\u0131 Aday\u0131 Op. Dr. Niyazi Nefi Kara, Yayla Pazar\u0131&#8217;nda kurulan semt pazar\u0131n\u0131 ziyaret ederek pazarc\u0131 esnaf\u0131 ile hasbihal etti. Dr. Niyazi Nefi Karara&#8217;ya CHP Antalya Milletvekili Av. Aliye Co\u015far , il\u00e7e Ba\u015fkan\u0131 Oykun Ba\u015far, \u0130l\u00e7e Gen\u00e7lik ve \u0130l\u00e7e Gen\u00e7lik Kollar\u0131 ile Belediye Meclis \u00fcyeleri kat\u0131ld\u0131.<\/p>\n\n\n\n<p>CHP Manavgat Belediye Ba\u015fkan\u0131 Dr. Niyazi Nefi Kara, pazarc\u0131 esnaf\u0131na kazanc\u0131n\u0131n bol ve bereketli olsun dile\u011fini ileterek pazarc\u0131larla sar\u0131larak hasret giderdi. \u0130l\u00e7e Ba\u015fkan\u0131 Oykun Ba\u015far da 31 Mart 2024 Belediye Ba\u015fkanl\u0131\u011f\u0131 se\u00e7iminde partimizin belediye ba\u015fkan\u0131 aday\u0131 halk\u0131n sevgisini kazanm\u0131\u015f &#8221; halk\u0131n doktoru&#8221; eski milletvekilimiz Beyin Cerrah\u0131 Op. Dr. Niyazi Nefi Kara diyerek pazarc\u0131 esnaf\u0131na takdim etti.<\/p>\n\n\n\n<p>\u0130l\u00e7e Ba\u015fkan\u0131 Oykun Ba\u015far, &#8221; \u00dcyelerimiz ile birlikte Yayla Mahallesinde kurulan Cuma Pazar\u0131n\u0131 ziyaret ederek pazarc\u0131 esnaf\u0131m\u0131z ve vatanda\u015flar\u0131m\u0131zla bulu\u015ftuk. Bizleri g\u00fcler y\u00fczle kar\u015f\u0131layan, y\u00fcre\u011fimizi \u0131s\u0131tan samimiyetleri ile desteklerini esirgemeyen pazarc\u0131 esnaflar\u0131m\u0131za ve halk\u0131m\u0131za te\u015fekk\u00fcr ediyoruz. Pazarc\u0131 esnaf\u0131n\u0131n partimizin belediye ba\u015fkan\u0131 aday\u0131 Dr. Niyazi Nefi Kara&#8217;y\u0131 ve partililerimizi ba\u011fr\u0131na bast\u0131\u011f\u0131 i\u00e7in te\u015fekk\u00fcr\u00fc bir bor\u00e7 biliyorum. \u00dclkemizin i\u00e7inde bulundu\u011fu ekonomik zorluklarla m\u00fccadele eden halk\u0131m\u0131z\u0131n yan\u0131nda olmaya, Manavgat\u2019\u0131m\u0131zda sosyal belediyecilik anlay\u0131\u015f\u0131n\u0131n ve insan odakl\u0131 \u00e7al\u0131\u015fmalar\u0131n devam etmesi i\u00e7in var g\u00fcc\u00fcm\u00fczle \u00e7al\u0131\u015fmaya devam edece\u011finden kimsenin \u015f\u00fcphesi olmas\u0131n. &#8221; dedi.<\/p>\n\n\n\n<p>Abdurrahman B\u00fcy\u00fckkeskin\/Haber<\/p>\n","protected":false},"excerpt":{"rendered":"<p>Cumhuriyet Halk Partisi(CHP) Manavgat Belediye Ba\u015fkan\u0131 Aday\u0131 Op. Dr. Niyazi Nefi Kara, Yayla Pazar\u0131&#8217;nda kurulan semt pazar\u0131n\u0131 ziyaret ederek pazarc\u0131 esnaf\u0131 ile hasbihal etti. Dr. <a href=\"https:\/\/akdenizhaber.com.tr\/index.php\/2024\/01\/15\/pazarci-esnafi-chpnin-baskan-adayini-dr-niyazi-nefi-karayi-bagrina-basti\/\" class=\"read-more-link\">[more&#8230;]<\/a><\/p>\n","protected":false},"author":2,"featured_media":19673,"comment_status":"open","ping_status":"open","sticky":false,"template":"","format":"standard","meta":{"footnotes":""},"categories":[2],"tags":[],"class_list":["post-19672","post","type-post","status-publish","format-standard","has-post-thumbnail","hentry","category-gundem"],"_links":{"self":[{"href":"https:\/\/akdenizhaber.com.tr\/index.php\/wp-json\/wp\/v2\/posts\/19672","targetHints":{"allow":["GET"]}}],"collection":[{"href":"https:\/\/akdenizhaber.com.tr\/index.php\/wp-json\/wp\/v2\/posts"}],"about":[{"href":"https:\/\/akdenizhaber.com.tr\/index.php\/wp-json\/wp\/v2\/types\/post"}],"author":[{"embeddable":true,"href":"https:\/\/akdenizhaber.com.tr\/index.php\/wp-json\/wp\/v2\/users\/2"}],"replies":[{"embeddable":true,"href":"https:\/\/akdenizhaber.com.tr\/index.php\/wp-json\/wp\/v2\/comments?post=19672"}],"version-history":[{"count":0,"href":"https:\/\/akdenizhaber.com.tr\/index.php\/wp-json\/wp\/v2\/posts\/19672\/revisions"}],"wp:featuredmedia":[{"embeddable":true,"href":"https:\/\/akdenizhaber.com.tr\/index.php\/wp-json\/wp\/v2\/media\/19673"}],"wp:attachment":[{"href":"https:\/\/akdenizhaber.com.tr\/index.php\/wp-json\/wp\/v2\/media?parent=19672"}],"wp:term":[{"taxonomy":"category","embeddable":true,"href":"https:\/\/akdenizhaber.com.tr\/index.php\/wp-json\/wp\/v2\/categories?post=19672"},{"taxonomy":"post_tag","embeddable":true,"href":"https:\/\/akdenizhaber.com.tr\/index.php\/wp-json\/wp\/v2\/tags?post=19672"}],"curies":[{"name":"wp","href":"https:\/\/api.w.org\/{rel}","templated":true}]}}