{"id":19669,"date":"2024-01-15T12:08:06","date_gmt":"2024-01-15T09:08:06","guid":{"rendered":"https:\/\/akdenizhaber.com.tr\/?p=19669"},"modified":"2024-01-15T12:08:06","modified_gmt":"2024-01-15T09:08:06","slug":"mehmet-gayretli-israil-gucten-anlar-mehmetcik-acil-gazzeye-ayak-basmali","status":"publish","type":"post","link":"https:\/\/akdenizhaber.com.tr\/index.php\/2024\/01\/15\/mehmet-gayretli-israil-gucten-anlar-mehmetcik-acil-gazzeye-ayak-basmali\/","title":{"rendered":"Mehmet Gayretli: \u0130srail g\u00fc\u00e7ten anlar Mehmet\u00e7ik acil Gazze&#8217;ye ayak basmal\u0131!"},"content":{"rendered":"\n<p>Anadolu Gen\u00e7lik Derne\u011fi(AGD),Saadet Partisi(SP) ve Kud\u00fcs Platformu Antalya&#8217;n\u0131n Manavgat il\u00e7esi Cumhuriyet Meydan\u0131n&#8217;da bir araya gelerek \u0130srail&#8217;in Gazze&#8217;de 3 ay\u0131 ge\u00e7kin s\u00fcrede yapt\u0131\u011f\u0131 katliamlar\u0131 k\u0131nayarak lanetledi.<\/p>\n\n\n\n<p>\u0130srail&#8217;in d\u00fcnyan\u0131n g\u00f6z\u00fc \u00f6n\u00fcnde 3 ay\u0131 a\u015fk\u0131n s\u00fcredir \u0130srail&#8217;in Gazze&#8217;de yapt\u0131\u011f\u0131 insanl\u0131k d\u0131\u015f\u0131 katliamlar\u0131n da 10 bini bebek ve \u00e7ocu\u011fun at\u0131lan&nbsp; bombalar sonucunda y\u0131k\u0131lan binalar\u0131nda kalarak can verdi\u011fini belirten Manavgat Kud\u00fcs Platformu Ba\u015fkan\u0131 Mehmet Gayretli,&#8221;3 ay\u0131 ge\u00e7kin s\u00fcre i\u00e7inde 10 bini \u00e7ocuk ve bebek olmak \u00fczere yakla\u015f\u0131k 25 ki\u015fi hayat\u0131n\u0131 kaybetti. Katil \u0130srail Ba\u015fbakan\u0131 Binyamin Netenyahu ve Ordusu 3 ayd\u0131r Gazze&#8217;de insanl\u0131k su\u00e7u i\u015fliyor. Sadece \u00fc\u00e7 ay i\u00e7inde Gazze&#8217;de \u0130srail&#8217;in \u00f6ld\u00fcrd\u00fc\u011f\u00fc gazeteci say\u0131s\u0131 75&#8217;i ge\u00e7ti. \u0130srail Ordu Komutanlar\u0131&nbsp; ve Gazze Kasab\u0131 Ba\u015fbakan Binyamin Netenyahu sava\u015f su\u00e7u i\u015flemi\u015ftir. Acil \u0130nsanl\u0131\u011fa kar\u015f\u0131 i\u015flenen su\u00e7lardan LAHEY&#8217;de yarg\u0131lanmal\u0131d\u0131r. &#8220;dedi.<\/p>\n\n\n\n<p>SP Manavgat \u0130l\u00e7e Ba\u015fkan\u0131 \u0130lhami Demiral, \u0130srail&#8217;in anlad\u0131\u011f\u0131 dilin g\u00fc\u00e7 oldu\u011funu s\u00f6yledi.Bu ba\u011flamda T\u00fcrkiye&#8217;nin acil olarak Gazze&#8217;ye asker g\u00f6ndermesi gerekti\u011finin alt\u0131n\u0131 \u00e7izen SP Manavgat \u0130l\u00e7e Ba\u015fkan\u0131 \u0130lhami Demiral,&#8221; \u0130srail sadece g\u00fc\u00e7ten anlar. Mehmet\u00e7ik ivedilikle&nbsp; Gazze&#8217;ye gitmeli ve gereken dersi vermeli. Mehmet\u00e7ik Gazze&#8217;ye ayak bass\u0131n Netenyahu ve \u0130srail ordusu komuta kademesi&nbsp;&nbsp; Telaviv&#8217;de ka\u00e7acak delik arar. Kud\u00fcs ve Gazze konusunda hamasi nutuk yerine i\u015fin icras\u0131 yerine getirilerek Mehmet\u00e7ik Gazze&#8217;ye acilen ayak basmal\u0131.&#8221;<\/p>\n\n\n\n<p>Abdurrahman B\u00fcy\u00fckkeskin \/ Haber<\/p>\n","protected":false},"excerpt":{"rendered":"<p>Anadolu Gen\u00e7lik Derne\u011fi(AGD),Saadet Partisi(SP) ve Kud\u00fcs Platformu Antalya&#8217;n\u0131n Manavgat il\u00e7esi Cumhuriyet Meydan\u0131n&#8217;da bir araya gelerek \u0130srail&#8217;in Gazze&#8217;de 3 ay\u0131 ge\u00e7kin s\u00fcrede yapt\u0131\u011f\u0131 katliamlar\u0131 k\u0131nayarak lanetledi. <a href=\"https:\/\/akdenizhaber.com.tr\/index.php\/2024\/01\/15\/mehmet-gayretli-israil-gucten-anlar-mehmetcik-acil-gazzeye-ayak-basmali\/\" class=\"read-more-link\">[more&#8230;]<\/a><\/p>\n","protected":false},"author":2,"featured_media":19670,"comment_status":"open","ping_status":"open","sticky":false,"template":"","format":"standard","meta":{"footnotes":""},"categories":[2],"tags":[],"class_list":["post-19669","post","type-post","status-publish","format-standard","has-post-thumbnail","hentry","category-gundem"],"_links":{"self":[{"href":"https:\/\/akdenizhaber.com.tr\/index.php\/wp-json\/wp\/v2\/posts\/19669","targetHints":{"allow":["GET"]}}],"collection":[{"href":"https:\/\/akdenizhaber.com.tr\/index.php\/wp-json\/wp\/v2\/posts"}],"about":[{"href":"https:\/\/akdenizhaber.com.tr\/index.php\/wp-json\/wp\/v2\/types\/post"}],"author":[{"embeddable":true,"href":"https:\/\/akdenizhaber.com.tr\/index.php\/wp-json\/wp\/v2\/users\/2"}],"replies":[{"embeddable":true,"href":"https:\/\/akdenizhaber.com.tr\/index.php\/wp-json\/wp\/v2\/comments?post=19669"}],"version-history":[{"count":0,"href":"https:\/\/akdenizhaber.com.tr\/index.php\/wp-json\/wp\/v2\/posts\/19669\/revisions"}],"wp:featuredmedia":[{"embeddable":true,"href":"https:\/\/akdenizhaber.com.tr\/index.php\/wp-json\/wp\/v2\/media\/19670"}],"wp:attachment":[{"href":"https:\/\/akdenizhaber.com.tr\/index.php\/wp-json\/wp\/v2\/media?parent=19669"}],"wp:term":[{"taxonomy":"category","embeddable":true,"href":"https:\/\/akdenizhaber.com.tr\/index.php\/wp-json\/wp\/v2\/categories?post=19669"},{"taxonomy":"post_tag","embeddable":true,"href":"https:\/\/akdenizhaber.com.tr\/index.php\/wp-json\/wp\/v2\/tags?post=19669"}],"curies":[{"name":"wp","href":"https:\/\/api.w.org\/{rel}","templated":true}]}}