{"id":19659,"date":"2024-01-15T12:05:53","date_gmt":"2024-01-15T09:05:53","guid":{"rendered":"https:\/\/akdenizhaber.com.tr\/?p=19659"},"modified":"2024-01-15T12:05:53","modified_gmt":"2024-01-15T09:05:53","slug":"kibris-turkunun-milli-kahramanlari-antalyada-anildi","status":"publish","type":"post","link":"https:\/\/akdenizhaber.com.tr\/index.php\/2024\/01\/15\/kibris-turkunun-milli-kahramanlari-antalyada-anildi\/","title":{"rendered":"K\u0131br\u0131s T\u00fcrk\u00fc\u2019n\u00fcn Milli Kahramanlar\u0131 Antalya\u2019da An\u0131ld\u0131"},"content":{"rendered":"\n<p><br>Kuzey K\u0131br\u0131s T\u00fcrk Cumhuriyeti Kurucu Cumhurba\u015fkan\u0131 Rauf Denkta\u015f ve T\u00fcrk Mukavemet Te\u015fkilat\u0131 Lideri Dr. Faz\u0131l K\u00fc\u00e7\u00fck \u00f6l\u00fcm y\u0131l d\u00f6n\u00fcm\u00fc m\u00fcnasebetiyle Antalya\u2019da rahmet ve minnetle an\u0131ld\u0131.<\/p>\n\n\n\n<p><br>\u00d6mr\u00fcn\u00fc K\u0131br\u0131s T\u00fcrk\u2019\u00fcn\u00fcn varolu\u015f m\u00fccadelesine ve ba\u011f\u0131ms\u0131zl\u0131\u011f\u0131na adayan Kuzey K\u0131br\u0131s T\u00fcrk Cumhuriyeti Kurucu Cumhurba\u015fkan\u0131 Rauf Raif Denkta\u015f ve T\u00fcrk Mukavemet Te\u015fkilat\u0131 Lideri Dr. Faz\u0131l K\u00fc\u00e7\u00fck Antalya Muratpa\u015fa Belediyesi taraf\u0131ndan K\u0131br\u0131s \u015eehitleri Park\u0131\u2019nda d\u00fczenlenen t\u00f6renle an\u0131ld\u0131. T\u00f6rene Vali Hulusi \u015eahin, Muratpa\u015fa Belediye Ba\u015fkan Vekili Oya Kansu, Piyade E\u011fitim Tugay Komutan\u0131 Albay Mehmet Kayhan, KKTC Antalya Ba\u015fkolonsu Cem Top\u00e7u, sivil toplum kurulu\u015fu temsilcileri ve vatanda\u015flar kat\u0131ld\u0131.<\/p>\n\n\n\n<p><br>\u201cBu Topraklar \u0130\u00e7in Can Vermeye Haz\u0131r\u0131z\u201d<br>T\u00f6rende \u00fcst b\u00f6lgemize s\u0131zmaya \u00e7al\u0131\u015fan ter\u00f6ristlerle \u00e7\u0131kan \u00e7at\u0131\u015fmada \u015fehit olan askerlerimize rahmet dileyerek s\u00f6zlerine ba\u015flayan Vali Hulusi \u015eahin, \u2018Bayraklar\u0131 bayrak yapan \u00fcst\u00fcndeki kand\u0131r. Toprak e\u011fer u\u011frunda \u00f6len varsa vatand\u0131r\u2019 dizelerine vurgu yaparak \u201cBiz bu topraklar i\u00e7in kan d\u00f6kmeye, can vermeye haz\u0131r\u0131z.\u201d dedi.<\/p>\n\n\n\n<p><br>20. Y\u00fczy\u0131l\u0131n En B\u00fcy\u00fck Dava Adamlar\u0131<br>Rauf Denkta\u015f ve Dr. Faz\u0131l K\u00fc\u00e7\u00fck\u2019\u00fcn 20. y\u00fczy\u0131l\u0131n en b\u00fcy\u00fck dava adamlar\u0131 s\u0131ralamas\u0131nda yer almas\u0131 gerekti\u011fine de\u011finen Vali \u015eahin \u201cB\u00fcy\u00fck m\u00fctefekkir Nurettin Top\u00e7u diyor ki; \u2018B\u00fcy\u00fck mezarlar \u00fczerinde b\u00fcy\u00fck vatanlar vard\u0131r. B\u00fcy\u00fck \u00f6l\u00fcleri olmayan milletler ebedi kalamazlar.\u2019 Burada iki b\u00fcy\u00fck \u015fahsiyetin manevi huzurunday\u0131z. Onlar\u0131n m\u00fccadelesine \u015fahitlik ederek d\u00fcnya g\u00f6r\u00fc\u015f\u00fcm\u00fcz\u00fc milli duru\u015fumuzu olu\u015fturduk. O y\u00fczden onlar\u0131n m\u00fccadelesi \u00e7ok b\u00fcy\u00fck ve \u00f6nemli. &nbsp;Hem K\u0131br\u0131s T\u00fcrk\u00fc hem de T\u00fcrkiye, K\u0131br\u0131s davas\u0131n\u0131 kalbinden benimsemi\u015f ve bu dava u\u011frunda ne gerekirse yapmaya haz\u0131r.\u201d diye ifade etti.<\/p>\n\n\n\n<p><br>\u201cT\u00fcrkiye Cumhuriyeti ile KKTC, Atiye Do\u011fru Beraber Y\u00fcr\u00fcyor\u201d<br>T\u00fcrkiye Cumhuriyeti Devletinin KKTC\u2019nin tan\u0131nmas\u0131 i\u00e7in etti\u011fi m\u00fccadele de\u011finen Vali Hulusi \u015eahin, \u201cT\u00fcrkiye Cumhuriyeti ile KKTC, atiye do\u011fru beraber y\u00fcr\u00fcyor. B\u00fcy\u00fck insan Rauf Denkta\u015f ve Dr. Faz\u0131l K\u00fc\u00e7\u00fck ile T\u00fcrk Mukavemet Te\u015fkilat\u0131\u2019n\u0131n b\u00fcy\u00fck m\u00fccahitleri bu u\u011furda K\u0131br\u0131s T\u00fcrkl\u00fc\u011f\u00fc i\u00e7in m\u00fccadele etmi\u015flerdir. Bar\u0131\u015f harekat\u0131 \u015fehitlerimizin hepsini rahmetle an\u0131yorum. Ruhlar\u0131 \u015fad olsun. Milletimiz var olsun.\u201d dedi.<\/p>\n\n\n\n<p><br>Anma t\u00f6reni konu\u015fmalar\u0131n ard\u0131ndan yap\u0131lan dualarla sona erdi.<\/p>\n\n\n\n<p>Antalya Valili\u011fi \/ B\u00fclten<\/p>\n","protected":false},"excerpt":{"rendered":"<p>Kuzey K\u0131br\u0131s T\u00fcrk Cumhuriyeti Kurucu Cumhurba\u015fkan\u0131 Rauf Denkta\u015f ve T\u00fcrk Mukavemet Te\u015fkilat\u0131 Lideri Dr. Faz\u0131l K\u00fc\u00e7\u00fck \u00f6l\u00fcm y\u0131l d\u00f6n\u00fcm\u00fc m\u00fcnasebetiyle Antalya\u2019da rahmet ve minnetle an\u0131ld\u0131. <a href=\"https:\/\/akdenizhaber.com.tr\/index.php\/2024\/01\/15\/kibris-turkunun-milli-kahramanlari-antalyada-anildi\/\" class=\"read-more-link\">[more&#8230;]<\/a><\/p>\n","protected":false},"author":2,"featured_media":19660,"comment_status":"open","ping_status":"open","sticky":false,"template":"","format":"standard","meta":{"footnotes":""},"categories":[2],"tags":[],"class_list":["post-19659","post","type-post","status-publish","format-standard","has-post-thumbnail","hentry","category-gundem"],"_links":{"self":[{"href":"https:\/\/akdenizhaber.com.tr\/index.php\/wp-json\/wp\/v2\/posts\/19659","targetHints":{"allow":["GET"]}}],"collection":[{"href":"https:\/\/akdenizhaber.com.tr\/index.php\/wp-json\/wp\/v2\/posts"}],"about":[{"href":"https:\/\/akdenizhaber.com.tr\/index.php\/wp-json\/wp\/v2\/types\/post"}],"author":[{"embeddable":true,"href":"https:\/\/akdenizhaber.com.tr\/index.php\/wp-json\/wp\/v2\/users\/2"}],"replies":[{"embeddable":true,"href":"https:\/\/akdenizhaber.com.tr\/index.php\/wp-json\/wp\/v2\/comments?post=19659"}],"version-history":[{"count":0,"href":"https:\/\/akdenizhaber.com.tr\/index.php\/wp-json\/wp\/v2\/posts\/19659\/revisions"}],"wp:featuredmedia":[{"embeddable":true,"href":"https:\/\/akdenizhaber.com.tr\/index.php\/wp-json\/wp\/v2\/media\/19660"}],"wp:attachment":[{"href":"https:\/\/akdenizhaber.com.tr\/index.php\/wp-json\/wp\/v2\/media?parent=19659"}],"wp:term":[{"taxonomy":"category","embeddable":true,"href":"https:\/\/akdenizhaber.com.tr\/index.php\/wp-json\/wp\/v2\/categories?post=19659"},{"taxonomy":"post_tag","embeddable":true,"href":"https:\/\/akdenizhaber.com.tr\/index.php\/wp-json\/wp\/v2\/tags?post=19659"}],"curies":[{"name":"wp","href":"https:\/\/api.w.org\/{rel}","templated":true}]}}