{"id":19641,"date":"2024-01-13T12:47:10","date_gmt":"2024-01-13T09:47:10","guid":{"rendered":"https:\/\/akdenizhaber.com.tr\/?p=19641"},"modified":"2024-01-13T12:47:11","modified_gmt":"2024-01-13T09:47:11","slug":"ilce-baskani-oykun-basar-insan-odakli-belediyeciligi-dr-niyazi-nefi-kara-ile-surdurecegiz","status":"publish","type":"post","link":"https:\/\/akdenizhaber.com.tr\/index.php\/2024\/01\/13\/ilce-baskani-oykun-basar-insan-odakli-belediyeciligi-dr-niyazi-nefi-kara-ile-surdurecegiz\/","title":{"rendered":"\u0130l\u00e7e Ba\u015fkan\u0131 Oykun Ba\u015far;                                                \u0130nsan Odakl\u0131 Belediyecili\u011fi Dr. Niyazi Nefi Kara ile s\u00fcrd\u00fcrece\u011fiz"},"content":{"rendered":"\n<p><\/p>\n\n\n\n<p>Cumhuriyet Halk Partisi(CHP) Manavgat de il\u00e7e Ba\u015fkan\u0131 Oykun Ba\u015far, partileri CHP&#8217;nin 31 Mart 2024 Belediye Ba\u015fkanl\u0131\u011f\u0131 se\u00e7iminde insan odakl\u0131 sosyal belediyecilik anlay\u0131\u015f\u0131n\u0131 Halk\u0131n Doktoru \u00fcnvan\u0131 ile ile kamuoyunda bilinen Beyin Cerrah\u0131 Op. Dr. Niyazi Nefi Kara ile devam ettireceklerini s\u00f6yledi. CHP&#8217;nin Manavgat Belediye Ba\u015fkan\u0131 Aday\u0131 olduktan sonra CHP Antalya Milletvekili Av. Aliye Co\u015far ile birlikte \u0130l\u00e7e Ba\u015fkanl\u0131\u011f\u0131n\u0131 ziyaret etti. \u0130l\u00e7e Ba\u015fkan\u0131 Oykun Ba\u015far,&#8221;<\/p>\n\n\n\n<p>Cumhuriyet Halk Partimizin d\u00fcn yap\u0131lan Parti Meclisi Toplant\u0131s\u0131nda Manavgat Belediye Ba\u015fkan\u0131 Aday\u0131m\u0131z olarak belirlenen \u2018\u2019Halk\u0131n Doktoru\u2019\u2019 unvan\u0131n\u0131 ile bilinenen Dr. Niyazi Nefi Kara \u0130l\u00e7e \u00d6rg\u00fct\u00fcnde halk\u0131m\u0131z ve partililerimizle bir araya geldi. Manavgat\u2019\u0131m\u0131zda insan odakl\u0131 \u00e7al\u0131\u015fmalar\u0131n ve sosyal belediyecili\u011fin devam etmesi ad\u0131na aday\u0131m\u0131z Dr. Niyazi Nefi Kara ile birlikte \u00e7\u0131kt\u0131\u011f\u0131m\u0131z bu uzun ve onurlu yolda ba\u015far\u0131ya ula\u015faca\u011f\u0131m\u0131zdan asla \u015f\u00fcphemiz yok. &#8221; dedi.<\/p>\n\n\n\n<p>Abdurrahman B\u00fcy\u00fckkeskin \/ Haber<\/p>\n","protected":false},"excerpt":{"rendered":"<p>Cumhuriyet Halk Partisi(CHP) Manavgat de il\u00e7e Ba\u015fkan\u0131 Oykun Ba\u015far, partileri CHP&#8217;nin 31 Mart 2024 Belediye Ba\u015fkanl\u0131\u011f\u0131 se\u00e7iminde insan odakl\u0131 sosyal belediyecilik anlay\u0131\u015f\u0131n\u0131 Halk\u0131n Doktoru \u00fcnvan\u0131 <a href=\"https:\/\/akdenizhaber.com.tr\/index.php\/2024\/01\/13\/ilce-baskani-oykun-basar-insan-odakli-belediyeciligi-dr-niyazi-nefi-kara-ile-surdurecegiz\/\" class=\"read-more-link\">[more&#8230;]<\/a><\/p>\n","protected":false},"author":2,"featured_media":19642,"comment_status":"open","ping_status":"open","sticky":false,"template":"","format":"standard","meta":{"footnotes":""},"categories":[2],"tags":[],"class_list":["post-19641","post","type-post","status-publish","format-standard","has-post-thumbnail","hentry","category-gundem"],"_links":{"self":[{"href":"https:\/\/akdenizhaber.com.tr\/index.php\/wp-json\/wp\/v2\/posts\/19641","targetHints":{"allow":["GET"]}}],"collection":[{"href":"https:\/\/akdenizhaber.com.tr\/index.php\/wp-json\/wp\/v2\/posts"}],"about":[{"href":"https:\/\/akdenizhaber.com.tr\/index.php\/wp-json\/wp\/v2\/types\/post"}],"author":[{"embeddable":true,"href":"https:\/\/akdenizhaber.com.tr\/index.php\/wp-json\/wp\/v2\/users\/2"}],"replies":[{"embeddable":true,"href":"https:\/\/akdenizhaber.com.tr\/index.php\/wp-json\/wp\/v2\/comments?post=19641"}],"version-history":[{"count":0,"href":"https:\/\/akdenizhaber.com.tr\/index.php\/wp-json\/wp\/v2\/posts\/19641\/revisions"}],"wp:featuredmedia":[{"embeddable":true,"href":"https:\/\/akdenizhaber.com.tr\/index.php\/wp-json\/wp\/v2\/media\/19642"}],"wp:attachment":[{"href":"https:\/\/akdenizhaber.com.tr\/index.php\/wp-json\/wp\/v2\/media?parent=19641"}],"wp:term":[{"taxonomy":"category","embeddable":true,"href":"https:\/\/akdenizhaber.com.tr\/index.php\/wp-json\/wp\/v2\/categories?post=19641"},{"taxonomy":"post_tag","embeddable":true,"href":"https:\/\/akdenizhaber.com.tr\/index.php\/wp-json\/wp\/v2\/tags?post=19641"}],"curies":[{"name":"wp","href":"https:\/\/api.w.org\/{rel}","templated":true}]}}