{"id":19635,"date":"2024-01-13T12:46:07","date_gmt":"2024-01-13T09:46:07","guid":{"rendered":"https:\/\/akdenizhaber.com.tr\/?p=19635"},"modified":"2024-01-13T12:46:07","modified_gmt":"2024-01-13T09:46:07","slug":"hayat-2","status":"publish","type":"post","link":"https:\/\/akdenizhaber.com.tr\/index.php\/2024\/01\/13\/hayat-2\/","title":{"rendered":"HAYAT"},"content":{"rendered":"\n<p>G\u00fcnayd\u0131n g\u00fczel insanlar\u2026<br>Hayat, bir\u00e7ok renk, dokunu\u015f ve deneyimle dolu bir ser\u00fcvendir. Ancak, g\u00fcnl\u00fck ya\u015fam\u0131n karma\u015f\u0131kl\u0131\u011f\u0131 ve zaman zaman kar\u015f\u0131la\u015f\u0131lan zorluklar, insanlar\u0131 ya\u015fama kar\u015f\u0131 olumsuz bir bak\u0131\u015f a\u00e7\u0131s\u0131na y\u00f6nlendirebilir. Bu noktada, ya\u015famay\u0131 sevmenin \u00f6nemi devreye girer. Ya\u015famay\u0131 sevmek, hayat\u0131n getirdi\u011fi zorluklara ra\u011fmen olumlu bir perspektife sahip olmay\u0131 i\u00e7erir. Olumlu bir bak\u0131\u015f a\u00e7\u0131s\u0131, bireyin zorluklar kar\u015f\u0131s\u0131nda esneklik kazanmas\u0131na, \u00e7\u00f6z\u00fcm odakl\u0131 d\u00fc\u015f\u00fcnmesine ve ya\u015fam\u0131n tad\u0131n\u0131 \u00e7\u0131kartmas\u0131na yard\u0131mc\u0131 olur. Her g\u00fcnle birlikte gelen deneyimleri bir \u00f6\u011frenme f\u0131rsat\u0131 olarak g\u00f6rmek, ya\u015fam\u0131 daha anlaml\u0131 k\u0131lar. \u0130nsanlar, ya\u015famlar\u0131nda kar\u015f\u0131la\u015ft\u0131klar\u0131 g\u00fc\u00e7l\u00fcklerle ba\u015fa \u00e7\u0131karken i\u00e7sel bir g\u00fcce ihtiya\u00e7 duyarlar. Bu g\u00fc\u00e7, ya\u015famay\u0131 sevme ve hayat\u0131n sundu\u011fu olumlu y\u00f6nleri fark etme kapasitesinden gelir. Olumlu bir bak\u0131\u015f a\u00e7\u0131s\u0131, bireyin stresle daha etkili bir \u015fekilde ba\u015fa \u00e7\u0131kmas\u0131na, duygusal zorluklar\u0131 a\u015fmas\u0131na ve genel sa\u011fl\u0131\u011f\u0131n\u0131 iyile\u015ftirmesine katk\u0131da bulunabilir. Ya\u015famay\u0131 sevmenin bir di\u011fer \u00f6nemli y\u00f6n\u00fc, insan ili\u015fkilerine olumlu bir etki yapmas\u0131d\u0131r. Pozitif bir bak\u0131\u015f a\u00e7\u0131s\u0131na sahip bireyler, \u00e7evrelerindeki di\u011fer insanlarla daha olumlu ve destekleyici ili\u015fkiler kurma e\u011filimindedir. Bu da hem ki\u015fisel hem de sosyal anlamda ya\u015fam kalitesini art\u0131r\u0131r. Olumlu bir bak\u0131\u015f a\u00e7\u0131s\u0131yla ya\u015famak, ayn\u0131 zamanda bireyin kendi potansiyelini ke\u015ffetmesine ve geli\u015ftirmesine olanak tan\u0131r. Yarat\u0131c\u0131l\u0131\u011f\u0131 art\u0131rabilir, yeni deneyimlere a\u00e7\u0131k olmay\u0131 te\u015fvik edebilir ve ki\u015fisel hedeflere odaklanmay\u0131 kolayla\u015ft\u0131rabilir. Bu \u015fekilde, ya\u015famay\u0131 sevmek, bireyin kendini ger\u00e7ekle\u015ftirmesine katk\u0131da bulunan bir temel haline gelir. Sonu\u00e7 olarak, ya\u015famay\u0131 sevmek, hayat\u0131n her an\u0131n\u0131 bir arma\u011fan olarak g\u00f6rmek, olumlu bir bak\u0131\u015f a\u00e7\u0131s\u0131 geli\u015ftirmek ve i\u00e7sel g\u00fcc\u00fc bulmak anlam\u0131na gelir. Bu durum, bireyin hem ki\u015fisel hem de sosyal a\u00e7\u0131dan daha sa\u011fl\u0131kl\u0131, mutlu ve tatmin edici bir ya\u015fam s\u00fcrmesine yard\u0131mc\u0131 olabilir.<\/p>\n\n\n\n<p>ESRA \u0130\u00c7G\u00d6Z<\/p>\n","protected":false},"excerpt":{"rendered":"<p>G\u00fcnayd\u0131n g\u00fczel insanlar\u2026Hayat, bir\u00e7ok renk, dokunu\u015f ve deneyimle dolu bir ser\u00fcvendir. Ancak, g\u00fcnl\u00fck ya\u015fam\u0131n karma\u015f\u0131kl\u0131\u011f\u0131 ve zaman zaman kar\u015f\u0131la\u015f\u0131lan zorluklar, insanlar\u0131 ya\u015fama kar\u015f\u0131 olumsuz bir <a href=\"https:\/\/akdenizhaber.com.tr\/index.php\/2024\/01\/13\/hayat-2\/\" class=\"read-more-link\">[more&#8230;]<\/a><\/p>\n","protected":false},"author":2,"featured_media":19602,"comment_status":"open","ping_status":"open","sticky":false,"template":"","format":"standard","meta":{"footnotes":""},"categories":[2],"tags":[],"class_list":["post-19635","post","type-post","status-publish","format-standard","has-post-thumbnail","hentry","category-gundem"],"_links":{"self":[{"href":"https:\/\/akdenizhaber.com.tr\/index.php\/wp-json\/wp\/v2\/posts\/19635","targetHints":{"allow":["GET"]}}],"collection":[{"href":"https:\/\/akdenizhaber.com.tr\/index.php\/wp-json\/wp\/v2\/posts"}],"about":[{"href":"https:\/\/akdenizhaber.com.tr\/index.php\/wp-json\/wp\/v2\/types\/post"}],"author":[{"embeddable":true,"href":"https:\/\/akdenizhaber.com.tr\/index.php\/wp-json\/wp\/v2\/users\/2"}],"replies":[{"embeddable":true,"href":"https:\/\/akdenizhaber.com.tr\/index.php\/wp-json\/wp\/v2\/comments?post=19635"}],"version-history":[{"count":0,"href":"https:\/\/akdenizhaber.com.tr\/index.php\/wp-json\/wp\/v2\/posts\/19635\/revisions"}],"wp:featuredmedia":[{"embeddable":true,"href":"https:\/\/akdenizhaber.com.tr\/index.php\/wp-json\/wp\/v2\/media\/19602"}],"wp:attachment":[{"href":"https:\/\/akdenizhaber.com.tr\/index.php\/wp-json\/wp\/v2\/media?parent=19635"}],"wp:term":[{"taxonomy":"category","embeddable":true,"href":"https:\/\/akdenizhaber.com.tr\/index.php\/wp-json\/wp\/v2\/categories?post=19635"},{"taxonomy":"post_tag","embeddable":true,"href":"https:\/\/akdenizhaber.com.tr\/index.php\/wp-json\/wp\/v2\/tags?post=19635"}],"curies":[{"name":"wp","href":"https:\/\/api.w.org\/{rel}","templated":true}]}}