{"id":19625,"date":"2024-01-13T12:42:52","date_gmt":"2024-01-13T09:42:52","guid":{"rendered":"https:\/\/akdenizhaber.com.tr\/?p=19625"},"modified":"2024-01-13T12:42:52","modified_gmt":"2024-01-13T09:42:52","slug":"dunya-yuruyus-takimlar-sampiyonasi-lansmani-kepezde-yapildi","status":"publish","type":"post","link":"https:\/\/akdenizhaber.com.tr\/index.php\/2024\/01\/13\/dunya-yuruyus-takimlar-sampiyonasi-lansmani-kepezde-yapildi\/","title":{"rendered":"D\u00fcnya Y\u00fcr\u00fcy\u00fc\u015f Tak\u0131mlar \u015eampiyonas\u0131 Lansman\u0131 Kepez\u2019de yap\u0131ld\u0131"},"content":{"rendered":"\n<p><\/p>\n\n\n\n<p>Kepez\u2019de Dokuma Modern Sanatlar Galerisinde d\u00fczenlenen D\u00fcnya Y\u00fcr\u00fcy\u00fc\u015f Tak\u0131mlar \u015eampiyonas\u0131 Lansman\u0131\u2019nda konu\u015fan Kepez Belediye Ba\u015fkan\u0131 Hakan T\u00fct\u00fcnc\u00fc, \u201cBu organizasyon ile Antalya\u2019m\u0131z\u0131n tan\u0131t\u0131m\u0131na k\u0131ymetli bir katk\u0131 ortaya koymu\u015f, hem de T\u00fcrk sporuna T\u00fcrk gen\u00e7li\u011fine \u00e7ok k\u0131ymetli bir katk\u0131 sunmu\u015f olaca\u011f\u0131z.\u201d dedi.<br><br><\/p>\n\n\n\n<p>Kepez Belediye Ba\u015fkan\u0131 Hakan T\u00fct\u00fcnc\u00fc, 65 \u00fclkeden 750 sporcunun kat\u0131l\u0131m\u0131yla 21 Nisan\u2019da Antalya EXPO 2016 alan\u0131nda ger\u00e7ekle\u015ftirilecek olan D\u00fcnya Y\u00fcr\u00fcy\u00fc\u015f Tak\u0131mlar \u015eampiyonas\u0131 Lansman\u0131\u2019na kat\u0131ld\u0131. Antalya Valisi Hulusi \u015eahin, \u0130l Emniyet M\u00fcd\u00fcr\u00fc Orhan \u00c7evik, Antalya Gen\u00e7lik ve Spor \u0130l M\u00fcd\u00fcr\u00fc Yavuz G\u00fcrhan, Atletizm Federasyonu Ba\u015fkan\u0131 Fatih \u00c7intimar, Atletizm Federasyonu Asba\u015fkan\u0131 ve D\u00fcnya Atletizm Tak\u0131mlar Y\u00fcr\u00fcy\u00fc\u015f \u015eampiyonas\u0131 CEO\u2019su Arif Alpk\u0131l\u0131\u015f kat\u0131ld\u0131\u011f\u0131 lansmanda konu\u015fan Kepez Belediye Ba\u015fkan\u0131 Hakan T\u00fct\u00fcnc\u00fc, bu etkinli\u011fin kent tarihi bak\u0131m\u0131ndan son derece anlaml\u0131 oldu\u011funu s\u00f6yledi. Ba\u015fkan T\u00fct\u00fcnc\u00fc, \u201cAntalya d\u00fcnyan\u0131n en g\u00fczel yerlerinden birisidir. Antik \u00e7a\u011flar\u0131n merkezi, medeniyet birikimimizin medeniyet tarihimizin \u015fekillendi\u011fi \u00e7ok \u00f6nemli kadim merkezlerdendir. Antalya\u2019n\u0131n son y\u0131llarda \u00f6ne \u00e7\u0131kan \u00f6zelliklerinden biriside; uluslararas\u0131 organizasyonlara ba\u015far\u0131yla ev sahipli\u011fi yapmas\u0131 da Antalya\u2019n\u0131n de\u011fi\u015fik ba\u015far\u0131 hanesinin en parlak noktalar\u0131ndan birisidir. Antalya olarak \u00e7ok \u00f6nemli bir organizasyona ev sahipli\u011fi yapaca\u011f\u0131z. Beden terbiyesi bak\u0131m\u0131ndan, spor bak\u0131m\u0131ndan temel bran\u015flardan biri olan atletizmi konu alan bu etkinlik 21 Nisan\u2019da b\u00fct\u00fcn d\u00fcnyan\u0131n spor \u00e7evrelerinin g\u00f6z\u00fcn\u00fcn kula\u011f\u0131n\u0131n da Antalya\u2019da olaca\u011f\u0131 g\u00f6steriyor. Bu organizasyon \u015fehrimizin tan\u0131t\u0131m\u0131na b\u00fcy\u00fck bir katk\u0131 sa\u011flarken ayn\u0131 zamanda da T\u00fcrkiye\u2019mizin, Milli sporcular\u0131m\u0131z\u0131n uluslararas\u0131 alanda ba\u015far\u0131lar ortaya koymas\u0131 bak\u0131m\u0131ndan da \u00f6nemli bir basamak oldu\u011fu a\u00e7\u0131k\u00e7a g\u00f6r\u00fcl\u00fcyor. B\u00fct\u00fcn bunlar\u0131n yan\u0131nda Antalya\u2019n\u0131n d\u00fcnya sahnesine \u00e7ok daha g\u00fc\u00e7l\u00fc bir \u015fekilde \u00e7\u0131kaca\u011f\u0131 y\u00fczy\u0131l T\u00fcrkiye y\u00fczy\u0131l\u0131\u2026T\u00fcrkiye y\u00fczy\u0131l\u0131nda Antalya\u2019ya bi\u00e7ilen bu vizyonun, bu misyonun en somut ba\u015flang\u0131\u00e7lar\u0131ndan birisinin de bu olaca\u011f\u0131n\u0131 \u00f6zellikle ifade etmek isterim.\u201d dedi.<br><br><\/p>\n\n\n\n<p>KEPEZ BELED\u0130YEM\u0130Z EN G\u00dcZEL \u015eEK\u0130LDE FORSE EDECEK<br><br><\/p>\n\n\n\n<p>Kepez\u2019in Antalya\u2019n\u0131n en b\u00fcy\u00fck il\u00e7esi oldu\u011funu belirterek s\u00f6zlerine devam eden Kepez Belediye Ba\u015fkan\u0131 Hakan T\u00fct\u00fcnc\u00fc, \u201cKepez son 15 y\u0131lda inan\u0131lmaz at\u0131l\u0131mlar ger\u00e7ekle\u015ftirdi. Bug\u00fcn Antalya\u2019m\u0131z\u0131n ev sahipli\u011fi yapt\u0131\u011f\u0131 b\u00f6yle bir organizasyonu Kepez Belediyemiz en g\u00fczel \u015fekilde forse edecek ve buda Kepez\u2019in nereden nereye geldi\u011finin \u00e7ok a\u00e7\u0131k bir resmi. Bu organizasyonun T\u00fcrkiye\u2019ye kazand\u0131r\u0131lmas\u0131nda destekleri olan Atletizm Federasyonumuza ve sayg\u0131de\u011fer asba\u015fkan\u0131m\u0131za, Gen\u00e7lik ve Spor Bakanl\u0131\u011f\u0131m\u0131za, bu fikri bizimle payla\u015fan Antalya Gen\u00e7lik ve Spor \u0130l M\u00fcd\u00fcr\u00fc Yavuz G\u00fcrhan Bey\u2019e te\u015fekk\u00fcr ederim. Say\u0131n Valimizin destek ve \u00f6nderli\u011finde devletimizin b\u00fct\u00fcn imkanlar\u0131n\u0131 en g\u00fczel \u015fekilde kullanmak suretiyle hem Antalya\u2019m\u0131z\u0131n tan\u0131t\u0131m\u0131na k\u0131ymetli bir katk\u0131 ortaya koymu\u015f olaca\u011f\u0131z, hem de T\u00fcrk sporuna T\u00fcrk gen\u00e7li\u011fine \u00e7ok k\u0131ymetli bir katk\u0131 sunmu\u015f olaca\u011f\u0131z. Bizde Kepez Belediyesi olarak d\u00fcnya \u015fampiyonas\u0131na ev sahipli\u011fi yapmak onurunu aziz bir hat\u0131ra olarak kalbimizde saklayaca\u011f\u0131z. Ben ba\u015far\u0131lar diliyorum. Organizasyonun tamamland\u0131\u011f\u0131 son dakikaya kadar \u015fahs\u0131m ve ekibim hem bakanl\u0131\u011f\u0131m\u0131z\u0131n hem de federasyonumuzun yan\u0131 ba\u015f\u0131ndad\u0131r. \u201c diye konu\u015ftu.<\/p>\n\n\n\n<p>Kepez Belediyesi \/ B\u00fclten<\/p>\n","protected":false},"excerpt":{"rendered":"<p>Kepez\u2019de Dokuma Modern Sanatlar Galerisinde d\u00fczenlenen D\u00fcnya Y\u00fcr\u00fcy\u00fc\u015f Tak\u0131mlar \u015eampiyonas\u0131 Lansman\u0131\u2019nda konu\u015fan Kepez Belediye Ba\u015fkan\u0131 Hakan T\u00fct\u00fcnc\u00fc, \u201cBu organizasyon ile Antalya\u2019m\u0131z\u0131n tan\u0131t\u0131m\u0131na k\u0131ymetli bir katk\u0131 <a href=\"https:\/\/akdenizhaber.com.tr\/index.php\/2024\/01\/13\/dunya-yuruyus-takimlar-sampiyonasi-lansmani-kepezde-yapildi\/\" class=\"read-more-link\">[more&#8230;]<\/a><\/p>\n","protected":false},"author":2,"featured_media":19626,"comment_status":"open","ping_status":"open","sticky":false,"template":"","format":"standard","meta":{"footnotes":""},"categories":[2],"tags":[],"class_list":["post-19625","post","type-post","status-publish","format-standard","has-post-thumbnail","hentry","category-gundem"],"_links":{"self":[{"href":"https:\/\/akdenizhaber.com.tr\/index.php\/wp-json\/wp\/v2\/posts\/19625","targetHints":{"allow":["GET"]}}],"collection":[{"href":"https:\/\/akdenizhaber.com.tr\/index.php\/wp-json\/wp\/v2\/posts"}],"about":[{"href":"https:\/\/akdenizhaber.com.tr\/index.php\/wp-json\/wp\/v2\/types\/post"}],"author":[{"embeddable":true,"href":"https:\/\/akdenizhaber.com.tr\/index.php\/wp-json\/wp\/v2\/users\/2"}],"replies":[{"embeddable":true,"href":"https:\/\/akdenizhaber.com.tr\/index.php\/wp-json\/wp\/v2\/comments?post=19625"}],"version-history":[{"count":0,"href":"https:\/\/akdenizhaber.com.tr\/index.php\/wp-json\/wp\/v2\/posts\/19625\/revisions"}],"wp:featuredmedia":[{"embeddable":true,"href":"https:\/\/akdenizhaber.com.tr\/index.php\/wp-json\/wp\/v2\/media\/19626"}],"wp:attachment":[{"href":"https:\/\/akdenizhaber.com.tr\/index.php\/wp-json\/wp\/v2\/media?parent=19625"}],"wp:term":[{"taxonomy":"category","embeddable":true,"href":"https:\/\/akdenizhaber.com.tr\/index.php\/wp-json\/wp\/v2\/categories?post=19625"},{"taxonomy":"post_tag","embeddable":true,"href":"https:\/\/akdenizhaber.com.tr\/index.php\/wp-json\/wp\/v2\/tags?post=19625"}],"curies":[{"name":"wp","href":"https:\/\/api.w.org\/{rel}","templated":true}]}}