{"id":19622,"date":"2024-01-13T12:42:22","date_gmt":"2024-01-13T09:42:22","guid":{"rendered":"https:\/\/akdenizhaber.com.tr\/?p=19622"},"modified":"2024-01-13T12:42:22","modified_gmt":"2024-01-13T09:42:22","slug":"baskan-uysal-erzurum-gunlerine-katildi","status":"publish","type":"post","link":"https:\/\/akdenizhaber.com.tr\/index.php\/2024\/01\/13\/baskan-uysal-erzurum-gunlerine-katildi\/","title":{"rendered":"Ba\u015fkan Uysal, Erzurum G\u00fcnlerine kat\u0131ld\u0131"},"content":{"rendered":"\n<p><\/p>\n\n\n\n<p>Antalya\u2019da Muratpa\u015fa Belediye Ba\u015fkan\u0131 \u00dcmit Uysal, Erzurum i\u00e7in Cam Piramit Fuar ve Kongre Merkezi\u2019nde d\u00fczenlenen \u2018Antalya Erzurum G\u00fcnleri\u2019ne kat\u0131ld\u0131.<\/p>\n\n\n\n<p>\u00c7a\u011f kebab\u0131ndan oltu ta\u015f\u0131na ve lezzeti s\u0131n\u0131rlar\u0131 a\u015fan kaday\u0131f dolmas\u0131yla Erzurumlular, Antalya\u2019da d\u00fczenlenen tan\u0131t\u0131m g\u00fcnlerinde bir araya geldi. Antalya Erzurumlular Derne\u011fi (AED) Ba\u015fkan\u0131 Nihat \u00d6zdemir\u2019in ev sahipli\u011finde d\u00fczenlenen tan\u0131t\u0131m g\u00fcnlerinin a\u00e7\u0131l\u0131\u015f\u0131nda Antalya Valisi Hulusi \u015eahin, Erzurum B\u00fcy\u00fck\u015fehir Belediye Ba\u015fkan\u0131 Mehmet Sekmen\u2019le Ba\u015fkan Uysal da yer ald\u0131.<br><br>Ba\u015fkan Uysal, 14 Ocak\u2019ta sona erecek tan\u0131t\u0131m g\u00fcnlerinin a\u00e7\u0131l\u0131\u015f\u0131nda Erzurumlular\u0131n Antalya\u2019n\u0131n ticari ve sosyal hayat\u0131na b\u00fcy\u00fck katk\u0131da bulunduklar\u0131n\u0131 s\u00f6yledi. Uysal, \u201c\u00c7ok g\u00fczel kom\u015fular\u0131m\u0131z. Onlar\u0131n varl\u0131\u011f\u0131yla gurur duyuyoruz\u201d dedi. Ba\u015fkan Uysal \u015funlar\u0131 s\u00f6yledi:<br><br>\u201cErzurumlular\u0131n hepsi a\u015fa\u011f\u0131 yukar\u0131 mert insanlard\u0131r. Olgun, a\u011f\u0131r hareket eden, keskin, d\u00fc\u015f\u00fcnceleri net, yorumu k\u00f6\u015feli insanlarla birlikte ya\u015famak bence kolay. \u00c7\u00fcnk\u00fc siyah\u0131 beyaz\u0131 kolay ay\u0131rt edilebilecek insanlar. Antalya&#8217;daki bu yap\u0131c\u0131, sevgi, sayg\u0131 dolu milletimizin birlik ve beraberli\u011finden yana her zaman sayg\u0131 ve k\u00fclt\u00fcr \u00f6gelerini Antalya&#8217;m\u0131za ta\u015f\u0131yarak verdi\u011finiz katk\u0131lar i\u00e7in \u00e7ok te\u015fekk\u00fcr ediyorum.\u201d<br><br>Ba\u015fkan Uysal\u2019a program sonunda, Antalya Erzurum Tan\u0131t\u0131m G\u00fcnleri\u2019ne verdi\u011fi destek dolay\u0131s\u0131yla plaket takdim edildi. A\u00e7\u0131l\u0131\u015f\u0131n ard\u0131ndan Ba\u015fkan Uysal, Vali \u015eahin\u2019le Erzurum\u2019un y\u00f6resel lezzetlerinin sunuldu\u011fu stantlar\u0131 gezdi.<\/p>\n\n\n\n<p>Muratpa\u015fa Belediyesi \/ B\u00fclten<\/p>\n","protected":false},"excerpt":{"rendered":"<p>Antalya\u2019da Muratpa\u015fa Belediye Ba\u015fkan\u0131 \u00dcmit Uysal, Erzurum i\u00e7in Cam Piramit Fuar ve Kongre Merkezi\u2019nde d\u00fczenlenen \u2018Antalya Erzurum G\u00fcnleri\u2019ne kat\u0131ld\u0131. \u00c7a\u011f kebab\u0131ndan oltu ta\u015f\u0131na ve lezzeti <a href=\"https:\/\/akdenizhaber.com.tr\/index.php\/2024\/01\/13\/baskan-uysal-erzurum-gunlerine-katildi\/\" class=\"read-more-link\">[more&#8230;]<\/a><\/p>\n","protected":false},"author":2,"featured_media":19623,"comment_status":"open","ping_status":"open","sticky":false,"template":"","format":"standard","meta":{"footnotes":""},"categories":[2],"tags":[],"class_list":["post-19622","post","type-post","status-publish","format-standard","has-post-thumbnail","hentry","category-gundem"],"_links":{"self":[{"href":"https:\/\/akdenizhaber.com.tr\/index.php\/wp-json\/wp\/v2\/posts\/19622","targetHints":{"allow":["GET"]}}],"collection":[{"href":"https:\/\/akdenizhaber.com.tr\/index.php\/wp-json\/wp\/v2\/posts"}],"about":[{"href":"https:\/\/akdenizhaber.com.tr\/index.php\/wp-json\/wp\/v2\/types\/post"}],"author":[{"embeddable":true,"href":"https:\/\/akdenizhaber.com.tr\/index.php\/wp-json\/wp\/v2\/users\/2"}],"replies":[{"embeddable":true,"href":"https:\/\/akdenizhaber.com.tr\/index.php\/wp-json\/wp\/v2\/comments?post=19622"}],"version-history":[{"count":0,"href":"https:\/\/akdenizhaber.com.tr\/index.php\/wp-json\/wp\/v2\/posts\/19622\/revisions"}],"wp:featuredmedia":[{"embeddable":true,"href":"https:\/\/akdenizhaber.com.tr\/index.php\/wp-json\/wp\/v2\/media\/19623"}],"wp:attachment":[{"href":"https:\/\/akdenizhaber.com.tr\/index.php\/wp-json\/wp\/v2\/media?parent=19622"}],"wp:term":[{"taxonomy":"category","embeddable":true,"href":"https:\/\/akdenizhaber.com.tr\/index.php\/wp-json\/wp\/v2\/categories?post=19622"},{"taxonomy":"post_tag","embeddable":true,"href":"https:\/\/akdenizhaber.com.tr\/index.php\/wp-json\/wp\/v2\/tags?post=19622"}],"curies":[{"name":"wp","href":"https:\/\/api.w.org\/{rel}","templated":true}]}}