{"id":19619,"date":"2024-01-13T12:41:55","date_gmt":"2024-01-13T09:41:55","guid":{"rendered":"https:\/\/akdenizhaber.com.tr\/?p=19619"},"modified":"2024-01-13T12:41:56","modified_gmt":"2024-01-13T09:41:56","slug":"hos-geldin-bebek","status":"publish","type":"post","link":"https:\/\/akdenizhaber.com.tr\/index.php\/2024\/01\/13\/hos-geldin-bebek\/","title":{"rendered":"Ho\u015f geldin Bebek"},"content":{"rendered":"\n<p><\/p>\n\n\n\n<p>Konyaalt\u0131 Belediyesi ekipleri \u201cHo\u015f Geldin Bebek\u201d projesi kapsam\u0131nda, il\u00e7edeki yeni do\u011fan bebek sahiplerine bebekler i\u00e7in haz\u0131rlanan destek paketlerini teslim etti.<\/p>\n\n\n\n<p>Konyaalt\u0131 Belediyesi\u2019nin ge\u00e7ti\u011fimiz y\u0131l ba\u015flatt\u0131\u011f\u0131 \u201cHo\u015f Geldin Bebek\u201d adl\u0131 proje s\u00fcr\u00fcyor. Proje kapsam\u0131nda il\u00e7ede bulunan ailelere yeni do\u011fan bebekleri i\u00e7in haz\u0131rlanan destek paketleri da\u011f\u0131t\u0131ld\u0131. Ekipler, haz\u0131rlanan paketleri tek tek adreslere teslim etti. Bebek yard\u0131m paketlerinde, \u0131slak mendilden ate\u015f \u00f6l\u00e7ere, bebek bezinden \u015fampuana kadar bir bebek i\u00e7in gerekli olan \u00e7ok say\u0131da \u00fcr\u00fcn yer al\u0131yor.<\/p>\n\n\n\n<p>BEBEKLER\u0130 VE A\u0130LELER\u0130N\u0130 \u00d6NEMS\u0130YORUZ<\/p>\n\n\n\n<p>Konyaalt\u0131 Belediye Ba\u015fkan\u0131 Semih Esen, Konyaalt\u0131\u2019nda yeni do\u011fan bebekleri ve ailelerini \u00f6nemsediklerini bu nedenle de ge\u00e7ti\u011fimiz y\u0131l \u201cHo\u015f Geldin Bebek\u201d ad\u0131nda bir \u00e7al\u0131\u015fma ger\u00e7ekle\u015ftirdiklerini s\u00f6yledi. Ba\u015fkan Esen, proje kapsam\u0131nda daha \u00e7ok ihtiya\u00e7 sahibi yeni do\u011fan bebek sahiplerine bebekler i\u00e7in destek paketleri da\u011f\u0131tt\u0131klar\u0131n\u0131 dile getirdi.<br><br>SOSYAL MEDYADA G\u00d6RD\u00dcM<br><br>Bebek destek paketi eline ula\u015fan Selda Sar\u0131 k\u0131z karde\u015fi arac\u0131l\u0131\u011f\u0131yla Konyaalt\u0131 Belediyesi\u2019ne ba\u015fvurdu\u011funu s\u00f6yledi. Sar\u0131, \u201cKonyaalt\u0131 Belediye Ba\u015fkan\u0131 Semih Esen\u2019e b\u00f6yle bir uygulamay\u0131 ba\u015flatt\u0131\u011f\u0131 i\u00e7in te\u015fekk\u00fcr ediyorum\u2019\u2019 dedi. Caner Boyluo\u011flu da, \u201cHo\u015f geldin bebek projesini sosyal medyada g\u00f6r\u00fcp Konyaalt\u0131 Belediyesi\u2019ne ba\u015fvuru yapt\u0131m. Ekipler de hemen gelerek paketi bizlere ula\u015ft\u0131rd\u0131lar. Kendilerine te\u015fekk\u00fcr ediyorum\u2019\u2019 dedi.<\/p>\n\n\n\n<p>Konyaalt\u0131 Belediyesi \/ B\u00fclten<\/p>\n","protected":false},"excerpt":{"rendered":"<p>Konyaalt\u0131 Belediyesi ekipleri \u201cHo\u015f Geldin Bebek\u201d projesi kapsam\u0131nda, il\u00e7edeki yeni do\u011fan bebek sahiplerine bebekler i\u00e7in haz\u0131rlanan destek paketlerini teslim etti. Konyaalt\u0131 Belediyesi\u2019nin ge\u00e7ti\u011fimiz y\u0131l ba\u015flatt\u0131\u011f\u0131 <a href=\"https:\/\/akdenizhaber.com.tr\/index.php\/2024\/01\/13\/hos-geldin-bebek\/\" class=\"read-more-link\">[more&#8230;]<\/a><\/p>\n","protected":false},"author":2,"featured_media":19620,"comment_status":"open","ping_status":"open","sticky":false,"template":"","format":"standard","meta":{"footnotes":""},"categories":[2],"tags":[],"class_list":["post-19619","post","type-post","status-publish","format-standard","has-post-thumbnail","hentry","category-gundem"],"_links":{"self":[{"href":"https:\/\/akdenizhaber.com.tr\/index.php\/wp-json\/wp\/v2\/posts\/19619","targetHints":{"allow":["GET"]}}],"collection":[{"href":"https:\/\/akdenizhaber.com.tr\/index.php\/wp-json\/wp\/v2\/posts"}],"about":[{"href":"https:\/\/akdenizhaber.com.tr\/index.php\/wp-json\/wp\/v2\/types\/post"}],"author":[{"embeddable":true,"href":"https:\/\/akdenizhaber.com.tr\/index.php\/wp-json\/wp\/v2\/users\/2"}],"replies":[{"embeddable":true,"href":"https:\/\/akdenizhaber.com.tr\/index.php\/wp-json\/wp\/v2\/comments?post=19619"}],"version-history":[{"count":0,"href":"https:\/\/akdenizhaber.com.tr\/index.php\/wp-json\/wp\/v2\/posts\/19619\/revisions"}],"wp:featuredmedia":[{"embeddable":true,"href":"https:\/\/akdenizhaber.com.tr\/index.php\/wp-json\/wp\/v2\/media\/19620"}],"wp:attachment":[{"href":"https:\/\/akdenizhaber.com.tr\/index.php\/wp-json\/wp\/v2\/media?parent=19619"}],"wp:term":[{"taxonomy":"category","embeddable":true,"href":"https:\/\/akdenizhaber.com.tr\/index.php\/wp-json\/wp\/v2\/categories?post=19619"},{"taxonomy":"post_tag","embeddable":true,"href":"https:\/\/akdenizhaber.com.tr\/index.php\/wp-json\/wp\/v2\/tags?post=19619"}],"curies":[{"name":"wp","href":"https:\/\/api.w.org\/{rel}","templated":true}]}}