{"id":19595,"date":"2024-01-12T13:34:21","date_gmt":"2024-01-12T10:34:21","guid":{"rendered":"https:\/\/akdenizhaber.com.tr\/?p=19595"},"modified":"2024-01-12T13:34:22","modified_gmt":"2024-01-12T10:34:22","slug":"buyuksehirden-korkutelili-ureticilere-destek","status":"publish","type":"post","link":"https:\/\/akdenizhaber.com.tr\/index.php\/2024\/01\/12\/buyuksehirden-korkutelili-ureticilere-destek\/","title":{"rendered":"B\u00fcy\u00fck\u015fehir\u2019den Korkutelili \u00fcreticilere destek"},"content":{"rendered":"\n<p><\/p>\n\n\n\n<p><a href=\"https:\/\/www.haberler.com\/antalya-buyuksehir-belediyesi\/\"><strong>Antalya B\u00fcy\u00fck\u015fehir Belediyesi<\/strong><\/a>, \u00fcreticilerin yan\u0131nda olmay\u0131 s\u00fcrd\u00fcr\u00fcyor. B\u00fcy\u00fck\u015fehir ekipleri tar\u0131msalve hayvan \u00fcreticilerine y\u00f6nelik desteklerle Korkutelili \u00fcreticileri de yaln\u0131z b\u0131rakmad\u0131.<\/p>\n\n\n\n<p>Antalya B\u00fcy\u00fck\u015fehir Belediyesi Tar\u0131msal Hizmetler Dairesi Ba\u015fkanl\u0131\u011f\u0131 Korkuteli il\u00e7esinde Antep f\u0131st\u0131\u011f\u0131 fidesi da\u011f\u0131t\u0131m\u0131 ger\u00e7ekle\u015ftirildi. 140 \u00e7ift\u00e7iye 11 toplam 1540 adet Antep f\u0131st\u0131\u011f\u0131 fidesi da\u011f\u0131t\u0131m\u0131 yap\u0131ld\u0131. Korkuteli\u2019de ayr\u0131ca alternatif \u00fcr\u00fcn yeti\u015ftiricili\u011fine te\u015fvik etmek \u00fczere \u00fcreticilere 3 bin 125 adet aronya fidan\u0131, 1830 adet b\u00f6\u011f\u00fcrtlen fidan\u0131, 1315 adet ahududu fidan\u0131 hibesi de ger\u00e7ekle\u015ftirildi. \u00c7ift\u00e7iler fide deste\u011finden memnuniyet duyduklar\u0131n\u0131 belirterek Ba\u015fkan Muhitin B\u00f6cek\u2019e te\u015fekk\u00fcrlerini iletti.<\/p>\n\n\n\n<p>S\u00dcT TANKI DESTE\u011e\u0130<\/p>\n\n\n\n<p>Antalya B\u00fcy\u00fck\u015fehir Belediyesi hayvan \u00fcreticilerini de yaln\u0131z b\u0131rakmad\u0131. B\u00fcy\u00fck\u015fehir ekipleri \u00e7i\u011f s\u00fct\u00fcn sa\u011f\u0131mdan sonra so\u011fuk zincirinin sa\u011flanmas\u0131 amac\u0131yla Korkuteli\u2019nin Mamatlar Mahallesi S\u00fct \u00dcreticileri Kooperatifi&#8217;ne s\u00fct so\u011futma tank\u0131 hibe etti.Mahalle Muhtar\u0131 S\u00fcleyman Ta\u015fkan s\u00fct tank\u0131 deste\u011fi i\u00e7in Antalya B\u00fcy\u00fck\u015fehir Belediyesi\u2019ne te\u015fekk\u00fcr ederek, \u201cS\u00fct tank\u0131na \u00e7ok ihtiyac\u0131m\u0131z vard\u0131. B\u00fcy\u00fck\u015fehir Belediyesi sayesinde T\u00fcrkiye&#8217;nin en kaliteli so\u011futma tank\u0131na sahip olduk. Her sabah erken saatlerde buraya gelip s\u00fctlerimizi teslim ediyoruz. Son sistem s\u00fct so\u011futma tank\u0131n\u0131 bizlere kazand\u0131rd\u0131klar\u0131 i\u00e7in Antalya B\u00fcy\u00fck\u015fehir Belediyesi Ba\u015fkan\u0131 Muhittin B\u00f6cek\u2019 te\u015fekk\u00fcr ediyorum\u201d dedi.<\/p>\n\n\n\n<p><a href=\"https:\/\/www.haberler.com\/antalya-buyuksehir-belediyesi\/\"><strong>Antalya B\u00fcy\u00fck\u015fehir Belediyesi<\/strong><\/a> \/ B\u00fclten<\/p>\n","protected":false},"excerpt":{"rendered":"<p>Antalya B\u00fcy\u00fck\u015fehir Belediyesi, \u00fcreticilerin yan\u0131nda olmay\u0131 s\u00fcrd\u00fcr\u00fcyor. B\u00fcy\u00fck\u015fehir ekipleri tar\u0131msalve hayvan \u00fcreticilerine y\u00f6nelik desteklerle Korkutelili \u00fcreticileri de yaln\u0131z b\u0131rakmad\u0131. Antalya B\u00fcy\u00fck\u015fehir Belediyesi Tar\u0131msal Hizmetler Dairesi <a href=\"https:\/\/akdenizhaber.com.tr\/index.php\/2024\/01\/12\/buyuksehirden-korkutelili-ureticilere-destek\/\" class=\"read-more-link\">[more&#8230;]<\/a><\/p>\n","protected":false},"author":2,"featured_media":19596,"comment_status":"open","ping_status":"open","sticky":false,"template":"","format":"standard","meta":{"footnotes":""},"categories":[2],"tags":[],"class_list":["post-19595","post","type-post","status-publish","format-standard","has-post-thumbnail","hentry","category-gundem"],"_links":{"self":[{"href":"https:\/\/akdenizhaber.com.tr\/index.php\/wp-json\/wp\/v2\/posts\/19595","targetHints":{"allow":["GET"]}}],"collection":[{"href":"https:\/\/akdenizhaber.com.tr\/index.php\/wp-json\/wp\/v2\/posts"}],"about":[{"href":"https:\/\/akdenizhaber.com.tr\/index.php\/wp-json\/wp\/v2\/types\/post"}],"author":[{"embeddable":true,"href":"https:\/\/akdenizhaber.com.tr\/index.php\/wp-json\/wp\/v2\/users\/2"}],"replies":[{"embeddable":true,"href":"https:\/\/akdenizhaber.com.tr\/index.php\/wp-json\/wp\/v2\/comments?post=19595"}],"version-history":[{"count":0,"href":"https:\/\/akdenizhaber.com.tr\/index.php\/wp-json\/wp\/v2\/posts\/19595\/revisions"}],"wp:featuredmedia":[{"embeddable":true,"href":"https:\/\/akdenizhaber.com.tr\/index.php\/wp-json\/wp\/v2\/media\/19596"}],"wp:attachment":[{"href":"https:\/\/akdenizhaber.com.tr\/index.php\/wp-json\/wp\/v2\/media?parent=19595"}],"wp:term":[{"taxonomy":"category","embeddable":true,"href":"https:\/\/akdenizhaber.com.tr\/index.php\/wp-json\/wp\/v2\/categories?post=19595"},{"taxonomy":"post_tag","embeddable":true,"href":"https:\/\/akdenizhaber.com.tr\/index.php\/wp-json\/wp\/v2\/tags?post=19595"}],"curies":[{"name":"wp","href":"https:\/\/api.w.org\/{rel}","templated":true}]}}