{"id":19574,"date":"2024-01-11T13:39:36","date_gmt":"2024-01-11T10:39:36","guid":{"rendered":"https:\/\/akdenizhaber.com.tr\/?p=19574"},"modified":"2024-01-11T13:39:37","modified_gmt":"2024-01-11T10:39:37","slug":"chp-manavgat-belediye-baskan-adayi-niyazi-nefi-kara-oldu","status":"publish","type":"post","link":"https:\/\/akdenizhaber.com.tr\/index.php\/2024\/01\/11\/chp-manavgat-belediye-baskan-adayi-niyazi-nefi-kara-oldu\/","title":{"rendered":"Chp Manavgat Belediye Ba\u015fkan Aday\u0131                         Niyazi Nefi Kara Oldu"},"content":{"rendered":"\n<p><\/p>\n\n\n\n<p><\/p>\n\n\n\n<p>31 Mart yerel se\u00e7imleri i\u00e7in partilerin aday belirleme \u00e7al\u0131\u015fmalar\u0131 devam ediyor. Merakla beklenen aday isimleri i\u00e7in art\u0131k yava\u015f yava\u015f sona yakla\u015f\u0131l\u0131yor. Nitekim \u00f6nceki g\u00fcn yap\u0131lan CHP MYK&#8217;da onaylanarak parti meclisine sunulan belediye ba\u015fkan adaylar\u0131 a\u00e7\u0131kland\u0131. A\u00e7\u0131klamalarda Manavgat aday\u0131 da belli oldu ancak B\u00fcy\u00fck\u015fehir ve Muratpa\u015fa i\u00e7in herhangi bir isim \u00e7\u0131kmad\u0131.<\/p>\n\n\n\n<p>Manavgat Belediye Ba\u015fkan adayl\u0131\u011f\u0131 i\u00e7in Niyazi Nefi Kara a\u00e7\u0131klan\u0131rken di\u011fer il\u00e7elerdeki aday isimleri \u015f\u00f6yle: Akseki-\u0130lker Ak\u00e7a, Aksu-\u0130sa Y\u0131ld\u0131r\u0131m, Alanya-Osman \u00d6z\u00e7elik, D\u00f6\u015femealt\u0131-Menderes Dal, Elmal\u0131-Halil \u00d6zt\u00fcrk, Finike-Mustafa Geyik\u00e7i, G\u00fcndo\u011fmu\u015f-Nurettin S\u00f6nmez, \u0130brad\u0131-Serkan Gedik, Ka\u015f-Erol Demirhan, Kemer-Necati Topalo\u011flu, Kemer-Mesut Kocag\u00f6z, Konyaalt\u0131-Cem Kotan, Kumluca-Mustafa K\u00f6seo\u011flu, Serik-Kadir Kumbul.<\/p>\n\n\n\n<p>(Haber Merkezi)<\/p>\n","protected":false},"excerpt":{"rendered":"<p>31 Mart yerel se\u00e7imleri i\u00e7in partilerin aday belirleme \u00e7al\u0131\u015fmalar\u0131 devam ediyor. Merakla beklenen aday isimleri i\u00e7in art\u0131k yava\u015f yava\u015f sona yakla\u015f\u0131l\u0131yor. Nitekim \u00f6nceki g\u00fcn yap\u0131lan <a href=\"https:\/\/akdenizhaber.com.tr\/index.php\/2024\/01\/11\/chp-manavgat-belediye-baskan-adayi-niyazi-nefi-kara-oldu\/\" class=\"read-more-link\">[more&#8230;]<\/a><\/p>\n","protected":false},"author":2,"featured_media":19575,"comment_status":"open","ping_status":"open","sticky":false,"template":"","format":"standard","meta":{"footnotes":""},"categories":[2],"tags":[],"class_list":["post-19574","post","type-post","status-publish","format-standard","has-post-thumbnail","hentry","category-gundem"],"_links":{"self":[{"href":"https:\/\/akdenizhaber.com.tr\/index.php\/wp-json\/wp\/v2\/posts\/19574","targetHints":{"allow":["GET"]}}],"collection":[{"href":"https:\/\/akdenizhaber.com.tr\/index.php\/wp-json\/wp\/v2\/posts"}],"about":[{"href":"https:\/\/akdenizhaber.com.tr\/index.php\/wp-json\/wp\/v2\/types\/post"}],"author":[{"embeddable":true,"href":"https:\/\/akdenizhaber.com.tr\/index.php\/wp-json\/wp\/v2\/users\/2"}],"replies":[{"embeddable":true,"href":"https:\/\/akdenizhaber.com.tr\/index.php\/wp-json\/wp\/v2\/comments?post=19574"}],"version-history":[{"count":0,"href":"https:\/\/akdenizhaber.com.tr\/index.php\/wp-json\/wp\/v2\/posts\/19574\/revisions"}],"wp:featuredmedia":[{"embeddable":true,"href":"https:\/\/akdenizhaber.com.tr\/index.php\/wp-json\/wp\/v2\/media\/19575"}],"wp:attachment":[{"href":"https:\/\/akdenizhaber.com.tr\/index.php\/wp-json\/wp\/v2\/media?parent=19574"}],"wp:term":[{"taxonomy":"category","embeddable":true,"href":"https:\/\/akdenizhaber.com.tr\/index.php\/wp-json\/wp\/v2\/categories?post=19574"},{"taxonomy":"post_tag","embeddable":true,"href":"https:\/\/akdenizhaber.com.tr\/index.php\/wp-json\/wp\/v2\/tags?post=19574"}],"curies":[{"name":"wp","href":"https:\/\/api.w.org\/{rel}","templated":true}]}}