{"id":19559,"date":"2024-01-11T13:36:10","date_gmt":"2024-01-11T10:36:10","guid":{"rendered":"https:\/\/akdenizhaber.com.tr\/?p=19559"},"modified":"2024-01-11T13:36:10","modified_gmt":"2024-01-11T10:36:10","slug":"baskan-erolun-acili-gunu","status":"publish","type":"post","link":"https:\/\/akdenizhaber.com.tr\/index.php\/2024\/01\/11\/baskan-erolun-acili-gunu\/","title":{"rendered":"Ba\u015fkan Erol\u2019un Ac\u0131l\u0131 G\u00fcn\u00fc"},"content":{"rendered":"\n<p><\/p>\n\n\n\n<p>AK Parti Manavgat \u0130l\u00e7e Ba\u015fkan\u0131 Av. Ahmet Ali Erol ablas\u0131 Nuran \u00c7olak\u2019\u0131&nbsp; kaybetti. D\u00fcn \u00f6\u011fle namaz\u0131n\u0131 m\u00fcteakiben Sorgun mahallesinde topra\u011fa verilen m\u00fcteveffaya Allah\u2019tan rahmet, ailesi ve yak\u0131nlar\u0131na ba\u015fsa\u011fl\u0131\u011f\u0131 dileriz.<\/p>\n\n\n\n<p>(Haber Merkezi)<\/p>\n","protected":false},"excerpt":{"rendered":"<p>AK Parti Manavgat \u0130l\u00e7e Ba\u015fkan\u0131 Av. Ahmet Ali Erol ablas\u0131 Nuran \u00c7olak\u2019\u0131&nbsp; kaybetti. D\u00fcn \u00f6\u011fle namaz\u0131n\u0131 m\u00fcteakiben Sorgun mahallesinde topra\u011fa verilen m\u00fcteveffaya Allah\u2019tan rahmet, ailesi <a href=\"https:\/\/akdenizhaber.com.tr\/index.php\/2024\/01\/11\/baskan-erolun-acili-gunu\/\" class=\"read-more-link\">[more&#8230;]<\/a><\/p>\n","protected":false},"author":2,"featured_media":19560,"comment_status":"open","ping_status":"open","sticky":false,"template":"","format":"standard","meta":{"footnotes":""},"categories":[2],"tags":[],"class_list":["post-19559","post","type-post","status-publish","format-standard","has-post-thumbnail","hentry","category-gundem"],"_links":{"self":[{"href":"https:\/\/akdenizhaber.com.tr\/index.php\/wp-json\/wp\/v2\/posts\/19559","targetHints":{"allow":["GET"]}}],"collection":[{"href":"https:\/\/akdenizhaber.com.tr\/index.php\/wp-json\/wp\/v2\/posts"}],"about":[{"href":"https:\/\/akdenizhaber.com.tr\/index.php\/wp-json\/wp\/v2\/types\/post"}],"author":[{"embeddable":true,"href":"https:\/\/akdenizhaber.com.tr\/index.php\/wp-json\/wp\/v2\/users\/2"}],"replies":[{"embeddable":true,"href":"https:\/\/akdenizhaber.com.tr\/index.php\/wp-json\/wp\/v2\/comments?post=19559"}],"version-history":[{"count":0,"href":"https:\/\/akdenizhaber.com.tr\/index.php\/wp-json\/wp\/v2\/posts\/19559\/revisions"}],"wp:featuredmedia":[{"embeddable":true,"href":"https:\/\/akdenizhaber.com.tr\/index.php\/wp-json\/wp\/v2\/media\/19560"}],"wp:attachment":[{"href":"https:\/\/akdenizhaber.com.tr\/index.php\/wp-json\/wp\/v2\/media?parent=19559"}],"wp:term":[{"taxonomy":"category","embeddable":true,"href":"https:\/\/akdenizhaber.com.tr\/index.php\/wp-json\/wp\/v2\/categories?post=19559"},{"taxonomy":"post_tag","embeddable":true,"href":"https:\/\/akdenizhaber.com.tr\/index.php\/wp-json\/wp\/v2\/tags?post=19559"}],"curies":[{"name":"wp","href":"https:\/\/api.w.org\/{rel}","templated":true}]}}