{"id":19553,"date":"2024-01-11T13:35:05","date_gmt":"2024-01-11T10:35:05","guid":{"rendered":"https:\/\/akdenizhaber.com.tr\/?p=19553"},"modified":"2024-01-11T13:35:06","modified_gmt":"2024-01-11T10:35:06","slug":"finikede-aday-geyikci","status":"publish","type":"post","link":"https:\/\/akdenizhaber.com.tr\/index.php\/2024\/01\/11\/finikede-aday-geyikci\/","title":{"rendered":"Finike\u2019de aday Geyik\u00e7i"},"content":{"rendered":"\n<p><\/p>\n\n\n\n<p>Cumhuriyet Halk Partisi\u2019nde (CHP) Finike\u2019de mevcut Belediye Ba\u015fkan\u0131 Mustafa Geyik\u00e7i, yeniden aday g\u00f6sterildi. Yeniden aday g\u00f6sterilmesinin ard\u0131ndan a\u00e7\u0131klamalarda bulunan Mustafa Geyik\u00e7i, \u201cYapt\u0131\u011f\u0131m\u0131z \u00e7al\u0131\u015fmalar\u0131m\u0131z\u0131n takdir g\u00f6rmesi ile Genel Ba\u015fkan\u0131m\u0131z \u00d6zg\u00fcr \u00d6zel, MYK \u00dcyelerimiz ve Parti Meclisi\u2019mizin karar\u0131 ile yeniden aday g\u00f6sterilmenin mutlulu\u011funu ya\u015f\u0131yorum\u201d dedi.<\/p>\n\n\n\n<p><strong>Finike Belediye Ba\u015fkan aday\u0131 olman\u0131n mutlulu\u011funu ya\u015f\u0131yorum<\/strong><\/p>\n\n\n\n<p>Finike\u2019de 2019 yerel se\u00e7imlerinde Millet \u0130ttifak\u0131 ile 63 y\u0131l sonra CHP\u2019den se\u00e7ilerek Finike Belediye Ba\u015fkan\u0131 olan Mustafa Geyik\u00e7i, yeniden aday g\u00f6sterildi. Aday olarak g\u00f6sterilmesinin ard\u0131ndan bir a\u00e7\u0131klama yapan Mustafa Geyik\u00e7i, \u015funlar\u0131 s\u00f6yledi;<\/p>\n\n\n\n<p>\u201cG\u00f6reve geldi\u011fim 2019 y\u0131l\u0131ndan bu yana yapt\u0131\u011f\u0131m\u0131z \u00e7al\u0131\u015fmalar\u0131n takdir g\u00f6rmesi ile bug\u00fcn yeniden CHP Finike Belediye Ba\u015fkan aday\u0131 olman\u0131n mutlulu\u011funu ya\u015f\u0131yorum.<\/p>\n\n\n\n<p>\u0130lk olarak 5 y\u0131ld\u0131r yapt\u0131\u011f\u0131m\u0131z \u00e7al\u0131\u015fmalar\u0131n takdir g\u00f6rmesi ile beni yeniden aday g\u00f6steren Genel Ba\u015fkan\u0131m\u0131z \u00d6zg\u00fcr \u00d6zel\u2019e, MYK \u00dcyelerimize, PM \u00dcyelerimize, Antalya \u0130l Ba\u015fkan\u0131m\u0131z Nail Kamac\u0131\u2019ya ve \u0130l Y\u00f6netimimize, bug\u00fcne kadar desteklerini her zaman yan\u0131mda hissetti\u011fim CHP Finike \u0130l\u00e7e Ba\u015fkan\u0131m\u0131z Uygar \u00c7arban ve \u0130l\u00e7e Y\u00f6neticilerimiz ile parti \u00fcyelerimize te\u015fekk\u00fcr\u00fc bir bor\u00e7 biliyorum.<\/p>\n\n\n\n<p>Ayr\u0131ca, bug\u00fcne kadar yapt\u0131\u011f\u0131m\u0131z \u00e7al\u0131\u015fmalar\u0131m\u0131zda bizleri yaln\u0131z b\u0131rakmayan, deste\u011fini ve takdirini eksik etmeyen, g\u00f6reve geldi\u011fimiz g\u00fcnden bu yana g\u00f6r\u00fc\u015fleri ve \u00f6nerileriyle bizleri cesaretlendiren Finikeli hem\u015fehrilerimize de te\u015fekk\u00fcr ediyorum.<\/p>\n\n\n\n<p>Bug\u00fcne kadar yapt\u0131\u011f\u0131m\u0131z her \u00e7al\u0131\u015fmada, att\u0131\u011f\u0131m\u0131z her ad\u0131mda kendimize yol haritas\u0131 olarak belirledi\u011fimiz d\u00fcr\u00fcstl\u00fc\u011f\u00fc, \u015feffafl\u0131\u011f\u0131, sosyal belediyecili\u011fi, birliktelik k\u00fclt\u00fcr\u00fcn\u00fc yeni d\u00f6nemde de hi\u00e7 \u015fa\u015f\u0131rmadan s\u00fcrd\u00fcrece\u011fiz.<\/p>\n\n\n\n<p>Her vatanda\u015f\u0131m\u0131z\u0131n huzur buldu\u011fu, kendini g\u00fcvende hissetti\u011fi, y\u00fcz\u00fcn\u00fcn g\u00fcld\u00fc\u011f\u00fc, \u00e7evreci yakla\u015f\u0131mdan vazge\u00e7meyen, do\u011faya ve her canl\u0131ya dost bir Finike i\u00e7in 5 y\u0131l daha \u00e7al\u0131\u015faca\u011f\u0131z.<\/p>\n\n\n\n<p>Hem\u015fehrilerimizin hakk\u0131n\u0131 koruyan, ranta ve talana m\u00fcsaade etmeyen, kimseyi ay\u0131rmadan ve kay\u0131rmadan hizmet etmeye devam edece\u011fiz.<\/p>\n\n\n\n<p>Finike\u2019de g\u00f6rev yapt\u0131\u011f\u0131m\u0131z s\u00fcrece her vatanda\u015f\u0131m\u0131za dokunmaya \u00f6zen g\u00f6sterdik. Yeni d\u00f6nemde de hem\u015fehrilerimizin tevecc\u00fch\u00fc ile bir d\u00f6nem daha Finike\u2019yi yeni umutlarla gelece\u011fe ta\u015f\u0131mak i\u00e7in g\u00f6rev bekliyoruz.\u201d<\/p>\n\n\n\n<p><strong>Finike Belediyesi \/ B\u00fclten<\/strong><\/p>\n","protected":false},"excerpt":{"rendered":"<p>Cumhuriyet Halk Partisi\u2019nde (CHP) Finike\u2019de mevcut Belediye Ba\u015fkan\u0131 Mustafa Geyik\u00e7i, yeniden aday g\u00f6sterildi. Yeniden aday g\u00f6sterilmesinin ard\u0131ndan a\u00e7\u0131klamalarda bulunan Mustafa Geyik\u00e7i, \u201cYapt\u0131\u011f\u0131m\u0131z \u00e7al\u0131\u015fmalar\u0131m\u0131z\u0131n takdir g\u00f6rmesi <a href=\"https:\/\/akdenizhaber.com.tr\/index.php\/2024\/01\/11\/finikede-aday-geyikci\/\" class=\"read-more-link\">[more&#8230;]<\/a><\/p>\n","protected":false},"author":2,"featured_media":19554,"comment_status":"open","ping_status":"open","sticky":false,"template":"","format":"standard","meta":{"footnotes":""},"categories":[2],"tags":[],"class_list":["post-19553","post","type-post","status-publish","format-standard","has-post-thumbnail","hentry","category-gundem"],"_links":{"self":[{"href":"https:\/\/akdenizhaber.com.tr\/index.php\/wp-json\/wp\/v2\/posts\/19553","targetHints":{"allow":["GET"]}}],"collection":[{"href":"https:\/\/akdenizhaber.com.tr\/index.php\/wp-json\/wp\/v2\/posts"}],"about":[{"href":"https:\/\/akdenizhaber.com.tr\/index.php\/wp-json\/wp\/v2\/types\/post"}],"author":[{"embeddable":true,"href":"https:\/\/akdenizhaber.com.tr\/index.php\/wp-json\/wp\/v2\/users\/2"}],"replies":[{"embeddable":true,"href":"https:\/\/akdenizhaber.com.tr\/index.php\/wp-json\/wp\/v2\/comments?post=19553"}],"version-history":[{"count":0,"href":"https:\/\/akdenizhaber.com.tr\/index.php\/wp-json\/wp\/v2\/posts\/19553\/revisions"}],"wp:featuredmedia":[{"embeddable":true,"href":"https:\/\/akdenizhaber.com.tr\/index.php\/wp-json\/wp\/v2\/media\/19554"}],"wp:attachment":[{"href":"https:\/\/akdenizhaber.com.tr\/index.php\/wp-json\/wp\/v2\/media?parent=19553"}],"wp:term":[{"taxonomy":"category","embeddable":true,"href":"https:\/\/akdenizhaber.com.tr\/index.php\/wp-json\/wp\/v2\/categories?post=19553"},{"taxonomy":"post_tag","embeddable":true,"href":"https:\/\/akdenizhaber.com.tr\/index.php\/wp-json\/wp\/v2\/tags?post=19553"}],"curies":[{"name":"wp","href":"https:\/\/api.w.org\/{rel}","templated":true}]}}