{"id":19527,"date":"2024-01-10T13:44:51","date_gmt":"2024-01-10T10:44:51","guid":{"rendered":"https:\/\/akdenizhaber.com.tr\/?p=19527"},"modified":"2024-01-10T13:44:51","modified_gmt":"2024-01-10T10:44:51","slug":"aylin-tezcan-celik-belediye-baskan-adayi-mi","status":"publish","type":"post","link":"https:\/\/akdenizhaber.com.tr\/index.php\/2024\/01\/10\/aylin-tezcan-celik-belediye-baskan-adayi-mi\/","title":{"rendered":"Aylin Tezcan \u00c7elik Belediye Ba\u015fkan Aday\u0131 m\u0131?"},"content":{"rendered":"\n<p><\/p>\n\n\n\n<p>Demokrat Parti (DP) Millet \u0130ttifak\u0131\u2019n\u0131n kurulmas\u0131nda ba\u015f rol oynayan partilerin ba\u015f\u0131nda geliyordu. 14-28 Cumhurba\u015fkanl\u0131\u011f\u0131 se\u00e7iminde sahada yapt\u0131klar\u0131 \u00e7al\u0131\u015fmalarla bunu a\u00e7\u0131k\u00e7a ortaya koydular.<\/p>\n\n\n\n<p>CHP Genel Ba\u015fkan\u0131 Kemal K\u0131l\u0131\u00e7daro\u011flu\u2019nun cumhurba\u015fkan\u0131 adayl\u0131\u011f\u0131na destek a\u00e7\u0131klamas\u0131n\u0131 yapan ilk partiydi.&nbsp; Millet \u0130ttifak\u0131 i\u00e7erisinde olas\u0131 tart\u0131\u015fmalar\u0131n \u00f6n\u00fcn\u00fc kesmek ayr\u0131\u015fmalar\u0131 \u00f6nlemek i\u00e7in harcad\u0131\u011f\u0131 \u00e7abalar toplum haf\u0131zas\u0131nda yerini \u00e7oktan ald\u0131.<\/p>\n\n\n\n<p>DP\u2019nin o se\u00e7im d\u00f6nemindeki \u00e7al\u0131\u015fmalar\u0131n\u0131n hakk\u0131n\u0131 vermek laz\u0131m. Manavgat\u2019ta da durum farkl\u0131 de\u011fildi. DP\u2019nin \u00e7al\u0131\u015fkan il\u00e7e ba\u015fkan\u0131 Aylin Tezcan \u00c7elik, millet ittifak\u0131n\u0131n bile\u015fen partileri i\u00e7erisinde \u00e7al\u0131\u015fmalar\u0131yla g\u00f6z dolduran il\u00e7e ba\u015fkanlar\u0131n\u0131n ba\u015f\u0131nda geliyordu.<\/p>\n\n\n\n<p><strong>CHP bir te\u015fekk\u00fcr\u00fc bile \u00e7ok g\u00f6rd\u00fc<\/strong><\/p>\n\n\n\n<p>Ancak CHP\u2019nin karar vericileri milletvekili listeleri olu\u015fturulurken en b\u00fcy\u00fck haks\u0131zl\u0131\u011f\u0131 da DP\u2019ye yapt\u0131lar. DP taban\u0131 buna i\u00e7erlerken, \u00fclkenin mevcut durumunu g\u00f6z \u00f6n\u00fcnde bulundurarak seslerini \u00e7\u0131karmad\u0131. CHP\u2019de bir te\u015fekk\u00fcr bekliyorlard\u0131 ama maalesef o te\u015fekk\u00fcr bir t\u00fcrl\u00fc gelmedi. Amiyane tabirle \u2018\u00d6k\u00fcz \u00f6ld\u00fc, ortakl\u0131k bitti.\u201d Parsay\u0131 Saadet, Deva ve Gelecek partileri toplad\u0131.<\/p>\n\n\n\n<p>Yerel se\u00e7imlere say\u0131l\u0131 g\u00fcnler kala CHP\u2019nin, DP\u2019ye mesafeli duru\u015funda bir de\u011fi\u015fim olmad\u0131. CHP\u2019de genel ba\u015fkan de\u011fi\u015fti ama izlenmesi gereken birle\u015ftirici g\u00fc\u00e7 siyasetinde maalesef bir de\u011fi\u015fim olmad\u0131.<\/p>\n\n\n\n<p><strong>DP yerel se\u00e7imi masaya yat\u0131rd\u0131<\/strong><\/p>\n\n\n\n<p>\u00d6zg\u00fcr \u00d6zel\u2019in g\u00f6zlerinin \u00f6n\u00fcnde olan ama bir t\u00fcrl\u00fc g\u00f6remedi\u011fi DP, ayn\u0131 hatalar\u0131n tekrarlanmas\u0131 \u00fczerine yerel se\u00e7imlerde CHP\u2019yle i\u015fbirli\u011fini masaya yat\u0131rmak zorunda kald\u0131.<\/p>\n\n\n\n<p>Meclis\u2019teki \u00fc\u00e7 milletvekiliyle milletvekili say\u0131s\u0131 \u00e7ok olan partilerden daha iyi muhalefet yapan ve halk taraf\u0131ndan \u00e7ok sevilen DP Genel Ba\u015fkan Yard\u0131mc\u0131s\u0131 Cemal Enginyurt yapt\u0131\u011f\u0131 a\u00e7\u0131klamayla yerel se\u00e7im tavr\u0131n\u0131 net olarak ortaya koydu.<\/p>\n\n\n\n<p><strong>Kendi aday ve logolar\u0131yla se\u00e7ime gitme e\u011filimleri var<\/strong><\/p>\n\n\n\n<p>Enginyurt te\u015fkilatlara g\u00f6nderdi\u011fi talimatta; Partisinin her il-il\u00e7e ve beldede kendi adaylar\u0131yla ve logosuyla se\u00e7ime gidilece\u011fini bildirdi. Ve hatta daha da ileriye giderek, aday ba\u015fvurusu olmayan yerlerde parti ba\u015fkanlar\u0131n\u0131n adayl\u0131\u011f\u0131n\u0131 a\u00e7\u0131klamas\u0131n\u0131 istedi.<\/p>\n\n\n\n<p>Partinin karar\u0131n\u0131n ilk aya\u011f\u0131 Antalya\u2019n\u0131n Kemer il\u00e7esinde hayat buldu. Demokrat Parti\u2019nin Kemer Belediye Ba\u015fkan Aday\u0131 Halit \u00d6zdemir oldu.<\/p>\n\n\n\n<p>Halit \u00d6zdemir\u2019in aday tan\u0131t\u0131m lansman\u0131na Genel Ba\u015fkan G\u00fcltekin Uysal, Te\u015fkilatlardan Sorumlu Genel Ba\u015fkan Yard\u0131mc\u0131s\u0131 Muhtar Mahraml\u0131, Antalya il ba\u015fkan\u0131 Mahmut \u00c7il, il\u00e7e ba\u015fkanlar\u0131, partililer ile \u00e7ok say\u0131da vatanda\u015f\u0131n kat\u0131ld\u0131\u011f\u0131 g\u00f6r\u00fcld\u00fc.<\/p>\n\n\n\n<p><strong>CHP\u2019yi ele\u015ftirmedi ama k\u0131rg\u0131nd\u0131<\/strong><\/p>\n\n\n\n<p>Genel Ba\u015fkan G\u00fcltekin Uysal, her zamanki beyefendi ki\u015fili\u011fiyle \u00fclke siyaseti ve yerel se\u00e7imlerin \u00f6nemine dikkat \u00e7eken bir konu\u015fma yapt\u0131. Uysal, belki biraz k\u0131rg\u0131nd\u0131 ama kendisini kar\u015f\u0131lamaya gelen ve dinleyenlere kar\u015f\u0131 nezaketini korumas\u0131n\u0131 bildi, CHP\u2019yi ele\u015ftiren bir s\u00f6z etmedi.<\/p>\n\n\n\n<p><strong>Aylin Tezcan \u00c7elik Belediye Ba\u015fkan Aday\u0131 m\u0131?<\/strong><\/p>\n\n\n\n<p>Kemer\u2019deki aday tan\u0131t\u0131m toplant\u0131s\u0131na Manavgat\u2019tan da ciddi bir kat\u0131l\u0131m oldu. \u0130l\u00e7e Ba\u015fkan\u0131 \u00f6nderli\u011finde partiye emek vermi\u015f \u00f6nemli isimler Kemer\u2019deydi.<\/p>\n\n\n\n<p>DP\u2019deki geli\u015fmelere yak\u0131ndan izleyince; DP \u0130l\u00e7e Ba\u015fkan\u0131 Aylin Tezcan \u00c7elik\u2019in yak\u0131n bir zamanda Manavgat Belediye Ba\u015fkan Adayl\u0131\u011f\u0131n\u0131 a\u00e7\u0131klamas\u0131 siyaseten s\u00fcrpriz olmaz.<\/p>\n\n\n\n<p>Kemer aday tan\u0131t\u0131m toplant\u0131s\u0131nda benim edindi\u011fim izlenimlerim bu y\u00f6nde\u2026<\/p>\n\n\n\n<p>(Haber Merkezi)<\/p>\n","protected":false},"excerpt":{"rendered":"<p>Demokrat Parti (DP) Millet \u0130ttifak\u0131\u2019n\u0131n kurulmas\u0131nda ba\u015f rol oynayan partilerin ba\u015f\u0131nda geliyordu. 14-28 Cumhurba\u015fkanl\u0131\u011f\u0131 se\u00e7iminde sahada yapt\u0131klar\u0131 \u00e7al\u0131\u015fmalarla bunu a\u00e7\u0131k\u00e7a ortaya koydular. CHP Genel Ba\u015fkan\u0131 <a href=\"https:\/\/akdenizhaber.com.tr\/index.php\/2024\/01\/10\/aylin-tezcan-celik-belediye-baskan-adayi-mi\/\" class=\"read-more-link\">[more&#8230;]<\/a><\/p>\n","protected":false},"author":2,"featured_media":19528,"comment_status":"open","ping_status":"open","sticky":false,"template":"","format":"standard","meta":{"footnotes":""},"categories":[2],"tags":[],"class_list":["post-19527","post","type-post","status-publish","format-standard","has-post-thumbnail","hentry","category-gundem"],"_links":{"self":[{"href":"https:\/\/akdenizhaber.com.tr\/index.php\/wp-json\/wp\/v2\/posts\/19527","targetHints":{"allow":["GET"]}}],"collection":[{"href":"https:\/\/akdenizhaber.com.tr\/index.php\/wp-json\/wp\/v2\/posts"}],"about":[{"href":"https:\/\/akdenizhaber.com.tr\/index.php\/wp-json\/wp\/v2\/types\/post"}],"author":[{"embeddable":true,"href":"https:\/\/akdenizhaber.com.tr\/index.php\/wp-json\/wp\/v2\/users\/2"}],"replies":[{"embeddable":true,"href":"https:\/\/akdenizhaber.com.tr\/index.php\/wp-json\/wp\/v2\/comments?post=19527"}],"version-history":[{"count":0,"href":"https:\/\/akdenizhaber.com.tr\/index.php\/wp-json\/wp\/v2\/posts\/19527\/revisions"}],"wp:featuredmedia":[{"embeddable":true,"href":"https:\/\/akdenizhaber.com.tr\/index.php\/wp-json\/wp\/v2\/media\/19528"}],"wp:attachment":[{"href":"https:\/\/akdenizhaber.com.tr\/index.php\/wp-json\/wp\/v2\/media?parent=19527"}],"wp:term":[{"taxonomy":"category","embeddable":true,"href":"https:\/\/akdenizhaber.com.tr\/index.php\/wp-json\/wp\/v2\/categories?post=19527"},{"taxonomy":"post_tag","embeddable":true,"href":"https:\/\/akdenizhaber.com.tr\/index.php\/wp-json\/wp\/v2\/tags?post=19527"}],"curies":[{"name":"wp","href":"https:\/\/api.w.org\/{rel}","templated":true}]}}