{"id":19525,"date":"2024-01-10T13:44:19","date_gmt":"2024-01-10T10:44:19","guid":{"rendered":"https:\/\/akdenizhaber.com.tr\/?p=19525"},"modified":"2024-01-10T13:44:19","modified_gmt":"2024-01-10T10:44:19","slug":"anlayis","status":"publish","type":"post","link":"https:\/\/akdenizhaber.com.tr\/index.php\/2024\/01\/10\/anlayis\/","title":{"rendered":"Anlay\u0131\u015f"},"content":{"rendered":"\n<p>G\u00fcnayd\u0131n g\u00fczel insanlar\u2026<br>Anlay\u0131\u015f, insan ili\u015fkilerinde derin ve \u00f6nemli bir etkiye sahip olan bir kavramd\u0131r. Anlay\u0131\u015fl\u0131 olmak, empati kurmak ve ba\u015fkalar\u0131n\u0131n duygular\u0131n\u0131, d\u00fc\u015f\u00fcncelerini anlamak anlam\u0131na gelir. Bu nitelik, ki\u015filer aras\u0131 ili\u015fkilerde, i\u015f hayat\u0131nda ve toplumda daha pozitif ve sa\u011fl\u0131kl\u0131 bir ileti\u015fim kurmay\u0131 sa\u011flar. \u00d6ncelikle, anlay\u0131\u015fl\u0131 olmak, insanlar\u0131n duygular\u0131n\u0131 anlamak ve onlara sayg\u0131 g\u00f6stermek demektir. Kar\u015f\u0131m\u0131zdaki ki\u015finin bak\u0131\u015f a\u00e7\u0131s\u0131n\u0131 anlamak, onlar\u0131 dinlemek ve onlar\u0131n hissettiklerini \u00f6nemsemek, ili\u015fkilerde derin ba\u011flar kurulmas\u0131na olanak tan\u0131r. Anlay\u0131\u015fl\u0131 olmak, \u00e7at\u0131\u015fma ve anla\u015fmazl\u0131klar\u0131 \u00e7\u00f6zmeye yard\u0131mc\u0131 olabilir. \u0130nsanlar farkl\u0131 ge\u00e7mi\u015flere, k\u00fclt\u00fcrlere ve deneyimlere sahiptir. Bu farkl\u0131l\u0131klar\u0131 anlamak ve kabul etmek, anla\u015fmazl\u0131klar\u0131 daha etkili bir \u015fekilde \u00e7\u00f6zmeye ve uzla\u015fmaya yard\u0131mc\u0131 olabilir. Ayr\u0131ca, anlay\u0131\u015fl\u0131 olmak, i\u015f yerinde i\u015fbirli\u011fi ve ekip \u00e7al\u0131\u015fmas\u0131n\u0131 art\u0131rabilir. \u0130\u015f arkada\u015flar\u0131n\u0131n zorluklar\u0131n\u0131 anlamak ve destek olmak, \u00e7al\u0131\u015fma ortam\u0131n\u0131n daha verimli ve pozitif olmas\u0131n\u0131 sa\u011flayabilir. Anlay\u0131\u015fl\u0131 olman\u0131n \u00f6nemi, insanlar\u0131n kendilerini daha iyi ifade etmelerine de yard\u0131mc\u0131 olabilir. Ba\u015fkalar\u0131 taraf\u0131ndan anla\u015f\u0131ld\u0131klar\u0131n\u0131 hisseden bireyler, kendilerini daha rahat ifade edebilir ve duygusal olarak daha dengeli olabilirler. Bir toplumda anlay\u0131\u015f\u0131n yayg\u0131n olmas\u0131, daha dayan\u0131\u015fmac\u0131 bir ortam\u0131n olu\u015fmas\u0131na katk\u0131da bulunabilir. Anlay\u0131\u015fl\u0131 bireylerin bulundu\u011fu bir toplumda, insanlar daha az yarg\u0131lan\u0131r, daha fazla desteklenir ve daha olumlu bir ortamda ya\u015fama \u015fans\u0131 elde ederler. Anlay\u0131\u015fl\u0131 olmak, insanlar\u0131 daha mutlu ve sa\u011fl\u0131kl\u0131 k\u0131labilir. Kendi duygular\u0131n\u0131 ve ba\u015fkalar\u0131n\u0131n duygular\u0131n\u0131 anlamak, insanlar\u0131n empati kurmas\u0131na ve daha sa\u011fl\u0131kl\u0131 ili\u015fkiler geli\u015ftirmesine yard\u0131mc\u0131 olabilir. Bu da ruhsal ve duygusal a\u00e7\u0131dan daha tatmin edici bir ya\u015fam s\u00fcrmelerine olanak tan\u0131r. Bu nedenlerle hayat rutininize anlay\u0131\u015fl\u0131 olmay\u0131 eklemek ki\u015fisel geli\u015fiminiz ve insan ili\u015fkileriniz \u00fczerinde olduk\u00e7a faydal\u0131 olacakt\u0131r.<\/p>\n\n\n\n<p>ESRA \u0130\u00c7G\u00d6Z<\/p>\n","protected":false},"excerpt":{"rendered":"<p>G\u00fcnayd\u0131n g\u00fczel insanlar\u2026Anlay\u0131\u015f, insan ili\u015fkilerinde derin ve \u00f6nemli bir etkiye sahip olan bir kavramd\u0131r. Anlay\u0131\u015fl\u0131 olmak, empati kurmak ve ba\u015fkalar\u0131n\u0131n duygular\u0131n\u0131, d\u00fc\u015f\u00fcncelerini anlamak anlam\u0131na gelir. <a href=\"https:\/\/akdenizhaber.com.tr\/index.php\/2024\/01\/10\/anlayis\/\" class=\"read-more-link\">[more&#8230;]<\/a><\/p>\n","protected":false},"author":2,"featured_media":19310,"comment_status":"open","ping_status":"open","sticky":false,"template":"","format":"standard","meta":{"footnotes":""},"categories":[2],"tags":[],"class_list":["post-19525","post","type-post","status-publish","format-standard","has-post-thumbnail","hentry","category-gundem"],"_links":{"self":[{"href":"https:\/\/akdenizhaber.com.tr\/index.php\/wp-json\/wp\/v2\/posts\/19525","targetHints":{"allow":["GET"]}}],"collection":[{"href":"https:\/\/akdenizhaber.com.tr\/index.php\/wp-json\/wp\/v2\/posts"}],"about":[{"href":"https:\/\/akdenizhaber.com.tr\/index.php\/wp-json\/wp\/v2\/types\/post"}],"author":[{"embeddable":true,"href":"https:\/\/akdenizhaber.com.tr\/index.php\/wp-json\/wp\/v2\/users\/2"}],"replies":[{"embeddable":true,"href":"https:\/\/akdenizhaber.com.tr\/index.php\/wp-json\/wp\/v2\/comments?post=19525"}],"version-history":[{"count":0,"href":"https:\/\/akdenizhaber.com.tr\/index.php\/wp-json\/wp\/v2\/posts\/19525\/revisions"}],"wp:featuredmedia":[{"embeddable":true,"href":"https:\/\/akdenizhaber.com.tr\/index.php\/wp-json\/wp\/v2\/media\/19310"}],"wp:attachment":[{"href":"https:\/\/akdenizhaber.com.tr\/index.php\/wp-json\/wp\/v2\/media?parent=19525"}],"wp:term":[{"taxonomy":"category","embeddable":true,"href":"https:\/\/akdenizhaber.com.tr\/index.php\/wp-json\/wp\/v2\/categories?post=19525"},{"taxonomy":"post_tag","embeddable":true,"href":"https:\/\/akdenizhaber.com.tr\/index.php\/wp-json\/wp\/v2\/tags?post=19525"}],"curies":[{"name":"wp","href":"https:\/\/api.w.org\/{rel}","templated":true}]}}