{"id":19510,"date":"2024-01-10T13:40:38","date_gmt":"2024-01-10T10:40:38","guid":{"rendered":"https:\/\/akdenizhaber.com.tr\/?p=19510"},"modified":"2024-01-10T13:40:38","modified_gmt":"2024-01-10T10:40:38","slug":"ilica-mah-muhtar-adayi-turan-durmus","status":"publish","type":"post","link":"https:\/\/akdenizhaber.com.tr\/index.php\/2024\/01\/10\/ilica-mah-muhtar-adayi-turan-durmus\/","title":{"rendered":"Il\u0131ca Mah. Muhtar Aday\u0131 Turan Durmu\u015f"},"content":{"rendered":"\n<p><\/p>\n\n\n\n<p>Manavgat Il\u0131ca Mahallesi Muhtar Aday\u0131 Turan Durmu\u015f, \u201cHayali olan, hayalini ger\u00e7ekle\u015ftirmek i\u00e7in inan\u00e7la, imanla, y\u00fcre\u011fiyle m\u00fccadele eden insanlar\u0131n ba\u015far\u0131l\u0131 olduklar\u0131 istatiksel olarak da kan\u0131tlanm\u0131\u015ft\u0131r. Il\u0131ca i\u00e7in hayallerim var. Bunu sizlerle birlikte ba\u015faraca\u011f\u0131z\u201d dedi.<\/p>\n\n\n\n<p>\u201cMahalleli Samimi Y\u00fczler \u0130stiyor\u201d<\/p>\n\n\n\n<p>Aslen Trabzon do\u011fumlu oldu\u011funu ancak Otuz y\u0131ld\u0131r Manavgat \/ Il\u0131ca Mahallesi\u2019nde ikamet etti\u011fini ve Il\u0131ca\u2019yla birlikte b\u00fcy\u00fcy\u00fcp geli\u015fti\u011fini belirten Durmu\u015f, \u201cIl\u0131cam\u0131za katk\u0131 veren \u00f6ncelikle eski belediye ba\u015fkanlar\u0131m\u0131za ve muhtarlar\u0131m\u0131za te\u015fekk\u00fcr ederim. \u015eimdi g\u00f6rev yapma s\u0131ras\u0131 bizlerde. D\u00fcnyada bir\u00e7ok \u015fey de\u011fi\u015fip, yenilenirken bizlerin ge\u00e7mi\u015fe tak\u0131l\u0131p, yorgun isimlerle yola devam etmek i\u00e7in \u0131srarc\u0131 olunmas\u0131n\u0131n faydadan ziyade zarar\u0131 olacakt\u0131r. Mahalleli de\u011fi\u015fim istiyor, Mahalleli ula\u015fabilece\u011fi, derdini anlatabilece\u011fi samimi y\u00fczler istiyor. Emekli bir gemi kaptan\u0131 olarak \u00e7ar\u015f\u0131da, pazarda gezerken, kahvede otururken Il\u0131ca mahallemiz i\u00e7in muhtarl\u0131\u011f\u0131n neler yapmas\u0131yla ilgili d\u00fc\u015f\u00fcncelerimi anlat\u0131yor, projelerimi s\u0131ral\u0131yordum. Mahalli \u0130dareler se\u00e7imlerinin tarihi netle\u015fince, mahalle sakinleri muhtarl\u0131\u011fa adayl\u0131\u011f\u0131m\u0131 koymam\u0131 istedi. \u00d6nceleri biraz da olsa \u00e7ekincelerim vard\u0131. Ama ayn\u0131 zamanda di\u011fer tarafta mahalle sakinlerinin yo\u011fun \u0131srar\u0131 vard\u0131. Ac\u0131da, sevin\u00e7te hayat\u0131 ortak ya\u015fad\u0131\u011f\u0131m\u0131z, ayn\u0131 g\u00f6ky\u00fcz\u00fc alt\u0131nda hayallerimizi ve umutlar\u0131 payla\u015ft\u0131\u011f\u0131m mahalle sakinlerimin iste\u011fini k\u0131ramad\u0131m ve bu yo\u011fun duyguyla aday oldum\u201d dedi.<\/p>\n\n\n\n<p>\u201cMuhtarl\u0131\u011f\u0131n etiketine ve Gelirine ihtiyac\u0131m yok!\u201d<\/p>\n\n\n\n<p>Muhtarl\u0131k makam\u0131n\u0131n ne etiketine ne de maa\u015f\u0131na ihtiyac\u0131 olmad\u0131\u011f\u0131n\u0131n alt\u0131n\u0131 \u00e7izen Il\u0131ca Mahallesi Muhtar Aday\u0131 Turan Durmu\u015f, bir insan ya\u015fad\u0131\u011f\u0131 ve k\u00f6k sald\u0131\u011f\u0131 bir kentte, mahallede aidiyet duygusunu \u015fayet i\u00e7selle\u015ftirememi\u015fse \u00e7ok fazla s\u00f6yleyecek bir s\u00f6z\u00fcn\u00fcn de olamayaca\u011f\u0131n\u0131 ifade etti.<\/p>\n\n\n\n<p>Il\u0131ca Mahallesi Muhtar Aday\u0131 Turan Durmu\u015f evli ve \u00fc\u00e7 \u00e7ocuk babas\u0131.<\/p>\n\n\n\n<p>(Haber Merkezi)<\/p>\n","protected":false},"excerpt":{"rendered":"<p>Manavgat Il\u0131ca Mahallesi Muhtar Aday\u0131 Turan Durmu\u015f, \u201cHayali olan, hayalini ger\u00e7ekle\u015ftirmek i\u00e7in inan\u00e7la, imanla, y\u00fcre\u011fiyle m\u00fccadele eden insanlar\u0131n ba\u015far\u0131l\u0131 olduklar\u0131 istatiksel olarak da kan\u0131tlanm\u0131\u015ft\u0131r. Il\u0131ca <a href=\"https:\/\/akdenizhaber.com.tr\/index.php\/2024\/01\/10\/ilica-mah-muhtar-adayi-turan-durmus\/\" class=\"read-more-link\">[more&#8230;]<\/a><\/p>\n","protected":false},"author":2,"featured_media":19511,"comment_status":"open","ping_status":"open","sticky":false,"template":"","format":"standard","meta":{"footnotes":""},"categories":[2],"tags":[],"class_list":["post-19510","post","type-post","status-publish","format-standard","has-post-thumbnail","hentry","category-gundem"],"_links":{"self":[{"href":"https:\/\/akdenizhaber.com.tr\/index.php\/wp-json\/wp\/v2\/posts\/19510","targetHints":{"allow":["GET"]}}],"collection":[{"href":"https:\/\/akdenizhaber.com.tr\/index.php\/wp-json\/wp\/v2\/posts"}],"about":[{"href":"https:\/\/akdenizhaber.com.tr\/index.php\/wp-json\/wp\/v2\/types\/post"}],"author":[{"embeddable":true,"href":"https:\/\/akdenizhaber.com.tr\/index.php\/wp-json\/wp\/v2\/users\/2"}],"replies":[{"embeddable":true,"href":"https:\/\/akdenizhaber.com.tr\/index.php\/wp-json\/wp\/v2\/comments?post=19510"}],"version-history":[{"count":0,"href":"https:\/\/akdenizhaber.com.tr\/index.php\/wp-json\/wp\/v2\/posts\/19510\/revisions"}],"wp:featuredmedia":[{"embeddable":true,"href":"https:\/\/akdenizhaber.com.tr\/index.php\/wp-json\/wp\/v2\/media\/19511"}],"wp:attachment":[{"href":"https:\/\/akdenizhaber.com.tr\/index.php\/wp-json\/wp\/v2\/media?parent=19510"}],"wp:term":[{"taxonomy":"category","embeddable":true,"href":"https:\/\/akdenizhaber.com.tr\/index.php\/wp-json\/wp\/v2\/categories?post=19510"},{"taxonomy":"post_tag","embeddable":true,"href":"https:\/\/akdenizhaber.com.tr\/index.php\/wp-json\/wp\/v2\/tags?post=19510"}],"curies":[{"name":"wp","href":"https:\/\/api.w.org\/{rel}","templated":true}]}}