{"id":19495,"date":"2024-01-09T14:32:23","date_gmt":"2024-01-09T11:32:23","guid":{"rendered":"https:\/\/akdenizhaber.com.tr\/?p=19495"},"modified":"2024-01-09T14:32:23","modified_gmt":"2024-01-09T11:32:23","slug":"erkilinctan-10-ocak-calisan-gazeteciler-gunu-mesaji","status":"publish","type":"post","link":"https:\/\/akdenizhaber.com.tr\/index.php\/2024\/01\/09\/erkilinctan-10-ocak-calisan-gazeteciler-gunu-mesaji\/","title":{"rendered":"Erk\u0131l\u0131n\u00e7\u2019tan 10 Ocak \u00c7al\u0131\u015fan Gazeteciler G\u00fcn\u00fc mesaj\u0131"},"content":{"rendered":"\n<p><\/p>\n\n\n\n<p>Bas\u0131n \u0130lan Kurumu Genel M\u00fcd\u00fcr\u00fc Cavit Erk\u0131l\u0131n\u00e7, b\u00fcy\u00fck \u00f6zveri ve gayretle \u00f6nemli bir kamu g\u00f6revini yerine getiren gazetecilerin bug\u00fcne kadar oldu\u011fu gibi her daim yanlar\u0131nda olacaklar\u0131n\u0131 s\u00f6yledi.<\/p>\n\n\n\n<p>Bas\u0131n \u0130lan Kurumu Genel M\u00fcd\u00fcr\u00fc Cavit Erk\u0131l\u0131n\u00e7, \u201810 Ocak \u00c7al\u0131\u015fan Gazeteciler G\u00fcn\u00fc\u2019 dolay\u0131s\u0131yla bir kutlama mesaj\u0131 yay\u0131mlad\u0131.<\/p>\n\n\n\n<p>Mesleklerini ifa ederken farkl\u0131 d\u00fcnya g\u00f6r\u00fc\u015flerine ra\u011fmen haberlerinde nesnel dili tercih eden bas\u0131n mensuplar\u0131n\u0131n demokrasimizin g\u00fc\u00e7lenmesinde, toplumumuzun geli\u015fmesinde ve mill\u00ee birli\u011fimizin sa\u011flanmas\u0131nda \u00f6nemli bir kamu g\u00f6revi \u00fcstlendi\u011fini kaydeden Erk\u0131l\u0131n\u00e7, \u201cMesleki de\u011ferlere tam ba\u011fl\u0131l\u0131kla \u00e7al\u0131\u015fmalar\u0131n\u0131 s\u00fcrd\u00fcrece\u011fine inand\u0131\u011f\u0131m T\u00fcrk bas\u0131n\u0131nda, i\u015f g\u00fcvencesi, verilen eme\u011fin kar\u015f\u0131l\u0131\u011f\u0131n\u0131n al\u0131nmas\u0131 ve kay\u0131t d\u0131\u015f\u0131 istihdam\u0131n \u00f6nlenmesine y\u00f6nelik beklentileri; mutlaka \u00e7\u00f6z\u00fcme kavu\u015fturulmas\u0131 gereken hakl\u0131 talepler olarak g\u00f6r\u00fcyor ve ko\u015fulsuz destekliyorum\u201d a\u00e7\u0131klamas\u0131nda bulundu.<\/p>\n\n\n\n<p>6 \u015eubat 2023 depremlerinde ve Filistin\u2019de g\u00f6revini yaparken ya\u015fam\u0131n\u0131 yitiren gazetecilere rahmet dileyen Genel M\u00fcd\u00fcr Erk\u0131l\u0131n\u00e7, \u015fu ifadelere yer verdi:<\/p>\n\n\n\n<p>\u201c\u00dclkemizde ve d\u00fcnyan\u0131n her bir k\u00f6\u015fesinde zaman mefhumu g\u00f6zetmeksizin b\u00fcy\u00fck bir \u00f6zveri ve gayret ile vazifelerini s\u00fcrd\u00fcren bas\u0131n \u00e7al\u0131\u015fanlar\u0131m\u0131z\u0131n bug\u00fcne kadar oldu\u011fu gibi her daim yanlar\u0131nda bulunaca\u011f\u0131m\u0131z\u0131 ifade etmek istiyorum.&nbsp; Bu duygu ve d\u00fc\u015f\u00fcncelerle 10 Ocak \u00c7al\u0131\u015fan Gazeteciler G\u00fcn\u00fc\u2019n\u00fc kutluyor, medya emek\u00e7ilerine \u00e7al\u0131\u015fmalar\u0131nda ba\u015far\u0131lar ve kolayl\u0131klar diliyorum. 6 \u015eubat 2023 depremlerinde ve \u0130srail sald\u0131r\u0131lar\u0131 sonucu Filistin\u2019de ya\u015fam\u0131n\u0131 yitiren bas\u0131n mensuplar\u0131m\u0131z ba\u015fta olmak \u00fczere, meslek ya\u015famlar\u0131 boyunca daha adil bir d\u00fcnya in\u015fa etmek arzusuyla hakikat pe\u015finde yal\u0131n kalem ko\u015fan ve ebediyete irtihal eden t\u00fcm gazetecilerimize, Y\u00fcce Allah\u2019tan rahmet niyaz ediyorum.\u201d<\/p>\n\n\n\n<p>(Haber Merkezi)<\/p>\n","protected":false},"excerpt":{"rendered":"<p>Bas\u0131n \u0130lan Kurumu Genel M\u00fcd\u00fcr\u00fc Cavit Erk\u0131l\u0131n\u00e7, b\u00fcy\u00fck \u00f6zveri ve gayretle \u00f6nemli bir kamu g\u00f6revini yerine getiren gazetecilerin bug\u00fcne kadar oldu\u011fu gibi her daim yanlar\u0131nda <a href=\"https:\/\/akdenizhaber.com.tr\/index.php\/2024\/01\/09\/erkilinctan-10-ocak-calisan-gazeteciler-gunu-mesaji\/\" class=\"read-more-link\">[more&#8230;]<\/a><\/p>\n","protected":false},"author":2,"featured_media":19496,"comment_status":"open","ping_status":"open","sticky":false,"template":"","format":"standard","meta":{"footnotes":""},"categories":[2],"tags":[],"class_list":["post-19495","post","type-post","status-publish","format-standard","has-post-thumbnail","hentry","category-gundem"],"_links":{"self":[{"href":"https:\/\/akdenizhaber.com.tr\/index.php\/wp-json\/wp\/v2\/posts\/19495","targetHints":{"allow":["GET"]}}],"collection":[{"href":"https:\/\/akdenizhaber.com.tr\/index.php\/wp-json\/wp\/v2\/posts"}],"about":[{"href":"https:\/\/akdenizhaber.com.tr\/index.php\/wp-json\/wp\/v2\/types\/post"}],"author":[{"embeddable":true,"href":"https:\/\/akdenizhaber.com.tr\/index.php\/wp-json\/wp\/v2\/users\/2"}],"replies":[{"embeddable":true,"href":"https:\/\/akdenizhaber.com.tr\/index.php\/wp-json\/wp\/v2\/comments?post=19495"}],"version-history":[{"count":0,"href":"https:\/\/akdenizhaber.com.tr\/index.php\/wp-json\/wp\/v2\/posts\/19495\/revisions"}],"wp:featuredmedia":[{"embeddable":true,"href":"https:\/\/akdenizhaber.com.tr\/index.php\/wp-json\/wp\/v2\/media\/19496"}],"wp:attachment":[{"href":"https:\/\/akdenizhaber.com.tr\/index.php\/wp-json\/wp\/v2\/media?parent=19495"}],"wp:term":[{"taxonomy":"category","embeddable":true,"href":"https:\/\/akdenizhaber.com.tr\/index.php\/wp-json\/wp\/v2\/categories?post=19495"},{"taxonomy":"post_tag","embeddable":true,"href":"https:\/\/akdenizhaber.com.tr\/index.php\/wp-json\/wp\/v2\/tags?post=19495"}],"curies":[{"name":"wp","href":"https:\/\/api.w.org\/{rel}","templated":true}]}}