{"id":19492,"date":"2024-01-09T13:02:15","date_gmt":"2024-01-09T10:02:15","guid":{"rendered":"https:\/\/akdenizhaber.com.tr\/?p=19492"},"modified":"2024-01-09T13:02:16","modified_gmt":"2024-01-09T10:02:16","slug":"8-11-subat-2024-tarihleri-arasinda-5-kez-duzenlenecek-tour-of-antalya-icin-geri-sayim-basladi","status":"publish","type":"post","link":"https:\/\/akdenizhaber.com.tr\/index.php\/2024\/01\/09\/8-11-subat-2024-tarihleri-arasinda-5-kez-duzenlenecek-tour-of-antalya-icin-geri-sayim-basladi\/","title":{"rendered":"8-11 \u015eubat 2024 tarihleri aras\u0131nda 5. kez d\u00fczenlenecek                                                                      Tour Of Antalya \u0130\u00e7in Geri Say\u0131m Ba\u015flad\u0131"},"content":{"rendered":"\n<p><\/p>\n\n\n\n<p>Uluslararas\u0131 Bisiklet Birli\u011fi&nbsp;UCI &#8216;nin uluslararas\u0131 yol bisikleti takviminde 2.1 kategorisinde yer alan ve 4 etaptan olu\u015fan \u201cTOUR OF ANTALYA powered by AKRA\u201d yar\u0131\u015fmas\u0131 8-11 \u015eubat 2024 tarihleri aras\u0131nda Antalya\u2019da be\u015finci kez d\u00fczenlenecek. Etaplar \u015f\u00f6yle belirlendi:<\/p>\n\n\n\n<p><a href=\"https:\/\/tourofantalya.com\/tr\/etap\/etap_1_side-antalya\">S11. Etap: Side &#8211; Antalya<\/a> <a href=\"https:\/\/tourofantalya.com\/tr\/etap\/etap_2_demre-antalya\">2. Etap: Demre &#8211; Antalya<\/a> <a href=\"https:\/\/tourofantalya.com\/tr\/etap\/etap_3_kemer-tahtali\">3. Etap: Kemer &#8211; Tahtal\u0131<\/a> <a href=\"https:\/\/tourofantalya.com\/tr\/etap\/etap_4_antalya-antalya\">4. Etap: Antalya &#8211; Antalya<\/a> etapl\u0131 yol yar\u0131\u015f\u0131 Tour Of Antalya i\u00e7in Vali Hulusi \u015eahin Ba\u015fkanl\u0131\u011f\u0131nda bir koordinasyon toplant\u0131s\u0131 ger\u00e7ekle\u015fti. Toplant\u0131ya Vali Hulusi \u015eahin\u2019in yan\u0131 s\u0131ra Antalya B\u00fcy\u00fck\u015fehir Belediyesi Genel Sekreteri Cansel \u00c7evikol Tuncer, Vali Yard\u0131mc\u0131s\u0131 Yal\u00e7\u0131n Sezgin, Kaymakamlar, \u0130l\u00e7e Belediye Ba\u015fkanlar\u0131, \u0130l Jandarma Komutan\u0131 Tu\u011fg. Tar\u0131k Hekimo\u011flu, \u0130l Emniyet M\u00fcd\u00fcr\u00fc Orhan \u00c7evik, Bisiklet Federasyonu Ba\u015fkan\u0131 Emin M\u00fcft\u00fco\u011flu, Proje Direkt\u00f6r\u00fc Haluk \u00d6zsevim, Organizasyon Direkt\u00f6r\u00fc Ayd\u0131n Ayhan G\u00fcney, Ana Sponsor Haydar Barut ve ilgili kurum temsilcileri kat\u0131ld\u0131.<\/p>\n\n\n\n<p>Turizmde Hedeflerimize Ula\u015fmak \u0130\u00e7in Her Arg\u00fcman\u0131 Kullanaca\u011f\u0131z<br>Toplant\u0131da bisiklet sporunun Antalya ile \u00e7ok \u00f6rt\u00fc\u015ft\u00fc\u011f\u00fcne dikkat \u00e7eken Vali \u015eahin \u201cTurizmi 12 aya yaymak, &nbsp;Antalyan\u0131n marka de\u011ferini art\u0131rmak a\u00e7\u0131s\u0131ndan \u00e7ok faydal\u0131 g\u00f6rd\u00fc\u011f\u00fcm bu etkinlikleri \u00e7e\u015fitlendirerek b\u00fcy\u00fctmenin aray\u0131\u015f\u0131 i\u00e7indeyiz. Spor bu anlamda \u00e7ok g\u00fczel bir arg\u00fcman. Sportif, k\u00fclt\u00fcrel ve bilimsel olarak daha b\u00fcy\u00fck \u00e7apta faaliyetler yapaca\u011f\u0131z. Bu etkinlikleri b\u00fcy\u00fctt\u00fck\u00e7e birim etkinlikten elde etti\u011fimiz gelir de art\u0131racakt\u0131r. T\u00fcrkiye\u2019nin toplam turizm hedeflerine ula\u015fmada kilometre ta\u015f\u0131 olacakt\u0131r. Biliyorsunuz 2028 y\u0131l\u0131nda 100 milyon turist 100 milyar dolar gelir hedefimiz var. Bu yolda y\u00fcr\u00fcyece\u011fiz. Bu y\u00fcksek \u00e7\u0131taya ula\u015fabilmek i\u00e7in her arg\u00fcman\u0131 kullanaca\u011f\u0131z. Kamu, STK\u2019ler belediyelerimiz ve t\u00fcm ilgili kurumlar\u0131m\u0131zla ahenk i\u00e7inde \u00e7al\u0131\u015fmaya devam edece\u011fiz. Bu anlamda \u015fimdiye kadar g\u00fczel i\u015f birli\u011fine \u00f6rnek olan Tour of Antalya\u2019n\u0131n haz\u0131rlanmas\u0131nda eme\u011fi ge\u00e7en herkese te\u015fekk\u00fcr ediyor, organizasyon \u00e7al\u0131\u015fmalar\u0131nda ba\u015far\u0131lar diliyorum.\u201d dedi.<\/p>\n\n\n\n<p>Pedallar\u0131n Ritmiyle Tarih ve Do\u011fay\u0131 Ke\u015ffedecekler<br>Tour of Antalya Proje Direkt\u00f6r\u00fc Haluk \u00d6zsevim ve ekip arkada\u015flar\u0131 toplant\u0131da kat\u0131l\u0131mc\u0131lara, 8-11 \u015eubat 2024 tarihleri aras\u0131nda d\u00fczenlenecek organizasyonun etaplar\u0131 hakk\u0131nda sunum yapt\u0131.<br>Cumhurba\u015fkanl\u0131\u011f\u0131 Bisiklet Turu\u2019ndan sonra T\u00fcrkiye\u2019nin en b\u00fcy\u00fck ikinci bisiklet yol yar\u0131\u015f\u0131 unvan\u0131na sahip olan Tour Of Antalya\u2019da, her y\u0131l oldu\u011fu gibi bu y\u0131l da d\u00fcnyan\u0131n d\u00f6rt bir taraf\u0131ndan \u00fcnl\u00fc bisiklet tak\u0131mlar\u0131 Antalya\u2019da pedal \u00e7evirecek. Her y\u0131l farkl\u0131 bir temayla dikkat \u00e7eken Tour Of Antalya bu y\u0131l \u201cPedallar\u0131n ritmiyle tarihi ve do\u011fay\u0131 ke\u015ffet\u201c temas\u0131yla ger\u00e7ekle\u015fecek.<\/p>\n\n\n\n<p>(Haber Merkezi)<\/p>\n","protected":false},"excerpt":{"rendered":"<p>Uluslararas\u0131 Bisiklet Birli\u011fi&nbsp;UCI &#8216;nin uluslararas\u0131 yol bisikleti takviminde 2.1 kategorisinde yer alan ve 4 etaptan olu\u015fan \u201cTOUR OF ANTALYA powered by AKRA\u201d yar\u0131\u015fmas\u0131 8-11 \u015eubat <a href=\"https:\/\/akdenizhaber.com.tr\/index.php\/2024\/01\/09\/8-11-subat-2024-tarihleri-arasinda-5-kez-duzenlenecek-tour-of-antalya-icin-geri-sayim-basladi\/\" class=\"read-more-link\">[more&#8230;]<\/a><\/p>\n","protected":false},"author":2,"featured_media":19493,"comment_status":"open","ping_status":"open","sticky":false,"template":"","format":"standard","meta":{"footnotes":""},"categories":[2],"tags":[],"class_list":["post-19492","post","type-post","status-publish","format-standard","has-post-thumbnail","hentry","category-gundem"],"_links":{"self":[{"href":"https:\/\/akdenizhaber.com.tr\/index.php\/wp-json\/wp\/v2\/posts\/19492","targetHints":{"allow":["GET"]}}],"collection":[{"href":"https:\/\/akdenizhaber.com.tr\/index.php\/wp-json\/wp\/v2\/posts"}],"about":[{"href":"https:\/\/akdenizhaber.com.tr\/index.php\/wp-json\/wp\/v2\/types\/post"}],"author":[{"embeddable":true,"href":"https:\/\/akdenizhaber.com.tr\/index.php\/wp-json\/wp\/v2\/users\/2"}],"replies":[{"embeddable":true,"href":"https:\/\/akdenizhaber.com.tr\/index.php\/wp-json\/wp\/v2\/comments?post=19492"}],"version-history":[{"count":0,"href":"https:\/\/akdenizhaber.com.tr\/index.php\/wp-json\/wp\/v2\/posts\/19492\/revisions"}],"wp:featuredmedia":[{"embeddable":true,"href":"https:\/\/akdenizhaber.com.tr\/index.php\/wp-json\/wp\/v2\/media\/19493"}],"wp:attachment":[{"href":"https:\/\/akdenizhaber.com.tr\/index.php\/wp-json\/wp\/v2\/media?parent=19492"}],"wp:term":[{"taxonomy":"category","embeddable":true,"href":"https:\/\/akdenizhaber.com.tr\/index.php\/wp-json\/wp\/v2\/categories?post=19492"},{"taxonomy":"post_tag","embeddable":true,"href":"https:\/\/akdenizhaber.com.tr\/index.php\/wp-json\/wp\/v2\/tags?post=19492"}],"curies":[{"name":"wp","href":"https:\/\/api.w.org\/{rel}","templated":true}]}}