{"id":19478,"date":"2024-01-09T12:59:34","date_gmt":"2024-01-09T09:59:34","guid":{"rendered":"https:\/\/akdenizhaber.com.tr\/?p=19478"},"modified":"2024-01-09T12:59:35","modified_gmt":"2024-01-09T09:59:35","slug":"atanamayan-uzmanlar-dernegi-kadin-kollari-il-baskanlarindan-yurek-burkan-aciklamalar","status":"publish","type":"post","link":"https:\/\/akdenizhaber.com.tr\/index.php\/2024\/01\/09\/atanamayan-uzmanlar-dernegi-kadin-kollari-il-baskanlarindan-yurek-burkan-aciklamalar\/","title":{"rendered":"Atanamayan Uzmanlar Derne\u011fi                                      Kad\u0131n Kollar\u0131 \u0130l Ba\u015fkanlar\u0131\u2019ndan y\u00fcrek burkan a\u00e7\u0131klamalar!"},"content":{"rendered":"\n<p><\/p>\n\n\n\n<p>T\u00fcrkiye\u2019nin d\u00f6rt bir yan\u0131ndan Atanamayan Uzmanlar Derne\u011fi Kad\u0131n Kollar\u0131 \u0130l Ba\u015fkanlar\u0131 T\u00fcrk Silahl\u0131 Kuvvetleri&#8217;nde g\u00f6rev yapm\u0131\u015f ve ailevi sebeplerle istifa etmek zorunda kalan eski uzman \u00e7avu\u015flar\u0131n aileleri, ya\u015fad\u0131klar\u0131 \u00e7aresizli\u011fi dile getirdi. Atanamayan Uzmanlar Derne\u011fi Kad\u0131n Kollar\u0131 \u0130l Ba\u015fkanlar\u0131, \u00e7ocuklar\u0131yla aylarca hatta y\u0131llarca g\u00f6r\u00fc\u015fememenin, e\u015flerinin vatan i\u00e7in g\u00f6rev yaparken ya\u015fad\u0131\u011f\u0131 korkular\u0131n ve ailelerin psikolojik s\u0131k\u0131nt\u0131lar\u0131n\u0131n anla\u015f\u0131lmad\u0131\u011f\u0131n\u0131 vurgulad\u0131.<\/p>\n\n\n\n<p>Kad\u0131n Kollar\u0131 \u0130l Ba\u015fkanlar\u0131, vatan m\u00fccadelesinde en \u00f6n safta yer alan e\u015flerinin fedakarl\u0131klar\u0131n\u0131n kar\u015f\u0131l\u0131\u011f\u0131nda haklar\u0131n\u0131 istediklerini belirtirken, bu durumun siyasi bir malzeme olmad\u0131\u011f\u0131n\u0131, sadece haklar\u0131n\u0131n savunuldu\u011funu dile getirdi. Ayr\u0131ca, vatan sevgisinin yan\u0131nda kanunen verilmi\u015f olan memuriyet haklar\u0131n\u0131n geri verilmesi talep edildi.<\/p>\n\n\n\n<p>(Haber Merkezi)<\/p>\n","protected":false},"excerpt":{"rendered":"<p>T\u00fcrkiye\u2019nin d\u00f6rt bir yan\u0131ndan Atanamayan Uzmanlar Derne\u011fi Kad\u0131n Kollar\u0131 \u0130l Ba\u015fkanlar\u0131 T\u00fcrk Silahl\u0131 Kuvvetleri&#8217;nde g\u00f6rev yapm\u0131\u015f ve ailevi sebeplerle istifa etmek zorunda kalan eski uzman <a href=\"https:\/\/akdenizhaber.com.tr\/index.php\/2024\/01\/09\/atanamayan-uzmanlar-dernegi-kadin-kollari-il-baskanlarindan-yurek-burkan-aciklamalar\/\" class=\"read-more-link\">[more&#8230;]<\/a><\/p>\n","protected":false},"author":2,"featured_media":19479,"comment_status":"open","ping_status":"open","sticky":false,"template":"","format":"standard","meta":{"footnotes":""},"categories":[2],"tags":[],"class_list":["post-19478","post","type-post","status-publish","format-standard","has-post-thumbnail","hentry","category-gundem"],"_links":{"self":[{"href":"https:\/\/akdenizhaber.com.tr\/index.php\/wp-json\/wp\/v2\/posts\/19478","targetHints":{"allow":["GET"]}}],"collection":[{"href":"https:\/\/akdenizhaber.com.tr\/index.php\/wp-json\/wp\/v2\/posts"}],"about":[{"href":"https:\/\/akdenizhaber.com.tr\/index.php\/wp-json\/wp\/v2\/types\/post"}],"author":[{"embeddable":true,"href":"https:\/\/akdenizhaber.com.tr\/index.php\/wp-json\/wp\/v2\/users\/2"}],"replies":[{"embeddable":true,"href":"https:\/\/akdenizhaber.com.tr\/index.php\/wp-json\/wp\/v2\/comments?post=19478"}],"version-history":[{"count":0,"href":"https:\/\/akdenizhaber.com.tr\/index.php\/wp-json\/wp\/v2\/posts\/19478\/revisions"}],"wp:featuredmedia":[{"embeddable":true,"href":"https:\/\/akdenizhaber.com.tr\/index.php\/wp-json\/wp\/v2\/media\/19479"}],"wp:attachment":[{"href":"https:\/\/akdenizhaber.com.tr\/index.php\/wp-json\/wp\/v2\/media?parent=19478"}],"wp:term":[{"taxonomy":"category","embeddable":true,"href":"https:\/\/akdenizhaber.com.tr\/index.php\/wp-json\/wp\/v2\/categories?post=19478"},{"taxonomy":"post_tag","embeddable":true,"href":"https:\/\/akdenizhaber.com.tr\/index.php\/wp-json\/wp\/v2\/tags?post=19478"}],"curies":[{"name":"wp","href":"https:\/\/api.w.org\/{rel}","templated":true}]}}