{"id":19469,"date":"2024-01-09T12:56:41","date_gmt":"2024-01-09T09:56:41","guid":{"rendered":"https:\/\/akdenizhaber.com.tr\/?p=19469"},"modified":"2024-01-09T12:56:41","modified_gmt":"2024-01-09T09:56:41","slug":"maaslarda-iyilestirme-cagrisi","status":"publish","type":"post","link":"https:\/\/akdenizhaber.com.tr\/index.php\/2024\/01\/09\/maaslarda-iyilestirme-cagrisi\/","title":{"rendered":"Maa\u015flarda iyile\u015ftirme \u00e7a\u011fr\u0131s\u0131"},"content":{"rendered":"\n<p><\/p>\n\n\n\n<p>Alt\u0131 ayl\u0131k enflasyon rakamlar\u0131n\u0131n netle\u015fmesinin ard\u0131ndan memur ve emekli maa\u015f zam oran\u0131 da belli oldu. B\u00fcro Memur-Sen Antalya \u015eube Ba\u015fkan\u0131 \u00dcnal Hisarkaya, kamu g\u00f6revlilerine ve emeklilere iyile\u015ftirme yap\u0131lmas\u0131 gerekti\u011fini kaydetti.\u2028<\/p>\n\n\n\n<p>Hisarkaya, &#8220;Memur ve memur emeklilerinin 2024&#8217;\u00fcn ilk 6 ay\u0131nda alaca\u011f\u0131 zaml\u0131 maa\u015flar ile SSK ve Ba\u011f-Kur emeklilerinin ayl\u0131klar\u0131ndaki zam oranlar\u0131 belirlendi.&nbsp;Aile yard\u0131m\u0131 \u00f6dene\u011fi dahil en d\u00fc\u015f\u00fck memur maa\u015f\u0131 22 bin 17 liradan 32 bin 861 liraya, en d\u00fc\u015f\u00fck memur emekli ayl\u0131\u011f\u0131 9 bin 876 liradan 14 bin 741 liraya \u00e7\u0131kt\u0131. Ancak bu rakamlar\u0131n iyile\u015ftirilmesi gerekmekte&#8221; dedi.\u2028<\/p>\n\n\n\n<p>BU SESE KULAK TIKANMAMALI<\/p>\n\n\n\n<p>T\u00dc\u0130K taraf\u0131ndan Aral\u0131k ay\u0131 enflasyon oran\u0131 y\u00fczde 2,93 ve y\u0131ll\u0131k enflasyon y\u00fczde 64,77 olarak a\u00e7\u0131kland\u0131\u011f\u0131n\u0131 hat\u0131rlatan Hisarkaya, &#8220;Kamu g\u00f6revlileri ile emeklilerinin 2024 Ocak maa\u015f ve \u00fccretlerine yans\u0131yacak enflasyon fark\u0131 y\u00fczde 29,78 olarak belirlendi. Kamu G\u00f6revlileri Hakem Kurulu Karar\u0131 gere\u011fi; Ocak ay\u0131nda maa\u015f ve \u00fccretlere yap\u0131lacak y\u00fczde 15 art\u0131\u015f ve enflasyon fark\u0131 ile birlikte kamu g\u00f6revlileri ve emeklilerine toplamda y\u00fczde 49,25 art\u0131\u015f yap\u0131lacak. Bu durumda en d\u00fc\u015f\u00fck bekar kamu g\u00f6revlisi maa\u015f\u0131&nbsp; 30,910 lira&nbsp;iken en d\u00fc\u015f\u00fck kamu g\u00f6revlisi emeklisi maa\u015f\u0131 ise 14.700 seviyelerinde olacakt\u0131r. En d\u00fc\u015f\u00fck kamu g\u00f6revlisi emekli ayl\u0131\u011f\u0131 ile en d\u00fc\u015f\u00fck kamu g\u00f6revlisi maa\u015f\u0131&nbsp;aras\u0131ndaki oran y\u00fczde 47,5 olarak ger\u00e7ekle\u015fti. G\u00f6rev ayl\u0131\u011f\u0131 ile emekli ayl\u0131\u011f\u0131 aras\u0131ndaki bu b\u00fcy\u00fck farkl\u0131l\u0131k kapat\u0131lmal\u0131, \u00f6ncelikle 8.077 lira&nbsp;ilave \u00f6deme emekli kamu g\u00f6revlilerine yans\u0131t\u0131lmal\u0131, kamu g\u00f6revlisi emeklilerinin hakl\u0131 beklentisi g\u00f6r\u00fclmeli ve sesleri duyulmal\u0131d\u0131r&#8221; ifadelerini kulland\u0131.\u2028<\/p>\n\n\n\n<p>V\u0130CDAN TERAZ\u0130S\u0130NE DE KONULMALI<\/p>\n\n\n\n<p>Asgari \u00fccrete zam gelmeden \u00f6nce a&#8217;dan z&#8217;ye her\u015feye zam geldi\u011fini an\u0131msatan \u00dcnal Hisarkaya, &#8220;2024 y\u0131l\u0131nda uygulanacak Asgari \u00dccret 11.402 liradan&nbsp;17.002 liraya&nbsp;y\u00fckseltildi. Asgari \u00fccrete yap\u0131lan y\u00fczde 49\u2019luk art\u0131\u015f, \u00e7al\u0131\u015fanlar\u0131n hakl\u0131 beklentilerinin g\u00f6r\u00fcld\u00fc\u011f\u00fcn\u00fcn olumlu g\u00f6stergesidir. Asgari \u00fccretli zaml\u0131 maa\u015f\u0131n\u0131 \u015eubat ay\u0131nda, kamu g\u00f6revlilerimiz ise 15 Ocak&#8217;ta alacakken, Aral\u0131k ay\u0131nda fiyatlar\u0131 bask\u0131layarak enflasyonu d\u00fc\u015f\u00fck g\u00f6sterme gayretinde olan piyasa y\u00f6neticilerinin \u201cAral\u0131k ay\u0131nda enflasyonu bask\u0131layal\u0131m, Ocak ay\u0131nda zamlar\u0131 yans\u0131tal\u0131m\u201d anlay\u0131\u015f\u0131n\u0131n galip geldi\u011fi maalesef bir kez daha g\u00f6r\u00fclm\u00fc\u015ft\u00fcr. Y\u0131lba\u015f\u0131 gecesinden itibaren sermaye ya da piyasa y\u00f6neticilerinin \u201cGiderler artmadan gelirleri art\u0131rma\u201d rekabetinin sonucunda etiketleri de\u011fi\u015ftirme yar\u0131\u015f\u0131na \u015fahit olduk. Gelirler 6 ayda bir defa artarken, \u00f6n\u00fcm\u00fczdeki 6 ay boyunca giderleri anl\u0131k olarak \u00fcr\u00fcnlere yans\u0131tacak sermayedarlar; arz talep dengesi kadar vicdan terazisini de kontrol etmelidir&#8221; \u015feklinde konu\u015ftu.<\/p>\n\n\n\n<p>GEL\u0130R VERG\u0130S\u0130 DE ARTTI<\/p>\n\n\n\n<p>B\u00fcro Memur-Sen Antalya \u015eube Ba\u015fkan\u0131 \u00dcnal Hisarkaya, &#8220;Asgari \u00fccretin 17.002,12 lira&nbsp;olarak belirlenmesi ile birlikte; Gelir Vergisi muafiyeti 2.550,32 lira&nbsp;Damga Vergisi Muafiyeti ise 151,82 lira&nbsp;oldu. Gelir vergisi matrahlar\u0131 da y\u00fczde 58,46 yeniden de\u011ferleme oran\u0131 kadar artarak; y\u00fczde 15\u2019lik dilim 110 Bin lira, y\u00fczde 20\u2019lik dilim 230 Bin lira, y\u00fczde 27\u2019lik dilim ise 580 Bin lira&nbsp;olarak belirlenmi\u015ftir&#8221; a\u00e7\u0131klamas\u0131nda bulundu.\u2028<\/p>\n\n\n\n<p>ALIM G\u00dcC\u00dc KORUNMALI<\/p>\n\n\n\n<p>Hisarkaya, &#8220;Asgari \u00fccretin bile 6\u20137\u2019nci ay itibariyle y\u00fczde 20\u2019lik dilime girdi\u011fi sistemde; ba\u015fta s\u00f6zle\u015fmeli personel olmak \u00fczere kamu g\u00f6revlileri y\u0131l ortas\u0131ndan itibaren \u00f6nemli \u00f6l\u00e7\u00fcde vergi \u00f6deyecektir. Asgari \u00dccret tutar\u0131 kadar gelir vergisi muafiyetine bir ad\u0131m daha eklenerek, kamu g\u00f6revlilerinin gelir vergilerinin y\u00fczde 15\u2019e sabitlenmesi, al\u0131m g\u00fc\u00e7lerinin korunmas\u0131, kay\u0131plar\u0131n\u0131n \u00f6nlenmesi gerekmektedir&#8221; dedi.<\/p>\n\n\n\n<p>3600 EK G\u00d6STERGES\u0130N\u0130 HATIRLATTI<\/p>\n\n\n\n<p>Hisarkaya ayr\u0131ca \u015fu ifadelere yer verdi: &#8220;2024 y\u0131l\u0131, daha \u00f6nceki s\u00fcre\u00e7lerde \u00e7al\u0131\u015fma hayat\u0131na dair ger\u00e7ekle\u015ftirilen d\u00fczenlemeleri, yenilikleri ve iyile\u015ftirmeleri g\u00f6lgede b\u0131rakacak, \u00f6nemli ad\u0131mlar\u0131n ve reformlar\u0131n ya\u015fand\u0131\u011f\u0131 bir d\u00f6nem olmal\u0131d\u0131r. 7.D\u00f6nem Toplu S\u00f6zle\u015fme\u2019de Toplant\u0131 Tutana\u011f\u0131 ile kay\u0131t alt\u0131na ald\u0131\u011f\u0131m\u0131z; 1. Dereceye 3600 Ek G\u00f6sterge d\u00fczenlemesi gere\u011fi zaman kaybedilmeden, kamu g\u00f6revlilerimizin ve emeklilerimizin bekledi\u011fi \u00e7al\u0131\u015fma yetkili Konfederasyon Memur-Sen ile ger\u00e7ekle\u015ftirilip hayata ge\u00e7irilmelidir.&#8221;\u2028<\/p>\n\n\n\n<p>Memur sen \/ B\u00fclten<\/p>\n","protected":false},"excerpt":{"rendered":"<p>Alt\u0131 ayl\u0131k enflasyon rakamlar\u0131n\u0131n netle\u015fmesinin ard\u0131ndan memur ve emekli maa\u015f zam oran\u0131 da belli oldu. B\u00fcro Memur-Sen Antalya \u015eube Ba\u015fkan\u0131 \u00dcnal Hisarkaya, kamu g\u00f6revlilerine ve <a href=\"https:\/\/akdenizhaber.com.tr\/index.php\/2024\/01\/09\/maaslarda-iyilestirme-cagrisi\/\" class=\"read-more-link\">[more&#8230;]<\/a><\/p>\n","protected":false},"author":2,"featured_media":19470,"comment_status":"open","ping_status":"open","sticky":false,"template":"","format":"standard","meta":{"footnotes":""},"categories":[2],"tags":[],"class_list":["post-19469","post","type-post","status-publish","format-standard","has-post-thumbnail","hentry","category-gundem"],"_links":{"self":[{"href":"https:\/\/akdenizhaber.com.tr\/index.php\/wp-json\/wp\/v2\/posts\/19469","targetHints":{"allow":["GET"]}}],"collection":[{"href":"https:\/\/akdenizhaber.com.tr\/index.php\/wp-json\/wp\/v2\/posts"}],"about":[{"href":"https:\/\/akdenizhaber.com.tr\/index.php\/wp-json\/wp\/v2\/types\/post"}],"author":[{"embeddable":true,"href":"https:\/\/akdenizhaber.com.tr\/index.php\/wp-json\/wp\/v2\/users\/2"}],"replies":[{"embeddable":true,"href":"https:\/\/akdenizhaber.com.tr\/index.php\/wp-json\/wp\/v2\/comments?post=19469"}],"version-history":[{"count":0,"href":"https:\/\/akdenizhaber.com.tr\/index.php\/wp-json\/wp\/v2\/posts\/19469\/revisions"}],"wp:featuredmedia":[{"embeddable":true,"href":"https:\/\/akdenizhaber.com.tr\/index.php\/wp-json\/wp\/v2\/media\/19470"}],"wp:attachment":[{"href":"https:\/\/akdenizhaber.com.tr\/index.php\/wp-json\/wp\/v2\/media?parent=19469"}],"wp:term":[{"taxonomy":"category","embeddable":true,"href":"https:\/\/akdenizhaber.com.tr\/index.php\/wp-json\/wp\/v2\/categories?post=19469"},{"taxonomy":"post_tag","embeddable":true,"href":"https:\/\/akdenizhaber.com.tr\/index.php\/wp-json\/wp\/v2\/tags?post=19469"}],"curies":[{"name":"wp","href":"https:\/\/api.w.org\/{rel}","templated":true}]}}