{"id":19460,"date":"2024-01-09T12:54:53","date_gmt":"2024-01-09T09:54:53","guid":{"rendered":"https:\/\/akdenizhaber.com.tr\/?p=19460"},"modified":"2024-01-09T12:54:54","modified_gmt":"2024-01-09T09:54:54","slug":"baskan-geyikci-altyapi-tamam-sira-ustyapida","status":"publish","type":"post","link":"https:\/\/akdenizhaber.com.tr\/index.php\/2024\/01\/09\/baskan-geyikci-altyapi-tamam-sira-ustyapida\/","title":{"rendered":"Ba\u015fkan Geyik\u00e7i: Altyap\u0131 tamam s\u0131ra \u00fcstyap\u0131da"},"content":{"rendered":"\n<p><\/p>\n\n\n\n<p>Finike\u2019nin tarihi altyap\u0131 sorununu yap\u0131lan \u00e7al\u0131\u015fmalarla sonland\u0131ran Finike Belediye Ba\u015fkan\u0131 Mustafa Geyik\u00e7i, \u201c100 y\u0131ll\u0131k altyap\u0131 sorununu bitirdik. \u00d6n\u00fcm\u00fczdeki s\u00fcre\u00e7te de Finike\u2019mizi hak etti\u011fi \u00fcstyap\u0131ya kavu\u015fturaca\u011f\u0131z\u201d dedi.<\/p>\n\n\n\n<p>Tarihi sorun tarih oldu<\/p>\n\n\n\n<p>Finike\u2019nin en b\u00fcy\u00fck sorunu olan ve bug\u00fcne kadar \u00e7\u00f6z\u00fcme kavu\u015fmayan altyap\u0131 sorununu Antalya B\u00fcy\u00fck\u015fehir Belediyesi i\u015fbirli\u011finde \u00e7\u00f6z\u00fcme kavu\u015fturan Finike Belediye Ba\u015fkan\u0131 Mustafa Geyik\u00e7i, \u00f6n\u00fcm\u00fczdeki s\u00fcre\u00e7te \u00e7al\u0131\u015fmalar\u0131n\u0131 \u00fcstyap\u0131ya y\u00f6nlendireceklerini ifade etti. Finike\u2019nin hak etti\u011fi altyap\u0131ya kavu\u015ftu\u011funu dile getiren Ba\u015fkan Geyik\u00e7i, \u201cAltyap\u0131 \u00e7al\u0131\u015fmalar\u0131m\u0131z\u0131n tamamlanmas\u0131n\u0131n ard\u0131ndan t\u00fcm enerjimizi il\u00e7emize yak\u0131\u015f\u0131r bir \u00fcstyap\u0131 meydana getirmek i\u00e7in harc\u0131yoruz\u201d dedi.<\/p>\n\n\n\n<p>Finike\u2019nin \u00e7ehresi de\u011fi\u015fti<\/p>\n\n\n\n<p>Tamamlanan \u00e7al\u0131\u015fmalar\u0131n\u0131n ard\u0131ndan ilk olarak Finike il\u00e7e merkezindeki \u00e7ar\u015f\u0131 alan\u0131n\u0131n yol, kald\u0131r\u0131m, \u00e7evre d\u00fczenlemesi ve peyzaj \u00e7al\u0131\u015fmalar\u0131n\u0131n start\u0131n\u0131 veren Belediye Ba\u015fkan\u0131 Geyik\u00e7i, bu alanda 10 milyon liray\u0131 a\u015fk\u0131n bir yat\u0131r\u0131m yapt\u0131klar\u0131n\u0131 ifade etti. Bu alanda yap\u0131lan \u00e7al\u0131\u015fmalar\u0131n k\u0131sa zamanda tamamlanaca\u011f\u0131n\u0131 da s\u00f6yleyen Ba\u015fkan Geyik\u00e7i, \u201cBurada yapt\u0131\u011f\u0131m\u0131z \u00e7al\u0131\u015fma ile hem il\u00e7e merkezini bir cazibe merkezi haline getirece\u011fiz hem de buradaki i\u015fletmelerin ticaretine katk\u0131 sa\u011flayaca\u011f\u0131z\u201d ifadelerini kulland\u0131.<\/p>\n\n\n\n<p>Geride b\u0131rakt\u0131klar\u0131 5 y\u0131ll\u0131k s\u00fcrede Finike\u2019nin \u00e7ehresini de\u011fi\u015ftirmeye ba\u015flad\u0131klar\u0131n\u0131 vurgulayan Ba\u015fkan Mustafa Geyik\u00e7i, \u201c\u0130l\u00e7emizi yeni ve modern bir g\u00f6r\u00fcn\u00fcme kavu\u015fturmak i\u00e7in ilk ad\u0131mlar\u0131m\u0131z\u0131 att\u0131k. \u00d6zellikle il\u00e7emize yeni kazand\u0131rd\u0131\u011f\u0131m\u0131z kent meydanlar\u0131 bunun en \u00f6nemli \u00f6rnekleridir. Yenilenen sosyal donat\u0131 alanlar\u0131m\u0131z ve sosyal tesislerimiz vatanda\u015flar\u0131m\u0131z\u0131n b\u00fcy\u00fck be\u011fenisini kazand\u0131. Son olarak de\u011fi\u015ftirdi\u011fimiz kent mobilyalar\u0131m\u0131z ile il\u00e7emiz daha modern ve \u015f\u0131k bir g\u00f6r\u00fcn\u00fcme kavu\u015ftu. Yak\u0131n zamanda Engelsiz Ya\u015fam Merkezi\u2019miz ile yeni bir sosyal alan daha kazanm\u0131\u015f olaca\u011f\u0131z\u201d \u015feklinde konu\u015ftu.<\/p>\n\n\n\n<p>Finike k\u00fclt\u00fcr sanat merkezine kavu\u015facak<\/p>\n\n\n\n<p>Yeni d\u00f6nemde yapaca\u011f\u0131 \u00e7al\u0131\u015fmalar hakk\u0131nda da bilgiler veren Finike Belediye Ba\u015fkan\u0131 Mustafa Geyik\u00e7i, \u00f6n\u00fcm\u00fczdeki s\u00fcre\u00e7te Finike\u2019nin \u00e7ehresini de\u011fi\u015ftirecek \u00e7al\u0131\u015fmalar\u0131 s\u00fcrd\u00fcreceklerini ifade etti. Yeni d\u00f6nem projelerinin tamamland\u0131\u011f\u0131n\u0131 dile getiren Ba\u015fkan Mustafa Geyik\u00e7i, projelerin sosyal hayat, ekonomi, gen\u00e7 ve \u00e7ocuklar, 65 ya\u015f \u00fcst\u00fc vatanda\u015flar, kad\u0131nlar, k\u00fclt\u00fcr ve sanat ba\u015fl\u0131klar\u0131nda oldu\u011funu s\u00f6yledi.<\/p>\n\n\n\n<p>Yeni d\u00f6nemde en \u00e7ok \u00f6nem verdikleri projelerin ba\u015f\u0131nda Finike\u2019ye kazand\u0131racaklar\u0131 k\u00fclt\u00fcr ve sanat merkezi oldu\u011funu s\u00f6yleyen Ba\u015fkan Geyik\u00e7i, \u201cVatanda\u015flar\u0131m\u0131z\u0131n daha sosyal bir il\u00e7ede ya\u015famalar\u0131n\u0131 sa\u011flamak i\u00e7in \u00f6n\u00fcm\u00fczdeki s\u00fcre\u00e7te il\u00e7emize bir K\u00fclt\u00fcr ve Sanat Merkezi kazand\u0131raca\u011f\u0131z. Bu merkezde sergiler, tiyatro oyunlar\u0131, e\u011fitim at\u00f6lyeleri ve \u00e7e\u015fitli etkinlikler d\u00fczenlenecek. Bu \u00e7al\u0131\u015fman\u0131n proje dosyas\u0131n\u0131 tamamlad\u0131k\u201d dedi.<\/p>\n\n\n\n<p>Kapal\u0131 y\u00fczme havuzu ve buz paten pisti<\/p>\n\n\n\n<p>Gen\u00e7ler ve \u00e7ocuklar i\u00e7in yeni spor alanlar\u0131 da planlad\u0131klar\u0131n\u0131 dile getiren Ba\u015fkan Geyik\u00e7i, yeni d\u00f6nem ile birlikte h\u0131zl\u0131 bir \u015fekilde kapal\u0131 y\u00fczme havuzu ve buz paten alan\u0131 \u00e7al\u0131\u015fmalar\u0131n\u0131n ba\u015flat\u0131laca\u011f\u0131n\u0131 s\u00f6yledi. Gen\u00e7lerin ve \u00e7ocuklar\u0131n sporla daha fazla bulu\u015fmalar\u0131 i\u00e7in yeni spor alanlar\u0131 olu\u015fturduklar\u0131n\u0131 ifade eden Ba\u015fkan Mustafa Geyik\u00e7i, \u201cGen\u00e7lerimiz ve \u00e7ocuklar\u0131m\u0131z i\u00e7in sadece yeni spor alanlar\u0131 de\u011fil yeni bir k\u00fct\u00fcphane ve bilim merkezi projelerimizi de hayata ge\u00e7irece\u011fiz. Finike gen\u00e7lerin ve \u00e7ocuklar\u0131n bilimle, sporla, kitapla b\u00fcy\u00fcd\u00fckleri bir il\u00e7e haline gelecek\u201d ifadelerini kulland\u0131.<\/p>\n\n\n\n<p>Cittaslow ile 35 milyonluk proje<\/p>\n\n\n\n<p>Cittaslow ile birlikte bir milyon avronun \u00fczerinde bir b\u00fct\u00e7e ile Turuncu K\u00f6y projelerini de yeni d\u00f6nemde ger\u00e7ekle\u015ftireceklerini ifade eden Ba\u015fkan Mustafa Geyik\u00e7i, \u201cBu proje kapsam\u0131nda Cittaslow\u2019dan da ciddi bir destek alaca\u011f\u0131z. Bu destek ile birlikte Finike\u2019ye de\u011fer katacak dev bir \u00e7al\u0131\u015fmaya ad\u0131m ataca\u011f\u0131z. 7\u2019den 70\u2019e herkese uygun alanlar\u0131n oldu\u011fu Turuncu K\u00f6y projesi ile ekonomik anlamda da il\u00e7emizin geli\u015fimine b\u00fcy\u00fck bir katk\u0131 sa\u011flanacak\u201d diye konu\u015ftu.<\/p>\n\n\n\n<p>Ba\u015fkan Mustafa Geyik\u00e7i, \u201cYeni d\u00f6nem i\u00e7in daha sayamad\u0131\u011f\u0131m\u0131z bir\u00e7ok projemiz bulunuyor. Finike Marina, Ta\u015f Oca\u011f\u0131 alan\u0131, yeni Pazar yerleri, \u00e7evreci d\u00f6n\u00fc\u015f\u00fcm projeleri gibi \u00e7al\u0131\u015fmalar\u0131m\u0131z\u0131 da yak\u0131n zamanda vatanda\u015flar\u0131m\u0131z ile payla\u015faca\u011f\u0131z\u201d dedi.<\/p>\n\n\n\n<p>Finike Belediyesi \/ B\u00fclten<\/p>\n","protected":false},"excerpt":{"rendered":"<p>Finike\u2019nin tarihi altyap\u0131 sorununu yap\u0131lan \u00e7al\u0131\u015fmalarla sonland\u0131ran Finike Belediye Ba\u015fkan\u0131 Mustafa Geyik\u00e7i, \u201c100 y\u0131ll\u0131k altyap\u0131 sorununu bitirdik. \u00d6n\u00fcm\u00fczdeki s\u00fcre\u00e7te de Finike\u2019mizi hak etti\u011fi \u00fcstyap\u0131ya kavu\u015fturaca\u011f\u0131z\u201d <a href=\"https:\/\/akdenizhaber.com.tr\/index.php\/2024\/01\/09\/baskan-geyikci-altyapi-tamam-sira-ustyapida\/\" class=\"read-more-link\">[more&#8230;]<\/a><\/p>\n","protected":false},"author":2,"featured_media":19461,"comment_status":"open","ping_status":"open","sticky":false,"template":"","format":"standard","meta":{"footnotes":""},"categories":[2],"tags":[],"class_list":["post-19460","post","type-post","status-publish","format-standard","has-post-thumbnail","hentry","category-gundem"],"_links":{"self":[{"href":"https:\/\/akdenizhaber.com.tr\/index.php\/wp-json\/wp\/v2\/posts\/19460","targetHints":{"allow":["GET"]}}],"collection":[{"href":"https:\/\/akdenizhaber.com.tr\/index.php\/wp-json\/wp\/v2\/posts"}],"about":[{"href":"https:\/\/akdenizhaber.com.tr\/index.php\/wp-json\/wp\/v2\/types\/post"}],"author":[{"embeddable":true,"href":"https:\/\/akdenizhaber.com.tr\/index.php\/wp-json\/wp\/v2\/users\/2"}],"replies":[{"embeddable":true,"href":"https:\/\/akdenizhaber.com.tr\/index.php\/wp-json\/wp\/v2\/comments?post=19460"}],"version-history":[{"count":0,"href":"https:\/\/akdenizhaber.com.tr\/index.php\/wp-json\/wp\/v2\/posts\/19460\/revisions"}],"wp:featuredmedia":[{"embeddable":true,"href":"https:\/\/akdenizhaber.com.tr\/index.php\/wp-json\/wp\/v2\/media\/19461"}],"wp:attachment":[{"href":"https:\/\/akdenizhaber.com.tr\/index.php\/wp-json\/wp\/v2\/media?parent=19460"}],"wp:term":[{"taxonomy":"category","embeddable":true,"href":"https:\/\/akdenizhaber.com.tr\/index.php\/wp-json\/wp\/v2\/categories?post=19460"},{"taxonomy":"post_tag","embeddable":true,"href":"https:\/\/akdenizhaber.com.tr\/index.php\/wp-json\/wp\/v2\/tags?post=19460"}],"curies":[{"name":"wp","href":"https:\/\/api.w.org\/{rel}","templated":true}]}}