{"id":19438,"date":"2024-01-08T11:44:25","date_gmt":"2024-01-08T08:44:25","guid":{"rendered":"https:\/\/akdenizhaber.com.tr\/?p=19438"},"modified":"2024-01-08T11:44:26","modified_gmt":"2024-01-08T08:44:26","slug":"ataturkcu-derneginden-basin-aciklamasi-cag-ve-akil-disi-gerici-anlayisin-farkinda-ve-karsisindayiz","status":"publish","type":"post","link":"https:\/\/akdenizhaber.com.tr\/index.php\/2024\/01\/08\/ataturkcu-derneginden-basin-aciklamasi-cag-ve-akil-disi-gerici-anlayisin-farkinda-ve-karsisindayiz\/","title":{"rendered":"Atat\u00fcrk\u00e7\u00fc Derne\u011finden Bas\u0131n A\u00e7\u0131klamas\u0131;                    \u201c\u00c7a\u011f Ve Ak\u0131l D\u0131\u015f\u0131 Gerici Anlay\u0131\u015f\u0131n Fark\u0131nda Ve Kar\u015f\u0131s\u0131nday\u0131z!\u201d"},"content":{"rendered":"\n<p><\/p>\n\n\n\n<p>Atat\u00fcrk\u00e7\u00fc D\u00fc\u015f\u00fcnce Derne\u011fi genel merkezi t\u00fcm \u015fubelerine yaz\u0131l\u0131 bir bas\u0131n a\u00e7\u0131klamas\u0131 yay\u0131nlayarak bulunduklar\u0131 yerlerde bu bas\u0131n a\u00e7\u0131klamas\u0131n\u0131n ortak bildiri olarak \u00fcyeleri, ve halkla payla\u015f\u0131lmas\u0131n\u0131 istedi.<\/p>\n\n\n\n<p>Bu do\u011frultuda ge\u00e7ti\u011fimiz Cumartesi g\u00fcn\u00fc Atat\u00fcrk\u00e7\u00fc D\u00fc\u015f\u00fcnce Derne\u011fi Manavgat \u015eubesi Ba\u015fkan\u0131 Ya\u015far Bulut, y\u00f6netim kurulu ve dernek \u00fcyelerinin kat\u0131l\u0131m\u0131 ile yay\u0131nlanan bildiri hem \u00fcyelerle hem de vatanda\u015flarla payla\u015f\u0131ld\u0131.<\/p>\n\n\n\n<p>Atat\u00fcrk\u00e7\u00fc D\u00fc\u015f\u00fcnce Derne\u011fi genel merkezince kaleme al\u0131nan bildiriyi ADD Manavgat \u015fubesi ba\u015fkan yard\u0131mc\u0131s\u0131 Ali \u015ean okuyarak payla\u015ft\u0131, genel merkezce kaleme al\u0131nan bildiri aynen \u015f\u00f6yle;<\/p>\n\n\n\n<p>\u201cFilistin\u2019e destek ve \u0130srail\u2019in -\u015fiddetle k\u0131nad\u0131\u011f\u0131m\u0131z, lanetledi\u011fimiz-soyk\u0131r\u0131m boyutlar\u0131na<\/p>\n\n\n\n<p>varan Gazze sald\u0131r\u0131lar\u0131na, \u00e7ocuklar dahil binlerce masum sivili katletmesine tepki<\/p>\n\n\n\n<p>gerek\u00e7esiyle d\u00fczenlenen baz\u0131 g\u00f6steriler, kimi provokatif eylem ve s\u00f6ylemler, \u00e7e\u015fitli sosyal<\/p>\n\n\n\n<p>medya payla\u015f\u0131mlar\u0131 ve son olarak 1 Ocak 2024 tarihinde \u0130stanbul\u2019da yap\u0131lan mitingdeki &#8211;<\/p>\n\n\n\n<p>mitingin gerek\u00e7esi ve ad\u0131 ile ili\u015fkisi olmayan- \u015feriat ve hilafet \u00e7a\u011fr\u0131lar\u0131; Laik Cumhuriyete,<\/p>\n\n\n\n<p>Atat\u00fcrk \u0130lkelerine ve Devrim Yasalar\u0131na apa\u00e7\u0131k bir ba\u015fkald\u0131r\u0131d\u0131r, bir isyan provas\u0131d\u0131r.<\/p>\n\n\n\n<p>Bundan vahimi; bu g\u00f6steri ve \u00e7a\u011fr\u0131lar\u0131n Anayasam\u0131z\u0131n ilk 4 maddesi ile 14. maddesini yok<\/p>\n\n\n\n<p>sayan, b\u00f6ylelikle Anayasa\u2026<\/p>\n\n\n\n<p>D\u00fcnyan\u0131n yeniden yap\u0131land\u0131\u011f\u0131 bu d\u00f6nemde; gelece\u011fi planlamam\u0131z, kad\u0131n erkek milyonlarca yurtta\u015f\u0131m\u0131z\u0131 bilimin ba\u015f d\u00f6nd\u00fcr\u00fcc\u00fc bir h\u0131zla ilerledi\u011fi, yapay zeka ve benzeri ad\u0131mlarla \u015fekillenecek yar\u0131nlara haz\u0131rlamam\u0131z, \u00e7ocuklar\u0131m\u0131z\u0131 analitik d\u00fc\u015f\u00fcnce ve bilimsel bilgi ile donatmam\u0131z gerekirken ak\u0131l ve \u00e7a\u011f d\u0131\u015f\u0131 saplant\u0131lar\u0131n tutsa\u011f\u0131 gericilikle bo\u011fu\u015fmak zorunda kalmak halk\u0131m\u0131z\u0131 derinden yaralamaktad\u0131r.<\/p>\n\n\n\n<p>Ancak, son y\u0131llarda k\u00f6r\u00fcklenen bu Kar\u015f\u0131 Devrim ihanetine kar\u015f\u0131 millet\u00e7e y\u0131lmadan, yorulmadan s\u00fcrd\u00fcrd\u00fc\u011f\u00fcm\u00fcz m\u00fccadelenin g\u00fcn ge\u00e7tik\u00e7e b\u00fcy\u00fcd\u00fc\u011f\u00fcn\u00fc, g\u00fc\u00e7lendi\u011fini g\u00f6r\u00fcyoruz.<\/p>\n\n\n\n<p>\u015eeriat, hilafet \u00e7\u0131\u011f\u0131rtkanl\u0131\u011f\u0131n\u0131n kar\u015f\u0131s\u0131na dikilen gen\u00e7lerimiz var.<\/p>\n\n\n\n<p>Atat\u00fcrk\u2019e sayg\u0131s\u0131zl\u0131k yapan te\u011fmenlere hadlerini bildiren Atat\u00fcrk\u00e7\u00fc te\u011fmenlerimiz var.<\/p>\n\n\n\n<p>\u00d6\u011frencilerimizi pedagojik formasyonu olmayan din g\u00f6revlilerine teslim etme ama\u00e7l\u0131 \u00c7EDES adl\u0131 projeye ge\u00e7it vermemek i\u00e7in direnen \u00f6\u011fretmenlerimiz, velilerimiz, demokratik kitle \u00f6rg\u00fctlerimiz var.<\/p>\n\n\n\n<p>Hukuku ara\u00e7salla\u015ft\u0131ran, Hukukun \u00dcst\u00fcnl\u00fc\u011f\u00fc ve Kuvvetler Ayr\u0131l\u0131\u011f\u0131 ilkelerini umursamayan, demokrasinin olmazsa olmaz\u0131 laikli\u011fi yok sayan siyasi giri\u015fimlere direnen hukuk\u00e7ular\u0131m\u0131z, b\u00fcrokratlar\u0131m\u0131z, d\u00fc\u015f\u00fcn\u00fcrlerimiz, sanat\u00e7\u0131lar\u0131m\u0131z, ayd\u0131nlar\u0131m\u0131z, yurtta\u015flar\u0131m\u0131z var.<\/p>\n\n\n\n<p>G\u00fcn\u00fcm\u00fcz \u015eeyh Saidleri, Dervi\u015f Mehmetleri kar\u015f\u0131s\u0131nda Kubilay inan\u00e7 ve bilinci,<\/p>\n\n\n\n<p>Atat\u00fcrk\u00e7\u00fc D\u00fc\u015f\u00fcnce ve Laik Cumhuriyet ba\u011fl\u0131l\u0131\u011f\u0131 ile ayd\u0131nl\u0131\u011fa y\u00fcr\u00fcmeye kararl\u0131<\/p>\n\n\n\n<p>Ulusumuz var.<\/p>\n\n\n\n<p>Atat\u00fcrk ilke ve devrimleri ile \u015fekillenmi\u015f kurulu\u015f felsefesinin bug\u00fcn de sorunlar\u0131m\u0131za \u00e7are olaca\u011f\u0131na g\u00fcvenen, O&#8217;nun ak\u0131l ve bilim yolunun y\u00fcr\u00fcnecek tek do\u011fru yol oldu\u011funa inanan, Kemalizm\u2019in ge\u00e7mi\u015fin bek\u00e7ili\u011fi de\u011fil, gelece\u011fin \u00f6nc\u00fcl\u00fc\u011f\u00fc oldu\u011funu bilen onbinlerce \u00fcyesi ile Atat\u00fcrk\u00e7\u00fc D\u00fc\u015f\u00fcnce Derne\u011fi, Laik Cumhuriyetimize, \u00dcniter Ulus Devletimize ve Ulusal Birli\u011fimize olanca g\u00fcc\u00fcyle sahip \u00e7\u0131kacak, b\u00fcy\u00fck Atat\u00fcrk, Kemalist Devrimciler ve T\u00fcrk Ulusu\u2019nun \u00f6l\u00fcms\u00fcz eseri ve kutsal emaneti T\u00fcrkiye Cumhuriyeti\u2019ni emperyalizm ve i\u015fbirlik\u00e7ilerine yem etmeyecek, ilelebet payidar k\u0131lacakt\u0131r\u201d<\/p>\n\n\n\n<p>Atat\u00fcrk\u00e7\u00fc D\u00fc\u015f\u00fcnce Derne\u011fi \/ B\u00fclten<\/p>\n","protected":false},"excerpt":{"rendered":"<p>Atat\u00fcrk\u00e7\u00fc D\u00fc\u015f\u00fcnce Derne\u011fi genel merkezi t\u00fcm \u015fubelerine yaz\u0131l\u0131 bir bas\u0131n a\u00e7\u0131klamas\u0131 yay\u0131nlayarak bulunduklar\u0131 yerlerde bu bas\u0131n a\u00e7\u0131klamas\u0131n\u0131n ortak bildiri olarak \u00fcyeleri, ve halkla payla\u015f\u0131lmas\u0131n\u0131 istedi. <a href=\"https:\/\/akdenizhaber.com.tr\/index.php\/2024\/01\/08\/ataturkcu-derneginden-basin-aciklamasi-cag-ve-akil-disi-gerici-anlayisin-farkinda-ve-karsisindayiz\/\" class=\"read-more-link\">[more&#8230;]<\/a><\/p>\n","protected":false},"author":2,"featured_media":19440,"comment_status":"open","ping_status":"open","sticky":false,"template":"","format":"standard","meta":{"footnotes":""},"categories":[2],"tags":[],"class_list":["post-19438","post","type-post","status-publish","format-standard","has-post-thumbnail","hentry","category-gundem"],"_links":{"self":[{"href":"https:\/\/akdenizhaber.com.tr\/index.php\/wp-json\/wp\/v2\/posts\/19438","targetHints":{"allow":["GET"]}}],"collection":[{"href":"https:\/\/akdenizhaber.com.tr\/index.php\/wp-json\/wp\/v2\/posts"}],"about":[{"href":"https:\/\/akdenizhaber.com.tr\/index.php\/wp-json\/wp\/v2\/types\/post"}],"author":[{"embeddable":true,"href":"https:\/\/akdenizhaber.com.tr\/index.php\/wp-json\/wp\/v2\/users\/2"}],"replies":[{"embeddable":true,"href":"https:\/\/akdenizhaber.com.tr\/index.php\/wp-json\/wp\/v2\/comments?post=19438"}],"version-history":[{"count":0,"href":"https:\/\/akdenizhaber.com.tr\/index.php\/wp-json\/wp\/v2\/posts\/19438\/revisions"}],"wp:featuredmedia":[{"embeddable":true,"href":"https:\/\/akdenizhaber.com.tr\/index.php\/wp-json\/wp\/v2\/media\/19440"}],"wp:attachment":[{"href":"https:\/\/akdenizhaber.com.tr\/index.php\/wp-json\/wp\/v2\/media?parent=19438"}],"wp:term":[{"taxonomy":"category","embeddable":true,"href":"https:\/\/akdenizhaber.com.tr\/index.php\/wp-json\/wp\/v2\/categories?post=19438"},{"taxonomy":"post_tag","embeddable":true,"href":"https:\/\/akdenizhaber.com.tr\/index.php\/wp-json\/wp\/v2\/tags?post=19438"}],"curies":[{"name":"wp","href":"https:\/\/api.w.org\/{rel}","templated":true}]}}