{"id":19436,"date":"2024-01-08T11:43:46","date_gmt":"2024-01-08T08:43:46","guid":{"rendered":"https:\/\/akdenizhaber.com.tr\/?p=19436"},"modified":"2024-01-08T11:43:46","modified_gmt":"2024-01-08T08:43:46","slug":"10-ocak-mi","status":"publish","type":"post","link":"https:\/\/akdenizhaber.com.tr\/index.php\/2024\/01\/08\/10-ocak-mi\/","title":{"rendered":"10 OCAK MI?!.."},"content":{"rendered":"\n<p><p class=\"MsoNoSpacing\"><span style=\"font-size: revert; background-color: rgb(255, 255, 255); color: initial;\"> <\/span><\/p><p class=\"MsoNoSpacing\"><span style=\"font-size: revert; background-color: rgb(255, 255, 255); color: initial;\"> <\/span><\/p><p class=\"MsoNoSpacing\">Yine bir 10 Ocak g\u00fcn\u00fcne geldik, meslek ya\u015fam\u0131m boyunca her 10 Ocak\u2019ta hal hat\u0131r soran\u0131m\u0131z bolca olur.<\/p><p class=\"MsoNoSpacing\">\u00c7al\u0131\u015fanla, \u00e7al\u0131\u015fmayan\u0131n kar\u0131\u015ft\u0131\u011f\u0131 yani; binlerce gazetecinin i\u015fsiz gezdi\u011fi \u00fclkemizde neyin bayram\u0131n\u0131 kutlayaca\u011f\u0131z Allah a\u015fk\u0131na!..<\/p><p class=\"MsoNoSpacing\"><\/p><p class=\"MsoNoSpacing\">10 Ocak Bas\u0131n g\u00fcn\u00fc..<\/p><p class=\"MsoNoSpacing\">Y\u0131llar \u00f6nce bas\u0131ndan sans\u00fcr\u00fcn kald\u0131r\u0131ld\u0131\u011f\u0131 g\u00fcn olarak kutlanmak ad\u0131na verilmi\u015f bir tarih 10 OCAK..<\/p><p class=\"MsoNoSpacing\">Aynen bug\u00fcn ya\u015fad\u0131\u011f\u0131m\u0131z s\u0131k\u0131nt\u0131lar\u0131n ya\u015fand\u0131\u011f\u0131 d\u00fcnlerde oldu\u011fu gibi.<\/p><p class=\"MsoNoSpacing\">Bug\u00fcn bas\u0131n mensubunun k\u0131m\u0131ldayacak yeri kalmad\u0131 sans\u00fcrden dolay\u0131..<\/p><p class=\"MsoNoSpacing\">Haberin i\u00e7ine girmeniz m\u00fcmk\u00fcn de\u011fil..<\/p><p class=\"MsoNoSpacing\">Neyi yazmak istiyorsan kelimeleri c\u0131mb\u0131zla \u00e7ekmek zorundas\u0131n, \u00e7ekemedin vay haline..<\/p><p class=\"MsoNoSpacing\">Vay ki; ne vay..<\/p><p class=\"MsoNoSpacing\">Anadolu bas\u0131n\u0131n\u0131n her ge\u00e7en biti\u015fini izleyen bir \u00fclkede gazetecilik yapmak zorunday\u0131z.<\/p><p class=\"MsoNoSpacing\">1200 yerel gazeteden neredeyse d\u00f6rtte biri kap\u0131s\u0131na kilit vurmu\u015f, vurulan her kilitte y\u00fczlerce gazeteci i\u015fsiz kalm\u0131\u015f.<\/p><p class=\"MsoNoSpacing\">Ka\u011f\u0131d\u0131, m\u00fcrekkebi bulmay\u0131 atal\u0131m bir kenara..<\/p><p class=\"MsoNoSpacing\">Maa\u015flar\u0131 \u00f6deyemeyen, sigortaya bor\u00e7lanan.<\/p><p class=\"MsoNoSpacing\">Her ge\u00e7en g\u00fcn zor \u015fartlar alt\u0131nda gazetecilik yapma u\u011fra\u015f\u0131nda ayakta kalmaya \u00e7al\u0131\u015fan ..<\/p><p class=\"MsoNoSpacing\">Ve yar\u0131n sabah t\u00fcm bunlar\u0131 g\u00f6rmeyen, g\u00f6rmek istemeyen \u00f6ncelikle yerel y\u00f6neticiler bu gidi\u015fata her zaman oldu\u011fu gibi yine g\u00f6z kapatarak gazeteciler g\u00fcn\u00fcm\u00fcz\u00fc kutlayacaklar..<\/p><p class=\"MsoNoSpacing\">G\u00fcn\u00fcn\u00fcz kutlu olsun yerine\u2026<\/p><p class=\"MsoNoSpacing\">Ne yapars\u0131n\u0131z?..Nas\u0131l gider..<\/p><p class=\"MsoNoSpacing\">Biz yerel bas\u0131n i\u00e7in ne yapabiliriz diyen yok!..<\/p><p class=\"MsoNoSpacing\">Bug\u00fcn ne yaz\u0131k ki \u00f6ylesine bir girdab\u0131n i\u00e7indeyiz ki kelimelerle ifade etmemiz m\u00fcmk\u00fcn de\u011fil.<\/p><p class=\"MsoNoSpacing\">Bas\u0131n \u00fclkede d\u00f6rd\u00fcnc\u00fc kuvvetti d\u00fcnlerde \u015fimdilerde ise kuvvetler ayr\u0131l\u0131\u011f\u0131 ve ay\u0131r\u0131mc\u0131l\u0131k ve gazeteci olarak \u00fclke de taraf tutanlar\u0131n aras\u0131nda s\u0131k\u0131\u015f\u0131p kal\u0131verdik.<\/p><p class=\"MsoNoSpacing\">Kolay de\u011fil bu ortamda gazetecilik yapabilmek..<\/p><p class=\"MsoNoSpacing\">\u00dclkenin en zor meslekleri aras\u0131nda yerimizi alm\u0131\u015f bulunmaktay\u0131z.<\/p><p class=\"MsoNoSpacing\">Bu kadar zorlu\u011fun i\u00e7inde bas\u0131n g\u00fcn\u00fcn\u00fc kutlamakta neyin sesi..<\/p><p class=\"MsoNoSpacing\">Her \u015feye ra\u011fmen ben bu g\u00fcnlerin ge\u00e7ece\u011fine y\u00fcrekten inanlardan\u0131m.<\/p><p class=\"MsoNoSpacing\">Bas\u0131n eskisi gibi \u00f6zg\u00fcr olacak..<\/p><p class=\"MsoNoSpacing\">Kalemler k\u0131r\u0131lmayacak, i\u00e7eri t\u0131k\u0131lmayacak.<\/p><p class=\"MsoNoSpacing\">\u201cAbone olmuyoruz\u201d ambargosu ile kar\u015f\u0131la\u015fmayaca\u011f\u0131m\u0131z g\u00fcnler d\u00fcnlerden yak\u0131nd\u0131r..<\/p><p class=\"MsoNoSpacing\">T\u00fcm bas\u0131n emek\u00e7isi gazetecilerin her \u015feye ra\u011fmen g\u00fcnlerini kutluyorum<\/p><p class=\"MsoNoSpacing\">Haydi, kal\u0131n sa\u011fl\u0131cakla.<\/p><p class=\"MsoNoSpacing\">Her \u015fey y\u00fcre\u011finize g\u00f6re olsun..<\/p><span style=\"background-color: rgba(0, 0, 0, 0.2); font-size: revert; color: initial;\">\u00a0<\/span> <p class=\"MsoNoSpacing\">HOPDED\u0130K<\/p><p class=\"MsoNoSpacing\">USTA..<\/p><p class=\"MsoNoSpacing\">Bizim \u00e7\u0131rakl\u0131k<\/p><p class=\"MsoNoSpacing\">d\u00f6nemimizde<\/p><p class=\"MsoNoSpacing\">Ustalar\u0131m\u0131z<\/p><p class=\"MsoNoSpacing\">sa\u011flamd\u0131.<\/p><p class=\"MsoNoSpacing\">Ustalar\u0131m\u0131z.<\/p><p class=\"MsoNoSpacing\">Kalemleri ile \u00fclke<\/p><p class=\"MsoNoSpacing\">Genelinde<\/p><p class=\"MsoNoSpacing\">hem ses verir.<\/p><p class=\"MsoNoSpacing\">Hem de<\/p><p class=\"MsoNoSpacing\">ses getirirlerdi.<\/p><p class=\"MsoNoSpacing\">Gazeteci<\/p><p class=\"MsoNoSpacing\">\u00e7\u0131rakl\u0131\u011f\u0131ndan<\/p><p class=\"MsoNoSpacing\">bu g\u00fcnlere geldik<\/p><p class=\"MsoNoSpacing\">\u00c7ok \u015f\u00fck\u00fcr..<\/p> <p class=\"MsoNoSpacing\">\u00a0<\/p> <p class=\"MsoNoSpacing\"><o:p>\u00a0<\/o:p><\/p> <\/p>\n","protected":false},"excerpt":{"rendered":"<p>Yine bir 10 Ocak g\u00fcn\u00fcne geldik, meslek ya\u015fam\u0131m boyunca her 10 Ocak\u2019ta hal hat\u0131r soran\u0131m\u0131z bolca olur. \u00c7al\u0131\u015fanla, \u00e7al\u0131\u015fmayan\u0131n kar\u0131\u015ft\u0131\u011f\u0131 yani; binlerce gazetecinin i\u015fsiz gezdi\u011fi <a href=\"https:\/\/akdenizhaber.com.tr\/index.php\/2024\/01\/08\/10-ocak-mi\/\" class=\"read-more-link\">[more&#8230;]<\/a><\/p>\n","protected":false},"author":2,"featured_media":19357,"comment_status":"open","ping_status":"open","sticky":false,"template":"","format":"standard","meta":{"footnotes":""},"categories":[2],"tags":[],"class_list":["post-19436","post","type-post","status-publish","format-standard","has-post-thumbnail","hentry","category-gundem"],"_links":{"self":[{"href":"https:\/\/akdenizhaber.com.tr\/index.php\/wp-json\/wp\/v2\/posts\/19436","targetHints":{"allow":["GET"]}}],"collection":[{"href":"https:\/\/akdenizhaber.com.tr\/index.php\/wp-json\/wp\/v2\/posts"}],"about":[{"href":"https:\/\/akdenizhaber.com.tr\/index.php\/wp-json\/wp\/v2\/types\/post"}],"author":[{"embeddable":true,"href":"https:\/\/akdenizhaber.com.tr\/index.php\/wp-json\/wp\/v2\/users\/2"}],"replies":[{"embeddable":true,"href":"https:\/\/akdenizhaber.com.tr\/index.php\/wp-json\/wp\/v2\/comments?post=19436"}],"version-history":[{"count":0,"href":"https:\/\/akdenizhaber.com.tr\/index.php\/wp-json\/wp\/v2\/posts\/19436\/revisions"}],"wp:featuredmedia":[{"embeddable":true,"href":"https:\/\/akdenizhaber.com.tr\/index.php\/wp-json\/wp\/v2\/media\/19357"}],"wp:attachment":[{"href":"https:\/\/akdenizhaber.com.tr\/index.php\/wp-json\/wp\/v2\/media?parent=19436"}],"wp:term":[{"taxonomy":"category","embeddable":true,"href":"https:\/\/akdenizhaber.com.tr\/index.php\/wp-json\/wp\/v2\/categories?post=19436"},{"taxonomy":"post_tag","embeddable":true,"href":"https:\/\/akdenizhaber.com.tr\/index.php\/wp-json\/wp\/v2\/tags?post=19436"}],"curies":[{"name":"wp","href":"https:\/\/api.w.org\/{rel}","templated":true}]}}