{"id":19428,"date":"2024-01-08T11:41:05","date_gmt":"2024-01-08T08:41:05","guid":{"rendered":"https:\/\/akdenizhaber.com.tr\/?p=19428"},"modified":"2024-01-08T12:31:48","modified_gmt":"2024-01-08T09:31:48","slug":"ak-parti-manavgat-belediye-bakan-aday-adayi-ali-riza-oner-manavgatin-trafik-sorunu-projelerle-cozulur","status":"publish","type":"post","link":"https:\/\/akdenizhaber.com.tr\/index.php\/2024\/01\/08\/ak-parti-manavgat-belediye-bakan-aday-adayi-ali-riza-oner-manavgatin-trafik-sorunu-projelerle-cozulur\/","title":{"rendered":"Ak Parti Manavgat Belediye Ba\u015fkan Aday Aday\u0131 Ali R\u0131za \u00d6ner;                                                      \u201cManavgat\u2019\u0131n Trafik Sorunu Projelerle \u00c7\u00f6z\u00fcl\u00fcr\u201d"},"content":{"rendered":"\n<p> <p class=\"MsoNoSpacing\"><o:p>\u00a0<\/o:p><\/p> <p class=\"MsoNoSpacing\"><\/p><p class=\"MsoNoSpacing\">Manavgat\u2019\u0131n en b\u00fcy\u00fck sorununun trafik oldu\u011funu kaydeden Ak Parti Manavgat Belediye Ba\u015fkan Aday Aday\u0131 Ali R\u0131za \u00d6ner, kent i\u00e7indeki trafik yo\u011funlu\u011funu azaltmak i\u00e7in yeni otopark alanlar\u0131 ve batt\u0131 \u00e7\u0131kt\u0131 yat\u0131r\u0131mlar\u0131na ihtiyac\u0131 oldu\u011funu s\u00f6yledi.<\/p> <p class=\"MsoNoSpacing\">\u2018KENT\u0130N EN B\u00dcY\u00dcK SORUNU TRAF\u0130K\u2019<\/p> <p class=\"MsoNoSpacing\">Ak Parti Manavgat Belediye Bakan Aday Aday\u0131 Ali R\u0131za \u00d6ner: \u201cBildi\u011finiz gibi Manavgat\u2019\u0131n en b\u00fcy\u00fck problemlerinden birisi otopark problemi, daha sonra trafik sorunumuz geliyor. Otopark alanlar\u0131 daha eski imar plan\u0131nda oldu\u011fu gibi merkezimizde i\u015flenmi\u015f olan yerlerde otoparklar\u0131m\u0131z mevcut. Ama \u00f6zellikle Atat\u00fcrk K\u00fclt\u00fcr Merkezi\u2019nin oldu\u011fu alan\u0131 daha \u00f6nceden planlay\u0131p alt\u0131na otopark yapsayd\u0131k en az\u0131ndan pazartesi g\u00fcnleri d\u0131\u015f\u0131nda di\u011fer g\u00fcnler bir otopark sorunu ya\u015famay\u0131 en az indirmi\u015f olurduk.\u201d <\/p> <p class=\"MsoNoSpacing\">KENT MEYDANI, KENT PARK<\/p> <p class=\"MsoNoSpacing\">Ali R\u0131za \u00d6ner: \u201cKentin otopark yap\u0131labilecek alanlar\u0131 \u015fu anda hemen hemen dolu. Ama bu sorunu \u015f\u00f6yle a\u015fmam\u0131z gerekiyor. \u0130ktidarla yerel y\u00f6netimi birle\u015ftirdikten sonra \u00f6zellikle Telekom ve \u00c7a\u011flayan okulunun bulundu\u011fu b\u00f6lgeyi kar\u015f\u0131l\u0131kl\u0131 Belediyemizle, Milli E\u011fitim Bakanl\u0131\u011f\u0131m\u0131z ve Telekom ile anla\u015f\u0131p kent meydan\u0131 veya kent park olarak kazand\u0131rabilirsek, buran\u0131n alt\u0131n\u0131 da otopark yaparak b\u00fcy\u00fck bir otopark sorununu gidermi\u015f olaca\u011f\u0131m\u0131z\u0131 d\u00fc\u015f\u00fcn\u00fcyorum.\u201d<\/p> <p class=\"MsoNoSpacing\">YAPAY \u015eELALE \u00d6N\u00dcNE BATTI \u00c7IKTI<\/p> <p class=\"MsoNoSpacing\">Ali R\u0131za \u00d6ner: \u201cBatt\u0131 \u00e7\u0131kt\u0131 yap\u0131labilecek bir tek yapay \u015felalenin oras\u0131 var teknik olarak \u00e7\u00fcnk\u00fc bildi\u011fi gibi Manavgat hemen hemen denize s\u0131f\u0131r bir rak\u0131ma sahip. Trafik sorununun \u00e7\u00f6z\u00fcm\u00fc i\u00e7in burada daha fazla batt\u0131 \u00e7\u0131kt\u0131 yerine ara\u00e7lar\u0131n daha d\u00fczenli bir \u015fekilde park etmesini sa\u011flayacak park alanlar\u0131n\u0131 geni\u015fletmemiz gerekiyor.\u201d<\/p> <p class=\"MsoNoSpacing\">ANTALYA \u2013 ALANYA OTOYOL \u0130HALES\u0130 YAPILDI<\/p> <p class=\"MsoNoSpacing\">Ali R\u0131za \u00d6ner: \u201cUla\u015ft\u0131rma Bakanl\u0131\u011f\u0131n\u0131n zaten G\u00fcltepe kav\u015fa\u011f\u0131, Il\u0131ca, \u00c7olakl\u0131 ve Evrenseki\u2019de alt ve \u00fcst ge\u00e7itleri mevcut. Ayr\u0131ca ge\u00e7en haftalarda Antalya-Alanya Otoyol ihalesi yap\u0131ld\u0131. Allah izin verirse devletimiz h\u0131z\u0131 bir \u015fekilde yapacak. Tamamland\u0131\u011f\u0131nda kent i\u00e7i trafik yo\u011funlu\u011fumuzu b\u00fcy\u00fck oranda azalacakt\u0131r.\u201d<\/p> <p class=\"MsoNoSpacing\">BO\u011eAZKENT, KIZILA\u011eA\u00c7 ARASI TUR\u0130ZM YOLU<\/p> <p class=\"MsoNoSpacing\">Ali R\u0131za \u00d6ner: \u201c2000 y\u0131llar\u0131ndan beri var olan Bo\u011fazkent\u2019ten Ni\u011fit ve G\u00fcndo\u011fdu yolunu birle\u015ftirip Kazan (Titreyeng\u00f6l) \u00fczerinden Ulualan mevkiinden K\u0131z\u0131la\u011fa\u00e7\u2019a di\u011fer turizm yolunu da birle\u015ftirebilirsek trafik sorunumuzu \u00e7\u00f6zece\u011fimizi d\u00fc\u015f\u00fcn\u00fcyorum\u201d<\/p> <p class=\"MsoNoSpacing\">(Haber Merkezi)<\/p> <p class=\"MsoNormal\"><o:p>\u00a0<\/o:p><\/p> <\/p>\n","protected":false},"excerpt":{"rendered":"<p>\u00a0 Manavgat\u2019\u0131n en b\u00fcy\u00fck sorununun trafik oldu\u011funu kaydeden Ak Parti Manavgat Belediye Ba\u015fkan Aday Aday\u0131 Ali R\u0131za \u00d6ner, kent i\u00e7indeki trafik yo\u011funlu\u011funu azaltmak i\u00e7in yeni <a href=\"https:\/\/akdenizhaber.com.tr\/index.php\/2024\/01\/08\/ak-parti-manavgat-belediye-bakan-aday-adayi-ali-riza-oner-manavgatin-trafik-sorunu-projelerle-cozulur\/\" class=\"read-more-link\">[more&#8230;]<\/a><\/p>\n","protected":false},"author":2,"featured_media":19429,"comment_status":"open","ping_status":"open","sticky":false,"template":"","format":"standard","meta":{"footnotes":""},"categories":[2],"tags":[],"class_list":["post-19428","post","type-post","status-publish","format-standard","has-post-thumbnail","hentry","category-gundem"],"_links":{"self":[{"href":"https:\/\/akdenizhaber.com.tr\/index.php\/wp-json\/wp\/v2\/posts\/19428","targetHints":{"allow":["GET"]}}],"collection":[{"href":"https:\/\/akdenizhaber.com.tr\/index.php\/wp-json\/wp\/v2\/posts"}],"about":[{"href":"https:\/\/akdenizhaber.com.tr\/index.php\/wp-json\/wp\/v2\/types\/post"}],"author":[{"embeddable":true,"href":"https:\/\/akdenizhaber.com.tr\/index.php\/wp-json\/wp\/v2\/users\/2"}],"replies":[{"embeddable":true,"href":"https:\/\/akdenizhaber.com.tr\/index.php\/wp-json\/wp\/v2\/comments?post=19428"}],"version-history":[{"count":0,"href":"https:\/\/akdenizhaber.com.tr\/index.php\/wp-json\/wp\/v2\/posts\/19428\/revisions"}],"wp:featuredmedia":[{"embeddable":true,"href":"https:\/\/akdenizhaber.com.tr\/index.php\/wp-json\/wp\/v2\/media\/19429"}],"wp:attachment":[{"href":"https:\/\/akdenizhaber.com.tr\/index.php\/wp-json\/wp\/v2\/media?parent=19428"}],"wp:term":[{"taxonomy":"category","embeddable":true,"href":"https:\/\/akdenizhaber.com.tr\/index.php\/wp-json\/wp\/v2\/categories?post=19428"},{"taxonomy":"post_tag","embeddable":true,"href":"https:\/\/akdenizhaber.com.tr\/index.php\/wp-json\/wp\/v2\/tags?post=19428"}],"curies":[{"name":"wp","href":"https:\/\/api.w.org\/{rel}","templated":true}]}}