{"id":19415,"date":"2024-01-08T11:37:15","date_gmt":"2024-01-08T08:37:15","guid":{"rendered":"https:\/\/akdenizhaber.com.tr\/?p=19415"},"modified":"2024-01-08T13:42:27","modified_gmt":"2024-01-08T10:42:27","slug":"nejat-tigli-manavgat-icin-ak-parti-zamani","status":"publish","type":"post","link":"https:\/\/akdenizhaber.com.tr\/index.php\/2024\/01\/08\/nejat-tigli-manavgat-icin-ak-parti-zamani\/","title":{"rendered":"Nejat T\u0131\u011fl\u0131: Manavgat i\u00e7in Ak Parti zaman\u0131!"},"content":{"rendered":"\n<p><\/p>\n\n\n\n<p>Ak Parti Manavgat \u00f6nceki \u0130l\u00e7e Ba\u015fkanlar\u0131ndan Nejat T\u0131\u011fl\u0131, Manavgat\u2019ta Ak Parti iktidar\u0131n\u0131n zaman\u0131 geldi dedi. Gerek\u00e7elerini a\u00e7\u0131klad\u0131.<\/p>\n\n\n\n<p>\u201cBU SE\u00c7\u0130M\u0130 AK PART\u0130\u2019YE NASIL KAZANDIRIRIZ\u201d<\/p>\n\n\n\n<p>Nejat T\u0131\u011fl\u0131: \u201cT\u00fcrkiye bunu kabullendi ama maalesef biz Manavgat\u2019ta halk olarak bunu kabullenemedik. Burada halk\u0131da su\u00e7lamak gerekmiyor kabullenmedi diye. Demek ki bizde eksiklikler oldu, hatalar\u0131m\u0131z oldu bunlar\u0131 anlatamad\u0131k. Bug\u00fcn son g\u00fcndeme bakt\u0131\u011f\u0131m\u0131z zaman Ak Parti\u2019den Ahmet mi, Hasan m\u0131, H\u00fcseyin mi, Mehmet mi olacak? Herkes bunun \u00fczerine kilitlendi. Ben bunun do\u011fru olmad\u0131\u011f\u0131n\u0131 d\u00fc\u015f\u00fcn\u00fcyorum. Art\u0131k biz bu saatten sonra Ak Partiden kimin aday olaca\u011f\u0131 de\u011fil, bu se\u00e7imi Ak Parti\u2019ye nas\u0131l kazand\u0131r\u0131r\u0131z. Bunun \u00fczerinde bir \u00e7al\u0131\u015fma yapmam\u0131z gerekiyor.\u201d<\/p>\n\n\n\n<p>\u201cALANYA \u0130LE ARAMIZDA U\u00c7URUM OLU\u015eTU\u201d<\/p>\n\n\n\n<p>Nejat T\u0131\u011fl\u0131: \u201cGerek\u00e7eleri ortaya koyarsak, sa\u011f\u0131m\u0131za bakt\u0131\u011f\u0131m\u0131z zaman Alanya, aram\u0131zda u\u00e7urumun olu\u015ftu\u011funu g\u00f6r\u00fcyoruz. Solumuza bakt\u0131\u011f\u0131m\u0131zda bizden belki 20- 30 y\u0131l geride olan bir Serik, aray\u0131 kapatm\u0131\u015f. Bize yak\u0131nla\u015fm\u0131\u015f, Bunu bile g\u00f6rmemiz bug\u00fcn Manavgat\u2019ta AK Parti yerel iktidar\u0131n ihtiyac\u0131n\u0131n ne oldu\u011fu gayet net g\u00f6r\u00fcl\u00fcyor.\u201d<\/p>\n\n\n\n<p>\u201cDO\u011eALGAZ SORUNUNU \u00c7\u00d6ZMEM\u0130Z LAZIM\u201d<\/p>\n\n\n\n<p>Nejat T\u0131\u011fl\u0131: \u201cKuzey \u00e7evre yolundan do\u011falgaz Alanya\u2019ya ge\u00e7iyor. \u00c7al\u0131\u015fmalar ba\u015flad\u0131. Manavgat\u2019\u0131n bundan yararlanamamas\u0131 demek ayn\u0131 Manavgat \u0131rma\u011f\u0131ndan yararlanmamam\u0131z gibi bir \u015fey olur. \u00d6ncelikle do\u011fal gaz sorunumuzu \u00e7\u00f6z\u00fcmlememiz laz\u0131m\u201d<\/p>\n\n\n\n<p>&nbsp;\u201cADAY K\u0130M OLURSA OLSUN\u201d<\/p>\n\n\n\n<p>Nejat T\u0131\u011fl\u0131: \u201c3 d\u00f6nem \u00f6nce Manavgat, AK Parti belediyecili\u011fi ile bulu\u015fsa idi bug\u00fcn hangi noktada olurdu Manavgat? Bu g\u00fcn hangi noktada?&nbsp; Aday kim olursa olsun ben bu d\u00f6nem Manavgat\u2019ta art\u0131k Ak Parti iktidar\u0131n\u0131n zaman\u0131n\u0131n geldi\u011fini d\u00fc\u015f\u00fcn\u00fcyorum\u201d<\/p>\n\n\n\n<p>(Haber Merkezi)<\/p>\n","protected":false},"excerpt":{"rendered":"<p>Ak Parti Manavgat \u00f6nceki \u0130l\u00e7e Ba\u015fkanlar\u0131ndan Nejat T\u0131\u011fl\u0131, Manavgat\u2019ta Ak Parti iktidar\u0131n\u0131n zaman\u0131 geldi dedi. Gerek\u00e7elerini a\u00e7\u0131klad\u0131. \u201cBU SE\u00c7\u0130M\u0130 AK PART\u0130\u2019YE NASIL KAZANDIRIRIZ\u201d Nejat T\u0131\u011fl\u0131: <a href=\"https:\/\/akdenizhaber.com.tr\/index.php\/2024\/01\/08\/nejat-tigli-manavgat-icin-ak-parti-zamani\/\" class=\"read-more-link\">[more&#8230;]<\/a><\/p>\n","protected":false},"author":2,"featured_media":19443,"comment_status":"open","ping_status":"open","sticky":false,"template":"","format":"standard","meta":{"footnotes":""},"categories":[2],"tags":[],"class_list":["post-19415","post","type-post","status-publish","format-standard","has-post-thumbnail","hentry","category-gundem"],"_links":{"self":[{"href":"https:\/\/akdenizhaber.com.tr\/index.php\/wp-json\/wp\/v2\/posts\/19415","targetHints":{"allow":["GET"]}}],"collection":[{"href":"https:\/\/akdenizhaber.com.tr\/index.php\/wp-json\/wp\/v2\/posts"}],"about":[{"href":"https:\/\/akdenizhaber.com.tr\/index.php\/wp-json\/wp\/v2\/types\/post"}],"author":[{"embeddable":true,"href":"https:\/\/akdenizhaber.com.tr\/index.php\/wp-json\/wp\/v2\/users\/2"}],"replies":[{"embeddable":true,"href":"https:\/\/akdenizhaber.com.tr\/index.php\/wp-json\/wp\/v2\/comments?post=19415"}],"version-history":[{"count":0,"href":"https:\/\/akdenizhaber.com.tr\/index.php\/wp-json\/wp\/v2\/posts\/19415\/revisions"}],"wp:featuredmedia":[{"embeddable":true,"href":"https:\/\/akdenizhaber.com.tr\/index.php\/wp-json\/wp\/v2\/media\/19443"}],"wp:attachment":[{"href":"https:\/\/akdenizhaber.com.tr\/index.php\/wp-json\/wp\/v2\/media?parent=19415"}],"wp:term":[{"taxonomy":"category","embeddable":true,"href":"https:\/\/akdenizhaber.com.tr\/index.php\/wp-json\/wp\/v2\/categories?post=19415"},{"taxonomy":"post_tag","embeddable":true,"href":"https:\/\/akdenizhaber.com.tr\/index.php\/wp-json\/wp\/v2\/tags?post=19415"}],"curies":[{"name":"wp","href":"https:\/\/api.w.org\/{rel}","templated":true}]}}