{"id":19412,"date":"2024-01-08T11:36:44","date_gmt":"2024-01-08T08:36:44","guid":{"rendered":"https:\/\/akdenizhaber.com.tr\/?p=19412"},"modified":"2024-01-09T11:17:37","modified_gmt":"2024-01-09T08:17:37","slug":"chp-belediye-meclis-uyesi-aday-adayi-ozaydin-hedefimde-turizm-calisanina-hizmet-var","status":"publish","type":"post","link":"https:\/\/akdenizhaber.com.tr\/index.php\/2024\/01\/08\/chp-belediye-meclis-uyesi-aday-adayi-ozaydin-hedefimde-turizm-calisanina-hizmet-var\/","title":{"rendered":"CHP Belediye Meclis \u00dcyesi Aday Aday\u0131 \u00d6zayd\u0131n; \u201cHedefimde turizm \u00e7al\u0131\u015fan\u0131na hizmet var\u201d"},"content":{"rendered":"\n<p><\/p>\n\n\n\n<p>31 Mart 2024 tarihin yap\u0131lacak olan yerel se\u00e7imlerde Cumhuriyet Halk Partisinden Manavgat Belediyesi meclis \u00fcyesi aday adayl\u0131\u011f\u0131 ba\u015fvurusu yapan turizmci i\u015f insan\u0131 Erol \u00d6zayd\u0131n saha \u00e7al\u0131\u015fmalar\u0131n\u0131 s\u00fcrd\u00fcr\u00fcyor.<\/p>\n\n\n\n<p>36 y\u0131ld\u0131r Manavgat\u2019ta ya\u015fam s\u00fcrd\u00fcrd\u00fc\u011f\u00fcn\u00fc ve bu s\u00fcre\u00e7te turizmde Manavgat\u2019a ve \u00fclke turizmine katk\u0131 sa\u011flamak amac\u0131yla \u00e7al\u0131\u015fmalar\u0131n\u0131 y\u00fcr\u00fctt\u00fc\u011f\u00fcn\u00fc ifade eden Erol \u00d6zayd\u0131n, Manavgat\u2019ta ya\u015fam s\u00fcren do\u011fulu, bat\u0131l\u0131 ayr\u0131m\u0131 yapmadan t\u00fcm insanlar\u0131n belediye meclisinde sesi olmak i\u00e7in aday aday\u0131 oldu\u011funu belirterek \u015f\u00f6yle konu\u015ftu;<\/p>\n\n\n\n<p>\u201cDo\u011fudan ve bat\u0131dan kuzeyden ve g\u00fcneyden gelip bu \u015fehirde ya\u015fayan ve turizm sekt\u00f6r\u00fcnde \u00e7al\u0131\u015fan emek\u00e7ilerin sesi olmak ve de 40 y\u0131ld\u0131r ekme\u011fini yedi\u011fim suyunu i\u00e7ti\u011fim havas\u0131n\u0131 soludu\u011fum g\u00fczelim Manavgat\u2019a hizmet i\u00e7in Manavgat Belediyesi meclis \u00fcyesi aday aday\u0131y\u0131m se\u00e7ildi\u011fim takdirde vatanda\u015flar\u0131m\u0131z ve turizm \u00e7al\u0131\u015fanlar\u0131 ile birlikte g\u00fczel i\u015flere imza ataca\u011f\u0131m\u0131za inan\u0131yorum. Yakla\u015fan se\u00e7imler \u00f6ncesi kentimizde ya\u015fam s\u00fcren ve gurbetten gelen t\u00fcm turizm i\u015f\u00e7ilerine ula\u015farak sorunlar\u0131n\u0131 not al\u0131yor projelerimi anlat\u0131yorum\u201d dedi.<\/p>\n\n\n\n<p>(Haber Merkezi)<\/p>\n","protected":false},"excerpt":{"rendered":"<p>31 Mart 2024 tarihin yap\u0131lacak olan yerel se\u00e7imlerde Cumhuriyet Halk Partisinden Manavgat Belediyesi meclis \u00fcyesi aday adayl\u0131\u011f\u0131 ba\u015fvurusu yapan turizmci i\u015f insan\u0131 Erol \u00d6zayd\u0131n saha <a href=\"https:\/\/akdenizhaber.com.tr\/index.php\/2024\/01\/08\/chp-belediye-meclis-uyesi-aday-adayi-ozaydin-hedefimde-turizm-calisanina-hizmet-var\/\" class=\"read-more-link\">[more&#8230;]<\/a><\/p>\n","protected":false},"author":2,"featured_media":19413,"comment_status":"open","ping_status":"open","sticky":false,"template":"","format":"standard","meta":{"footnotes":""},"categories":[2],"tags":[],"class_list":["post-19412","post","type-post","status-publish","format-standard","has-post-thumbnail","hentry","category-gundem"],"_links":{"self":[{"href":"https:\/\/akdenizhaber.com.tr\/index.php\/wp-json\/wp\/v2\/posts\/19412","targetHints":{"allow":["GET"]}}],"collection":[{"href":"https:\/\/akdenizhaber.com.tr\/index.php\/wp-json\/wp\/v2\/posts"}],"about":[{"href":"https:\/\/akdenizhaber.com.tr\/index.php\/wp-json\/wp\/v2\/types\/post"}],"author":[{"embeddable":true,"href":"https:\/\/akdenizhaber.com.tr\/index.php\/wp-json\/wp\/v2\/users\/2"}],"replies":[{"embeddable":true,"href":"https:\/\/akdenizhaber.com.tr\/index.php\/wp-json\/wp\/v2\/comments?post=19412"}],"version-history":[{"count":0,"href":"https:\/\/akdenizhaber.com.tr\/index.php\/wp-json\/wp\/v2\/posts\/19412\/revisions"}],"wp:featuredmedia":[{"embeddable":true,"href":"https:\/\/akdenizhaber.com.tr\/index.php\/wp-json\/wp\/v2\/media\/19413"}],"wp:attachment":[{"href":"https:\/\/akdenizhaber.com.tr\/index.php\/wp-json\/wp\/v2\/media?parent=19412"}],"wp:term":[{"taxonomy":"category","embeddable":true,"href":"https:\/\/akdenizhaber.com.tr\/index.php\/wp-json\/wp\/v2\/categories?post=19412"},{"taxonomy":"post_tag","embeddable":true,"href":"https:\/\/akdenizhaber.com.tr\/index.php\/wp-json\/wp\/v2\/tags?post=19412"}],"curies":[{"name":"wp","href":"https:\/\/api.w.org\/{rel}","templated":true}]}}