{"id":19406,"date":"2024-01-08T11:35:03","date_gmt":"2024-01-08T08:35:03","guid":{"rendered":"https:\/\/akdenizhaber.com.tr\/?p=19406"},"modified":"2024-01-08T11:35:03","modified_gmt":"2024-01-08T08:35:03","slug":"kemer-belediyesi-2024te-21-turizm-fuarina-katilacak","status":"publish","type":"post","link":"https:\/\/akdenizhaber.com.tr\/index.php\/2024\/01\/08\/kemer-belediyesi-2024te-21-turizm-fuarina-katilacak\/","title":{"rendered":"Kemer Belediyesi 2024&#8217;te 21 Turizm Fuar\u0131&#8217;na kat\u0131lacak!"},"content":{"rendered":"\n<p><\/p>\n\n\n\n<p>Antalya&#8217;n\u0131n Kemer il\u00e7esi Kemer Belediyesi, Kemer tan\u0131t\u0131m\u0131 ve turizmin \u00e7e\u015fitlendirilmesi ve s\u00fcrd\u00fcr\u00fclebilir turizmi art\u0131rmak amac\u0131yla 2024&#8217;de yap\u0131lacak olan turizm fuarlar\u0131na haz\u0131rlan\u0131yor.<\/p>\n\n\n\n<p>T\u00fcrkiye&#8217;nin en \u00f6nemli turizm destinasyonlar\u0131ndan olan Kemer&#8217;in ulusal ve uluslararas\u0131 platformlarda daha fazla tan\u0131t\u0131lmas\u0131n\u0131 sa\u011flamak i\u00e7in 21 uluslararas\u0131 turizm fuar\u0131na \u00e7\u0131karma yapmaya haz\u0131rlan\u0131yor.<\/p>\n\n\n\n<p>Kemer Belediyesi, ilk olarak 11-14 Ocak tarihleri aras\u0131nda Hollanda&#8217;n\u0131n Utrecht \u015fehrinde d\u00fczenlenecek olan Utrecht Turizm Fuar\u0131&#8217;nda yer alacak.<\/p>\n\n\n\n<p>Deniz, kum, g\u00fcne\u015f ve do\u011fas\u0131n\u0131n yan\u0131 s\u0131ra bir\u00e7ok spor organizasyonunun da merkezi haline gelen Kemer&#8217;i yurt i\u00e7i ve yurt d\u0131\u015f\u0131nda tan\u0131tmak i\u00e7in kollar\u0131 s\u0131vayan Kemer Belediye Ba\u015fkan\u0131 Necati Topalo\u011flu, Ocak ay\u0131ndan itibaren fuar trafi\u011fine devam edecek.<\/p>\n\n\n\n<p>Kemer Belediyesi Eyl\u00fcl ay\u0131nda al\u0131nan meclis karar\u0131 ile, 11-24 Ocak&#8217;ta Hollanda Utrecht, 13-21 Ocak Almanya Stuttgart, 26-28 Ocak Litvanya, 1-4 \u015eubat Bel\u00e7ika Br\u00fcksel, 2-4 \u015eubat Letonya Riga, 6-9 \u015eubat \u0130stanbul EM\u0130TT, 7-11 \u015eubat Almanya Hamburg, 8-11 \u015eubat Rusya Moskova Dal\u0131\u015f Fuar\u0131, 14-18 \u015eubat Almanya M\u00fcnih, 22-25 \u015eubat S\u0131rbistan Belgrad, 21-25 \u015eubat Almanya N\u00fcrnberg, 5-7 Mart Almanya Berlin, 14-17 Mart Avusturya Viyana, 15-17 Mart \u00c7ekya Prag, 16-18 Mart Rusya Intour Market, 19-21 Mart Rusya MITT Moskova, 18-20 Nisan Belarus Minsk, 24-26 Nisan Kazakistan Almat\u0131, 3-7 Temmuz Almanya Frankfurt Bisiklet Fuar\u0131, 5-7 Kas\u0131m \u0130ngiltere Londra Turizm Fuar\u0131, 21-23 Kas\u0131m Polonya Var\u015fova Turizm Fuarlar\u0131na \u00e7\u0131karma yapacak.<\/p>\n\n\n\n<p>Haber\/Abdurrahman B\u00fcy\u00fckkeskin<\/p>\n","protected":false},"excerpt":{"rendered":"<p>Antalya&#8217;n\u0131n Kemer il\u00e7esi Kemer Belediyesi, Kemer tan\u0131t\u0131m\u0131 ve turizmin \u00e7e\u015fitlendirilmesi ve s\u00fcrd\u00fcr\u00fclebilir turizmi art\u0131rmak amac\u0131yla 2024&#8217;de yap\u0131lacak olan turizm fuarlar\u0131na haz\u0131rlan\u0131yor. T\u00fcrkiye&#8217;nin en \u00f6nemli turizm <a href=\"https:\/\/akdenizhaber.com.tr\/index.php\/2024\/01\/08\/kemer-belediyesi-2024te-21-turizm-fuarina-katilacak\/\" class=\"read-more-link\">[more&#8230;]<\/a><\/p>\n","protected":false},"author":2,"featured_media":19407,"comment_status":"open","ping_status":"open","sticky":false,"template":"","format":"standard","meta":{"footnotes":""},"categories":[2],"tags":[],"class_list":["post-19406","post","type-post","status-publish","format-standard","has-post-thumbnail","hentry","category-gundem"],"_links":{"self":[{"href":"https:\/\/akdenizhaber.com.tr\/index.php\/wp-json\/wp\/v2\/posts\/19406","targetHints":{"allow":["GET"]}}],"collection":[{"href":"https:\/\/akdenizhaber.com.tr\/index.php\/wp-json\/wp\/v2\/posts"}],"about":[{"href":"https:\/\/akdenizhaber.com.tr\/index.php\/wp-json\/wp\/v2\/types\/post"}],"author":[{"embeddable":true,"href":"https:\/\/akdenizhaber.com.tr\/index.php\/wp-json\/wp\/v2\/users\/2"}],"replies":[{"embeddable":true,"href":"https:\/\/akdenizhaber.com.tr\/index.php\/wp-json\/wp\/v2\/comments?post=19406"}],"version-history":[{"count":0,"href":"https:\/\/akdenizhaber.com.tr\/index.php\/wp-json\/wp\/v2\/posts\/19406\/revisions"}],"wp:featuredmedia":[{"embeddable":true,"href":"https:\/\/akdenizhaber.com.tr\/index.php\/wp-json\/wp\/v2\/media\/19407"}],"wp:attachment":[{"href":"https:\/\/akdenizhaber.com.tr\/index.php\/wp-json\/wp\/v2\/media?parent=19406"}],"wp:term":[{"taxonomy":"category","embeddable":true,"href":"https:\/\/akdenizhaber.com.tr\/index.php\/wp-json\/wp\/v2\/categories?post=19406"},{"taxonomy":"post_tag","embeddable":true,"href":"https:\/\/akdenizhaber.com.tr\/index.php\/wp-json\/wp\/v2\/tags?post=19406"}],"curies":[{"name":"wp","href":"https:\/\/api.w.org\/{rel}","templated":true}]}}