{"id":19390,"date":"2024-01-06T14:03:42","date_gmt":"2024-01-06T11:03:42","guid":{"rendered":"https:\/\/akdenizhaber.com.tr\/?p=19390"},"modified":"2024-01-06T14:03:42","modified_gmt":"2024-01-06T11:03:42","slug":"cumhurbaskani-recep-tayyip-erdogan-imzali-yerel-secim-genelgesi-resmi-gazetede-yayimlandi","status":"publish","type":"post","link":"https:\/\/akdenizhaber.com.tr\/index.php\/2024\/01\/06\/cumhurbaskani-recep-tayyip-erdogan-imzali-yerel-secim-genelgesi-resmi-gazetede-yayimlandi\/","title":{"rendered":"Cumhurba\u015fkan\u0131 Recep Tayyip Erdo\u011fan imzal\u0131 Yerel se\u00e7im genelgesi\u00a0 Resmi Gazete&#8217;de yay\u0131mland\u0131"},"content":{"rendered":"\n<p><\/p>\n\n\n\n<p>Cumhurba\u015fkan\u0131 Recep Tayyip Erdo\u011fan imzal\u0131&nbsp; 31 Mart\u2019ta yap\u0131lacak&nbsp; Yerel se\u00e7imler genelgesi Resmi Gazetede yay\u0131mlanarak y\u00fcr\u00fcrl\u00fc\u011fe girdi.<\/p>\n\n\n\n<p>Cumhurba\u015fkan\u0131&nbsp;<a href=\"https:\/\/www.ensonhaber.com\/recep-tayyip-erdogan.htm\" target=\"_blank\" rel=\"noreferrer noopener\">Recep Tayyip Erdo\u011fan<\/a>&nbsp;imzas\u0131yla Resmi Gazete&#8217;de yay\u0131mlanan Mahalli \u0130dareler Genel Se\u00e7imleri ile \u0130lgili 2024\/1 Say\u0131l\u0131 Cumhurba\u015fkanl\u0131\u011f\u0131 Genelgesi&#8217;sinde Anayasa&#8217;n\u0131n 127&#8217;nci ve 2972 say\u0131l\u0131 Mahalli \u0130dareler ile Mahalle Muhtarl\u0131klar\u0131 ve \u0130htiyar Heyetleri Se\u00e7imi Hakk\u0131nda Kanun&#8217;un 8&#8217;inci maddesi uyar\u0131nca 31 Mart Pazar g\u00fcn\u00fc Mahalli \u0130dareler Genel Se\u00e7imleri yap\u0131laca\u011f\u0131 hat\u0131rlat\u0131ld\u0131.<\/p>\n\n\n\n<p>Mahalli \u0130dareler Genel Se\u00e7imleri&#8217;nin Anayasa&#8217;n\u0131n 79&#8217;uncu maddesinde \u00f6ng\u00f6r\u00fclen &#8216;se\u00e7imlerin ba\u015flamas\u0131ndan bitimine kadar, se\u00e7imin d\u00fczen i\u00e7inde y\u00f6netimi ve d\u00fcr\u00fcstl\u00fc\u011f\u00fc&#8217; ilkesine yara\u015f\u0131r bir \u015fekilde ger\u00e7ekle\u015ftirilebilmesini teminen, Y\u00fcksek Se\u00e7im Kurulu (YSK) ile il ve il\u00e7e se\u00e7im kurullar\u0131n\u0131n bu kapsamdaki \u00e7al\u0131\u015fmalar\u0131na, di\u011fer kamu kurum ve kurulu\u015flar\u0131nca da her t\u00fcrl\u00fc i\u015f g\u00fcc\u00fc, ara\u00e7 ile di\u011fer malzeme deste\u011fi verilmesinin \u00f6nem arz etti\u011fi belirtildi.<\/p>\n\n\n\n<p><strong>&#8220;Gereken t\u00fcm \u00f6nlemler al\u0131nacak&#8221;<\/strong><\/p>\n\n\n\n<p>Genelgede \u015fu ifadelere yer verildi:<\/p>\n\n\n\n<p>Bu itibarla 31 Mart 2024 Pazar g\u00fcn\u00fc yap\u0131lacak Mahalli \u0130dareler Genel Se\u00e7imleri&#8217;nin ba\u015far\u0131yla ger\u00e7ekle\u015ftirilerek millet iradesinin sand\u0131\u011fa sa\u011fl\u0131kl\u0131 olarak yans\u0131mas\u0131 amac\u0131yla \u00f6zellikle il\u00e7e se\u00e7im kurullar\u0131na yer, ara\u00e7 tahsisi, bilgisayar, yaz\u0131c\u0131 ve toneri, kesintisiz g\u00fc\u00e7 kayna\u011f\u0131, jenerat\u00f6r gibi ihtiya\u00e7lar ile bunlar\u0131 kullanabilen nitelikli i\u015f g\u00fcc\u00fc takviyesinin t\u00fcm kamu kurum ve kurulu\u015flar\u0131nca herhangi bir aksamaya meydan verilmeden kar\u015f\u0131lanmas\u0131 konusunda ba\u015fta m\u00fclki idare amirleri olmak \u00fczere t\u00fcm kamu kurum ve kurulu\u015flar\u0131, kamu bankalar\u0131n\u0131n y\u00f6neticileri ile g\u00fcvenlik g\u00fc\u00e7lerinin amirleri taraf\u0131ndan gereken t\u00fcm \u00f6nlemler al\u0131nacak ve bu hususta azami gayret ve duyarl\u0131l\u0131k g\u00f6sterilecektir.<\/p>\n\n\n\n<p>(Haber Merkezi)<\/p>\n","protected":false},"excerpt":{"rendered":"<p>Cumhurba\u015fkan\u0131 Recep Tayyip Erdo\u011fan imzal\u0131&nbsp; 31 Mart\u2019ta yap\u0131lacak&nbsp; Yerel se\u00e7imler genelgesi Resmi Gazetede yay\u0131mlanarak y\u00fcr\u00fcrl\u00fc\u011fe girdi. Cumhurba\u015fkan\u0131&nbsp;Recep Tayyip Erdo\u011fan&nbsp;imzas\u0131yla Resmi Gazete&#8217;de yay\u0131mlanan Mahalli \u0130dareler Genel <a href=\"https:\/\/akdenizhaber.com.tr\/index.php\/2024\/01\/06\/cumhurbaskani-recep-tayyip-erdogan-imzali-yerel-secim-genelgesi-resmi-gazetede-yayimlandi\/\" class=\"read-more-link\">[more&#8230;]<\/a><\/p>\n","protected":false},"author":2,"featured_media":19391,"comment_status":"open","ping_status":"open","sticky":false,"template":"","format":"standard","meta":{"footnotes":""},"categories":[2],"tags":[],"class_list":["post-19390","post","type-post","status-publish","format-standard","has-post-thumbnail","hentry","category-gundem"],"_links":{"self":[{"href":"https:\/\/akdenizhaber.com.tr\/index.php\/wp-json\/wp\/v2\/posts\/19390","targetHints":{"allow":["GET"]}}],"collection":[{"href":"https:\/\/akdenizhaber.com.tr\/index.php\/wp-json\/wp\/v2\/posts"}],"about":[{"href":"https:\/\/akdenizhaber.com.tr\/index.php\/wp-json\/wp\/v2\/types\/post"}],"author":[{"embeddable":true,"href":"https:\/\/akdenizhaber.com.tr\/index.php\/wp-json\/wp\/v2\/users\/2"}],"replies":[{"embeddable":true,"href":"https:\/\/akdenizhaber.com.tr\/index.php\/wp-json\/wp\/v2\/comments?post=19390"}],"version-history":[{"count":0,"href":"https:\/\/akdenizhaber.com.tr\/index.php\/wp-json\/wp\/v2\/posts\/19390\/revisions"}],"wp:featuredmedia":[{"embeddable":true,"href":"https:\/\/akdenizhaber.com.tr\/index.php\/wp-json\/wp\/v2\/media\/19391"}],"wp:attachment":[{"href":"https:\/\/akdenizhaber.com.tr\/index.php\/wp-json\/wp\/v2\/media?parent=19390"}],"wp:term":[{"taxonomy":"category","embeddable":true,"href":"https:\/\/akdenizhaber.com.tr\/index.php\/wp-json\/wp\/v2\/categories?post=19390"},{"taxonomy":"post_tag","embeddable":true,"href":"https:\/\/akdenizhaber.com.tr\/index.php\/wp-json\/wp\/v2\/tags?post=19390"}],"curies":[{"name":"wp","href":"https:\/\/api.w.org\/{rel}","templated":true}]}}