{"id":19377,"date":"2024-01-06T13:27:05","date_gmt":"2024-01-06T10:27:05","guid":{"rendered":"https:\/\/akdenizhaber.com.tr\/?p=19377"},"modified":"2024-01-06T13:27:05","modified_gmt":"2024-01-06T10:27:05","slug":"bamya-corbasi-etkinligine-ilgi-yogundu","status":"publish","type":"post","link":"https:\/\/akdenizhaber.com.tr\/index.php\/2024\/01\/06\/bamya-corbasi-etkinligine-ilgi-yogundu\/","title":{"rendered":"\u00a0\u2018Bamya \u00c7orbas\u0131\u2019 Etkinli\u011fine \u0130lgi Yo\u011fundu"},"content":{"rendered":"\n<p><\/p>\n\n\n\n<p>Manavgat Konyal\u0131lar K\u00fclt\u00fcr ve Dayan\u0131\u015fma Derne\u011fi d\u00fczenledi\u011fi \u2018Bamya \u00c7orbas\u0131\u2019 etkinli\u011finde sanayi esnaflar\u0131yla bir araya geldi. Davete, STK Ba\u015fkanlar\u0131 ile Hatayl\u0131lar Derne\u011fi Ba\u015fkan\u0131 Cumali Oflaz haz\u0131r bulundu.<\/p>\n\n\n\n<p>Konya\u2019n\u0131n co\u011frafi i\u015faret tescilli has bir lezzeti olan Bamya \u00c7orbas\u0131n\u0131 Manavgatl\u0131 hem\u015fehrilerine tan\u0131tmaktan mutluluk duydu\u011funu belirten dernek ba\u015fkan\u0131 Sedat Eken, bu kez dernek binas\u0131nda sanayi esnaflar\u0131n\u0131 a\u011f\u0131rlad\u0131.<\/p>\n\n\n\n<p>Konyal\u0131lar Derne\u011fi olarak ger\u00e7ekle\u015ftirdikleri etkinliklerde hi\u00e7bir zaman siyasi bir beklenti i\u00e7erisinde olmad\u0131klar\u0131n\u0131, ama\u00e7lar\u0131n\u0131n k\u00fclt\u00fcrlerini tan\u0131tmak ve ya\u015fatmak oldu\u011funu savunan Eken, k\u00fclt\u00fcrler aras\u0131 dayan\u0131\u015fman\u0131n ve anla\u015fman\u0131n birlikte ya\u015famay\u0131 kolayla\u015ft\u0131raca\u011f\u0131n\u0131 savunarak, Anadolu k\u00fclt\u00fcr\u00fcn\u00fcn sevgi ve bar\u0131\u015f k\u00fclt\u00fcr\u00fcn\u00fcn yolu oldu\u011funu s\u00f6yledi.<\/p>\n\n\n\n<p>Bamya \u00c7orbas\u0131 etkinli\u011fine kat\u0131lan Manavgat Belediye Ba\u015fkan Yard\u0131mc\u0131s\u0131 Hakk\u0131 \u00d6devo\u011flu ile dernek y\u00f6neticileri misafirlerle tek tek ilgilenerek, dostluk i\u00e7erisinde bir sohbet ger\u00e7ekle\u015ftirdiler.<\/p>\n\n\n\n<p>(Haber Merkezi)<\/p>\n","protected":false},"excerpt":{"rendered":"<p>Manavgat Konyal\u0131lar K\u00fclt\u00fcr ve Dayan\u0131\u015fma Derne\u011fi d\u00fczenledi\u011fi \u2018Bamya \u00c7orbas\u0131\u2019 etkinli\u011finde sanayi esnaflar\u0131yla bir araya geldi. Davete, STK Ba\u015fkanlar\u0131 ile Hatayl\u0131lar Derne\u011fi Ba\u015fkan\u0131 Cumali Oflaz haz\u0131r <a href=\"https:\/\/akdenizhaber.com.tr\/index.php\/2024\/01\/06\/bamya-corbasi-etkinligine-ilgi-yogundu\/\" class=\"read-more-link\">[more&#8230;]<\/a><\/p>\n","protected":false},"author":2,"featured_media":19378,"comment_status":"open","ping_status":"open","sticky":false,"template":"","format":"standard","meta":{"footnotes":""},"categories":[2],"tags":[],"class_list":["post-19377","post","type-post","status-publish","format-standard","has-post-thumbnail","hentry","category-gundem"],"_links":{"self":[{"href":"https:\/\/akdenizhaber.com.tr\/index.php\/wp-json\/wp\/v2\/posts\/19377","targetHints":{"allow":["GET"]}}],"collection":[{"href":"https:\/\/akdenizhaber.com.tr\/index.php\/wp-json\/wp\/v2\/posts"}],"about":[{"href":"https:\/\/akdenizhaber.com.tr\/index.php\/wp-json\/wp\/v2\/types\/post"}],"author":[{"embeddable":true,"href":"https:\/\/akdenizhaber.com.tr\/index.php\/wp-json\/wp\/v2\/users\/2"}],"replies":[{"embeddable":true,"href":"https:\/\/akdenizhaber.com.tr\/index.php\/wp-json\/wp\/v2\/comments?post=19377"}],"version-history":[{"count":0,"href":"https:\/\/akdenizhaber.com.tr\/index.php\/wp-json\/wp\/v2\/posts\/19377\/revisions"}],"wp:featuredmedia":[{"embeddable":true,"href":"https:\/\/akdenizhaber.com.tr\/index.php\/wp-json\/wp\/v2\/media\/19378"}],"wp:attachment":[{"href":"https:\/\/akdenizhaber.com.tr\/index.php\/wp-json\/wp\/v2\/media?parent=19377"}],"wp:term":[{"taxonomy":"category","embeddable":true,"href":"https:\/\/akdenizhaber.com.tr\/index.php\/wp-json\/wp\/v2\/categories?post=19377"},{"taxonomy":"post_tag","embeddable":true,"href":"https:\/\/akdenizhaber.com.tr\/index.php\/wp-json\/wp\/v2\/tags?post=19377"}],"curies":[{"name":"wp","href":"https:\/\/api.w.org\/{rel}","templated":true}]}}