{"id":19371,"date":"2024-01-06T13:23:09","date_gmt":"2024-01-06T10:23:09","guid":{"rendered":"https:\/\/akdenizhaber.com.tr\/?p=19371"},"modified":"2024-01-06T13:23:09","modified_gmt":"2024-01-06T10:23:09","slug":"akdeniz-universitesi-rektoru-prof-dr-ozlenen-ozkan-yapay-zeka-alaninda-calismalar-devam-ediyor","status":"publish","type":"post","link":"https:\/\/akdenizhaber.com.tr\/index.php\/2024\/01\/06\/akdeniz-universitesi-rektoru-prof-dr-ozlenen-ozkan-yapay-zeka-alaninda-calismalar-devam-ediyor\/","title":{"rendered":"Akdeniz \u00dcniversitesi Rekt\u00f6r\u00fc Prof. Dr. \u00d6zlenen \u00d6zkan; \u201cYapay Zeka Alan\u0131nda \u00c7al\u0131\u015fmalar Devam Ediyor\u201d"},"content":{"rendered":"\n<p><\/p>\n\n\n\n<p>Akdeniz \u00dcniversitesi Antalya Teknokent b\u00fcnyesinde faaliyet g\u00f6steren 2 firma, 1711 Yapay Zeka Ekosistem \u00c7a\u011fr\u0131s\u0131 kapsam\u0131nda desteklemeye hak kazanan 17 firma aras\u0131nda yer ald\u0131.<\/p>\n\n\n\n<p>T\u00dcB\u0130TAK Teknoloji ve Yenilik Destek Programlar\u0131 Ba\u015fkanl\u0131\u011f\u0131 (TEYDEB) Yenilik Destek Program\u0131 1711 &#8211; Yapay Zek\u00e2 Ekosistem \u00c7a\u011fr\u0131s\u0131 \u2013 2023 \u00e7a\u011fr\u0131s\u0131 kapsam\u0131nda desteklenmeye hak kazanan proje sahipleri a\u00e7\u0131kland\u0131. Sanayi ve Teknoloji Bakan\u0131 Mehmet Fatih Kac\u0131r\u2019\u0131n kat\u0131l\u0131m\u0131yla T\u00dcB\u0130TAK Yapay Zeka Ekosistem \u00c7a\u011fr\u0131s\u0131 2023 S\u00f6zle\u015fme \u0130mza T\u00f6reni T\u00dcB\u0130TAK Gebze Yerle\u015fkesi Marmara Teknokent (MARTEK)\u2019te ger\u00e7ekle\u015fti. T\u00f6rende ayr\u0131ca T\u00dcB\u0130TAK Ba\u015fkan\u0131 Prof. Dr. Hasan Mandal, Akdeniz \u00dcniversitesi Rekt\u00f6r\u00fc Prof. Dr. \u00d6zlenen \u00d6zkan, Antalya Teknokent Genel M\u00fcd\u00fcr\u00fc Dr. \u0130brahim Yavuz ve projeleri desteklenmeye hak kazanan kat\u0131l\u0131mc\u0131lar yer ald\u0131.<\/p>\n\n\n\n<p>ANTALYA TEKNOKENT\u2019TEN \u0130K\u0130 F\u0130RMA<\/p>\n\n\n\n<p>\u00c7a\u011fr\u0131 kapsam\u0131nda Akdeniz \u00dcniversitesi\u2019nin ortak kurulu\u015f oldu\u011fu Antalya Teknokent Firmalar\u0131ndan ERS Yaz\u0131l\u0131m \u0130nternet Turizm Sanayi Ticaret Anonim \u015eirketi\u2019nin Turizm Sekt\u00f6r\u00fc \u0130\u00e7in Yapay Zeka Destekli S\u00fcrd\u00fcr\u00fclebilir Ula\u015f\u0131m Ekosistemi adl\u0131 projesi, Talya Bili\u015fim Ticaret ve Sanayi Anonim \u015eirketi\u2019nin Otel Konaklama Ekosistemi \u0130\u00e7in Yapay Zeka Tabanl\u0131 Karbon Ayak \u0130zi Kaynak Takip, Anomali Tespit ve \u00d6nlem \u00d6neri Platformu(TURCAMAP) adl\u0131 projesi desteklenmeye hak kazand\u0131.T\u00dcB\u0130TAK Yapay Zeka Ekosistem \u00c7a\u011fr\u0131s\u0131 2023 S\u00f6zle\u015fme \u0130mza T\u00f6reni\u2019nde Sanayi ve Teknoloji Bakan\u0131 Mehmet Fatih Kac\u0131r, T\u00dcB\u0130TAK Ba\u015fkan\u0131 Prof. Dr. Hasan Mandal ve Akdeniz \u00dcniversitesi Rekt\u00f6r\u00fc Prof. Dr. \u00d6zlenen \u00d6zkan taraf\u0131ndan Akdeniz \u00dcniversitesi Antalya Teknokent firmalar\u0131n\u0131n proje s\u00f6zle\u015fmeleri imzaland\u0131.<\/p>\n\n\n\n<p>\u201cYAPAY ZEKAALANINDA \u00c7ALI\u015eMALAR DEVAM ED\u0130YOR\u201d<\/p>\n\n\n\n<p>Antalya Teknokent \u00e7at\u0131s\u0131 alt\u0131nda ba\u015far\u0131l\u0131 \u00e7al\u0131\u015fmalara imza atan \u00e7ok say\u0131da firma oldu\u011funu s\u00f6yleyen Akdeniz \u00dcniversitesi Rekt\u00f6r\u00fc Prof. Dr. \u00d6zlenen \u00d6zkan, \u201cAkdeniz \u00dcniversitesi olarak, ara\u015ft\u0131rma, geli\u015ftirme ve teknoloji merkezli \u00e7al\u0131\u015fmalar\u0131m\u0131z\u0131n meyvelerini almak bizleri mutlu ediyor. Turizm ve otel konaklama sekt\u00f6rlerinde Antalya Teknokentimiz b\u00fcnyesindeki Talya Bili\u015fim ve ERS Yaz\u0131l\u0131m \u015firketlerinin b\u00fcy\u00fck teknoloji devlerinin aras\u0131nda deste\u011fe hak kazanmas\u0131 da gururumuzu art\u0131rd\u0131. Y\u00fcr\u00fct\u00fcc\u00fc ve dan\u0131\u015fman hocalar\u0131m\u0131z\u0131 ve proje orta\u011f\u0131 firmalar\u0131m\u0131z\u0131 tebrik ediyorum.\u201d dedi. Gelece\u011fin d\u00fcnyas\u0131nda sa\u011flam bir yer edinmek i\u00e7in inovatif, yenilik\u00e7i, yapay zeka destekli daha fazla \u00e7al\u0131\u015fmaya ihtiya\u00e7 oldu\u011funu belirten Rekt\u00f6r \u00d6zkan, \u201cBu anlamda T\u00dcB\u0130TAK\u2019\u0131n bu deste\u011fi \u00e7ok k\u0131ymetli. \u00dcniversite olarak yapay zeka teknolojilerinin geli\u015ftirilmesi ve uygulama alanlar\u0131n\u0131n art\u0131r\u0131lmas\u0131na y\u00f6nelik \u00e7al\u0131\u015fmalar\u0131m\u0131z devam edecek.\u201d \u015feklinde konu\u015ftu.<\/p>\n\n\n\n<p>Akdeniz \u00dcniversitesi Rekt\u00f6rl\u00fc\u011f\u00fc \/ B\u00fclten<\/p>\n","protected":false},"excerpt":{"rendered":"<p>Akdeniz \u00dcniversitesi Antalya Teknokent b\u00fcnyesinde faaliyet g\u00f6steren 2 firma, 1711 Yapay Zeka Ekosistem \u00c7a\u011fr\u0131s\u0131 kapsam\u0131nda desteklemeye hak kazanan 17 firma aras\u0131nda yer ald\u0131. T\u00dcB\u0130TAK Teknoloji <a href=\"https:\/\/akdenizhaber.com.tr\/index.php\/2024\/01\/06\/akdeniz-universitesi-rektoru-prof-dr-ozlenen-ozkan-yapay-zeka-alaninda-calismalar-devam-ediyor\/\" class=\"read-more-link\">[more&#8230;]<\/a><\/p>\n","protected":false},"author":2,"featured_media":19372,"comment_status":"open","ping_status":"open","sticky":false,"template":"","format":"standard","meta":{"footnotes":""},"categories":[2],"tags":[],"class_list":["post-19371","post","type-post","status-publish","format-standard","has-post-thumbnail","hentry","category-gundem"],"_links":{"self":[{"href":"https:\/\/akdenizhaber.com.tr\/index.php\/wp-json\/wp\/v2\/posts\/19371","targetHints":{"allow":["GET"]}}],"collection":[{"href":"https:\/\/akdenizhaber.com.tr\/index.php\/wp-json\/wp\/v2\/posts"}],"about":[{"href":"https:\/\/akdenizhaber.com.tr\/index.php\/wp-json\/wp\/v2\/types\/post"}],"author":[{"embeddable":true,"href":"https:\/\/akdenizhaber.com.tr\/index.php\/wp-json\/wp\/v2\/users\/2"}],"replies":[{"embeddable":true,"href":"https:\/\/akdenizhaber.com.tr\/index.php\/wp-json\/wp\/v2\/comments?post=19371"}],"version-history":[{"count":0,"href":"https:\/\/akdenizhaber.com.tr\/index.php\/wp-json\/wp\/v2\/posts\/19371\/revisions"}],"wp:featuredmedia":[{"embeddable":true,"href":"https:\/\/akdenizhaber.com.tr\/index.php\/wp-json\/wp\/v2\/media\/19372"}],"wp:attachment":[{"href":"https:\/\/akdenizhaber.com.tr\/index.php\/wp-json\/wp\/v2\/media?parent=19371"}],"wp:term":[{"taxonomy":"category","embeddable":true,"href":"https:\/\/akdenizhaber.com.tr\/index.php\/wp-json\/wp\/v2\/categories?post=19371"},{"taxonomy":"post_tag","embeddable":true,"href":"https:\/\/akdenizhaber.com.tr\/index.php\/wp-json\/wp\/v2\/tags?post=19371"}],"curies":[{"name":"wp","href":"https:\/\/api.w.org\/{rel}","templated":true}]}}