{"id":19362,"date":"2024-01-06T13:21:41","date_gmt":"2024-01-06T10:21:41","guid":{"rendered":"https:\/\/akdenizhaber.com.tr\/?p=19362"},"modified":"2024-01-06T13:21:42","modified_gmt":"2024-01-06T10:21:42","slug":"atsoda-hedef-yenilenebilir-enerjiyi-yayginlastirmak","status":"publish","type":"post","link":"https:\/\/akdenizhaber.com.tr\/index.php\/2024\/01\/06\/atsoda-hedef-yenilenebilir-enerjiyi-yayginlastirmak\/","title":{"rendered":"Atso\u2019da Hedef Yenilenebilir Enerjiyi Yayg\u0131nla\u015ft\u0131rmak"},"content":{"rendered":"\n<p><\/p>\n\n\n\n<p>Antalya ATSO, hayata ge\u00e7irdi\u011fi GES Projesi ile t\u00fcketti\u011fi enerjiden kaynakl\u0131 sera gaz\u0131 emisyonunu y\u00fczde 40 oran\u0131nda azaltt\u0131. Ba\u015fkan Ali Bahar, \u201cATSO hizmet binas\u0131nda, 124,48 ton karbondioksit gaz\u0131n\u0131n atmosfere sal\u0131n\u0131m\u0131n\u0131 ve y\u0131lda kulland\u0131\u011f\u0131m\u0131z elektrik enerjisini \u00fcretmek i\u00e7in gerekli olan 398 adet a\u011fac\u0131nda kesilmesinin engelledik\u201d dedi.<\/p>\n\n\n\n<p>Antalya Ticaret ve Sanayi Odas\u0131 (ATSO), \u00e7evreye duyarl\u0131 kurum politikas\u0131 ve kurumsal sosyal sorumluluk \u00e7al\u0131\u015fmalar\u0131 kapsam\u0131nda ger\u00e7ekle\u015ftirdi\u011fi G\u00fcne\u015f Enerji Sistemi (GES) Projesi ile elektrik t\u00fcketiminin y\u00fczde 40\u2019\u0131n\u0131 g\u00fcne\u015f enerjisinden sa\u011flad\u0131. Haziran ay\u0131nda tamamlanan GES Projesi ile elektrik t\u00fcketimi konusunda temiz enerji kaynaklar\u0131ndan yararlanma hedefi i\u00e7in \u00f6nemli bir ad\u0131m att\u0131klar\u0131n\u0131 kaydeden ATSO Y\u00f6netim Kurulu Ba\u015fkan\u0131 Ali Bahar, \u201cOdam\u0131z\u0131n karbon ayak izi \u00f6l\u00e7\u00fcmlerinde de g\u00f6rd\u00fck ki 2020-2022 y\u0131llar\u0131 aras\u0131nda en b\u00fcy\u00fck giderimiz enerji, bu yat\u0131r\u0131mla 6 ayda 124,48 ton karbondioksit sal\u0131n\u0131m\u0131n\u0131 engelleyerek, elektrik enerjisini \u00fcretmek i\u00e7in gerekli olan 398 adet a\u011fac\u0131n da kesilmesinin \u00f6n\u00fcne ge\u00e7tik. B\u00f6ylece elektrik t\u00fcketimi kaynakl\u0131 olu\u015fan sera gaz\u0131 emisyonumuzu 6 ay gibi bir s\u00fcrede y\u00fczde 40 azaltm\u0131\u015f olduk\u201d ifadelerini kulland\u0131.<\/p>\n\n\n\n<p>Y\u00dcZDE 40 TASARRUF SA\u011eLANDI<\/p>\n\n\n\n<p>ATSO olarak g\u00fcne\u015f enerjisi sistemlerinin yayg\u0131nla\u015fmas\u0131 i\u00e7in yol haritas\u0131 belirlediklerini dile getiren Ba\u015fkan Ali Bahar, \u201cFirmalar\u0131m\u0131z\u0131n g\u00fcne\u015f enerji kurulu g\u00fcc\u00fcn\u00fc artt\u0131rmak i\u00e7in \u00f6ncelik olarak odam\u0131zdan ba\u015flamaya karar verdik. Bu vesileyle, Antalya Ticaret ve Sanayi Odas\u0131\u2019n\u0131n \u00e7at\u0131lar\u0131na ilimizde \u00fcretim yapan CW enerji firmas\u0131ndan olduk\u00e7a d\u00fc\u015f\u00fck bir maliyetle 456 adet g\u00fcne\u015f paneli yerle\u015ftirdik ve alt\u0131 ayl\u0131k s\u00fcrede elde etti\u011fimiz enerji ile t\u00fcketti\u011fimiz enerjinin y\u00fczde 40\u2019\u0131n\u0131 kar\u015f\u0131lad\u0131\u011f\u0131n\u0131 belirledik. Kurulu paneller ile 6 ayda 124,48 ton karbondioksit gaz\u0131n\u0131n atmosfere sal\u0131n\u0131m\u0131n\u0131 ve y\u0131lda kulland\u0131\u011f\u0131m\u0131z elektrik enerjisini \u00fcretmek i\u00e7in gerekli olan 398 adet a\u011fac\u0131nda kesilmesini deengelledik\u201d dedi.<\/p>\n\n\n\n<p>ANTALYA\u2019YI \u0130LK 5\u2019E TA\u015eIYACA\u011eIZ<\/p>\n\n\n\n<p>Antalya\u2019da faaliyet g\u00f6steren firmalar\u0131n d\u00fcnya pazar\u0131nda \u00f6nc\u00fc olmas\u0131 i\u00e7in ATSO olarak \u00e7al\u0131\u015fmalar\u0131n\u0131 gayretle s\u00fcrd\u00fcreceklerini kaydeden Ba\u015fkan Bahar, \u201c2022 y\u0131l\u0131nda T\u00fcrkiye\u2019de kurulu elektrik g\u00fcc\u00fcn\u00fcn yakla\u015f\u0131k y\u00fczde 4,7\u2019sini olu\u015fturan g\u00fcne\u015f enerji sistemlerinin pay\u0131n\u0131n 2023 y\u0131l\u0131nda toplam y\u00fczde 9,4 oran\u0131na ula\u015fmas\u0131 b\u00fcy\u00fck bir ad\u0131m. Biz Antalya olarak 262,2 MW Kurulu g\u00fc\u00e7 ile 9\u2019uncu s\u0131raday\u0131z. Yapaca\u011f\u0131m\u0131z \u00e7al\u0131\u015fmalar ile \u00f6n\u00fcm\u00fczdeki y\u0131llarda ilk be\u015fe girmeye \u00e7al\u0131\u015faca\u011f\u0131z. \u00dclkemizde bulunan b\u00fcy\u00fck \u00f6l\u00e7ekli g\u00fcne\u015f paneli \u00fcreten firmalar\u0131m\u0131z\u0131n i\u00e7erisinde ilimizde faaliyet y\u00fcr\u00fcten ve ayn\u0131 zamanda d\u00fcnyan\u0131n neredeyse her yerine ihracat yapan firmalar\u0131m\u0131z\u0131n olmas\u0131 bizler i\u00e7in gurur kayna\u011f\u0131d\u0131r. Hali haz\u0131rda bu firmalar\u0131m\u0131z\u0131n \u00fcretim kapasitelerini artt\u0131rmalar\u0131 durumunda ihtiya\u00e7 duyacaklar\u0131 yerlerin sa\u011flanmas\u0131 i\u00e7in Korkuteli OSB b\u00f6lgemizin kullan\u0131m\u0131 i\u00e7in firmalar\u0131m\u0131za a\u00e7\u0131k \u00e7a\u011fr\u0131 da bulunmaktay\u0131z\u201d ifadelerini kulland\u0131.<\/p>\n\n\n\n<p>HEDEF YEN\u0130LENEB\u0130L\u0130R ENERJ\u0130Y\u0130 YAYGINLA\u015eTIRMAK<\/p>\n\n\n\n<p>Temiz enerjiyi Antalya i\u015f d\u00fcnyas\u0131na yayg\u0131nla\u015ft\u0131rmak amac\u0131yla Bakanl\u0131k nezdinde \u00e7al\u0131\u015fmalar\u0131n\u0131 s\u00fcrd\u00fcrd\u00fcklerini dile getiren Ba\u015fkan Ali Bahar, \u201cK\u00fclt\u00fcr ve Turizm Bakan\u0131m\u0131zla da g\u00fcne\u015f enerjisi ve enerji depolama sistemleri konusunu g\u00f6r\u00fc\u015ft\u00fck. G\u00fcne\u015f enerjisi yat\u0131r\u0131mlar\u0131 bizim \u00e7abalar\u0131m\u0131z\u0131n da sonucu olarak hem sanayide hem turizmde nispeten kolayla\u015ft\u0131. \u015eimdi ayr\u0131ca Depolamal\u0131 Elektrik \u00dcretim Tesisi d\u00fczenlemesiyle enerji depolama yat\u0131r\u0131mlar\u0131n\u0131n da \u00f6n\u00fc a\u00e7\u0131ld\u0131\u201d dedi. T\u00fcrkiye\u2019nin taraf oldu\u011fu uluslararas\u0131 anla\u015fmalara y\u00f6nelik etkin bir \u00e7al\u0131\u015fma y\u00fcr\u00fctt\u00fcklerini dile getiren Ba\u015fkan Ali Bahar, \u201cKyoto Protokol\u00fc ve Paris Antla\u015fmas\u0131 gibi uluslararas\u0131 anla\u015fmalarla, iklim de\u011fi\u015fikli\u011finin etkilerinin azalt\u0131lmas\u0131na y\u00f6nelik \u00e7al\u0131\u015fmalar ger\u00e7ekle\u015ftiriyoruz. Avrupa Ye\u015fil Mutabakat\u0131 \u00e7er\u00e7evesinde hali haz\u0131rda \u00fclkemizde elektrik enerjisi \u00fcretimimizin yakla\u015f\u0131k y\u00fczde 50\u2019sini olu\u015fturan petrol, k\u00f6m\u00fcr ve do\u011falgaz kullan\u0131m\u0131n\u0131n kademeli bir \u015fekilde azalt\u0131larak 2053 y\u0131l\u0131nda net s\u0131f\u0131r karbon emisyonu hedefi do\u011frultusunda fosil yak\u0131t kullan\u0131m\u0131n\u0131n yerini yenilenebilir enerjiye b\u0131rakmas\u0131 gerekiyor. Bu hedefe ula\u015fmak i\u00e7in gerek Avrupa \u00fclkeleri gerekse bu \u00fclkelere ihracat yapan \u00fclkelerin yeni bir b\u00fcy\u00fcme stratejisi benimsemesi ve stratejilerini iklim de\u011fi\u015fikli\u011fi ba\u011flam\u0131nda \u015fekillendirmeleri gerekiyor\u201d diye konu\u015ftu.<\/p>\n\n\n\n<p>KENTTE FARKINDALIK YARATTILAR<\/p>\n\n\n\n<p>ATSO\u2019da karbon ayak izi hesaplamas\u0131 yapt\u0131rd\u0131klar\u0131n\u0131 ve kentte fark\u0131ndal\u0131k ba\u015flatt\u0131klar\u0131n\u0131 belirten Ba\u015fkan Ali Bahar, \u201c\u00c7evre y\u00f6netim sistemi ve enerji y\u00f6netimi belgelerini alarak hedefledi\u011fimiz sonucu belgelendirmek istiyoruz. S\u0131f\u0131r karbon d\u00fczenlemesi ve firma y\u00fck\u00fcml\u00fcklerine y\u00f6nelik paneller, e\u011fitimler ger\u00e7ekle\u015ftirece\u011fiz. Bu \u00e7al\u0131\u015fmalar\u0131 hem ulusal hem de uluslararas\u0131 payda\u015flar ile birlikte y\u00fcr\u00fctece\u011fiz\u201d diye konu\u015ftu. S\u00fcrd\u00fcr\u00fclebilir enerjide Antalya\u2019ya ve i\u015f d\u00fcnyas\u0131na \u00f6rnek bir \u00e7al\u0131\u015fma yapt\u0131klar\u0131n\u0131 dile getiren Ba\u015fkan Ali Bahar, \u201cAksiyon ald\u0131\u011f\u0131m\u0131z her i\u015fin neticesinde b\u00f6lgemizi ve \u00fclkemizi d\u00fc\u015f\u00fcn\u00fcyoruz. S\u00fcrd\u00fcr\u00fclebilir kalk\u0131nma hedeflerini i\u015f d\u00fcnyam\u0131za entegre etmek, bunu da gen\u00e7lerimiz, b\u00f6lgemiz ve \u00fclkemiz ad\u0131na hedeflemek bizim i\u00e7in \u00e7ok de\u011ferli. Burada ana kalemimiz enerji, bunun i\u00e7in de do\u011fay\u0131 koruyan ve daha iyi bir \u00e7evre olu\u015fturmaya katk\u0131 sa\u011flayan projeleri hayata ge\u00e7irmeyi \u00f6nemsiyoruz\u201d dedi.<\/p>\n\n\n\n<p>62 B\u0130N \u00dcYEM\u0130Z \u0130\u00c7\u0130N \u00d6NEM ARZ ED\u0130YOR<\/p>\n\n\n\n<p>G\u00f6reve geldikleri g\u00fcnden itibaren g\u00fcne\u015f enerjisi \u00e7al\u0131\u015fmalar\u0131na ili\u015fkin 49 meslek komitesine fark\u0131ndal\u0131k ve duyarl\u0131l\u0131k \u00e7al\u0131\u015fmas\u0131 ba\u015flatt\u0131klar\u0131n\u0131 kaydeden Ba\u015fkan Bahar s\u00f6zlerini \u015f\u00f6yle s\u00fcrd\u00fcrd\u00fc; \u201cATSO olarak amac\u0131m\u0131z, \u00fclkemizde 2022 y\u0131l\u0131nda 9,4 GW olan kurulu g\u00fcne\u015f enerjisi kapasitesinin, Enerji ve Tabi Kaynaklar Bakanl\u0131\u011f\u0131 taraf\u0131ndan hedeflenen 2030 y\u0131l\u0131nda 32,9 GW, 2035 y\u0131l\u0131nda ise 52,9 gigawatt ula\u015ft\u0131rma hedefine t\u00fcm imk\u00e2nlar\u0131m\u0131z ve \u00e7al\u0131\u015fmalar\u0131m\u0131zla katk\u0131 sa\u011flamakt\u0131r. Ancak, \u00fclkemiz kadar d\u00fcnya genelinde yap\u0131lan \u00e7al\u0131\u015fmalar ve verileri dikkate alarak \u00e7al\u0131\u015fmalar\u0131m\u0131z\u0131, vizyonumuzu ve hedeflerimizi \u015fekillendirmekteyiz. Antalya OSB\u2019de edindi\u011fimiz birikim ve tecr\u00fcbe ile yakla\u015f\u0131k 62 bin \u00fcye ile \u00fclkemizin en b\u00fcy\u00fck d\u00f6rd\u00fcnc\u00fc odas\u0131 olan ATSO olarak uygulayaca\u011f\u0131m\u0131z yenilenebilir enerji faaliyetlerinin \u00fclkemiz ticareti i\u00e7in \u00e7ok b\u00fcy\u00fck \u00f6nem arz etti\u011finin bilinciyle hareket etmekteyiz.\u201d<\/p>\n\n\n\n<p>Antalya Ticaret ve Sanayi Odas\u0131 \/ B\u00fclten<\/p>\n","protected":false},"excerpt":{"rendered":"<p>Antalya ATSO, hayata ge\u00e7irdi\u011fi GES Projesi ile t\u00fcketti\u011fi enerjiden kaynakl\u0131 sera gaz\u0131 emisyonunu y\u00fczde 40 oran\u0131nda azaltt\u0131. Ba\u015fkan Ali Bahar, \u201cATSO hizmet binas\u0131nda, 124,48 ton <a href=\"https:\/\/akdenizhaber.com.tr\/index.php\/2024\/01\/06\/atsoda-hedef-yenilenebilir-enerjiyi-yayginlastirmak\/\" class=\"read-more-link\">[more&#8230;]<\/a><\/p>\n","protected":false},"author":2,"featured_media":19363,"comment_status":"open","ping_status":"open","sticky":false,"template":"","format":"standard","meta":{"footnotes":""},"categories":[2],"tags":[],"class_list":["post-19362","post","type-post","status-publish","format-standard","has-post-thumbnail","hentry","category-gundem"],"_links":{"self":[{"href":"https:\/\/akdenizhaber.com.tr\/index.php\/wp-json\/wp\/v2\/posts\/19362","targetHints":{"allow":["GET"]}}],"collection":[{"href":"https:\/\/akdenizhaber.com.tr\/index.php\/wp-json\/wp\/v2\/posts"}],"about":[{"href":"https:\/\/akdenizhaber.com.tr\/index.php\/wp-json\/wp\/v2\/types\/post"}],"author":[{"embeddable":true,"href":"https:\/\/akdenizhaber.com.tr\/index.php\/wp-json\/wp\/v2\/users\/2"}],"replies":[{"embeddable":true,"href":"https:\/\/akdenizhaber.com.tr\/index.php\/wp-json\/wp\/v2\/comments?post=19362"}],"version-history":[{"count":0,"href":"https:\/\/akdenizhaber.com.tr\/index.php\/wp-json\/wp\/v2\/posts\/19362\/revisions"}],"wp:featuredmedia":[{"embeddable":true,"href":"https:\/\/akdenizhaber.com.tr\/index.php\/wp-json\/wp\/v2\/media\/19363"}],"wp:attachment":[{"href":"https:\/\/akdenizhaber.com.tr\/index.php\/wp-json\/wp\/v2\/media?parent=19362"}],"wp:term":[{"taxonomy":"category","embeddable":true,"href":"https:\/\/akdenizhaber.com.tr\/index.php\/wp-json\/wp\/v2\/categories?post=19362"},{"taxonomy":"post_tag","embeddable":true,"href":"https:\/\/akdenizhaber.com.tr\/index.php\/wp-json\/wp\/v2\/tags?post=19362"}],"curies":[{"name":"wp","href":"https:\/\/api.w.org\/{rel}","templated":true}]}}