{"id":19356,"date":"2024-01-05T14:23:42","date_gmt":"2024-01-05T11:23:42","guid":{"rendered":"https:\/\/akdenizhaber.com.tr\/?p=19356"},"modified":"2024-01-05T14:23:43","modified_gmt":"2024-01-05T11:23:43","slug":"son-viraj","status":"publish","type":"post","link":"https:\/\/akdenizhaber.com.tr\/index.php\/2024\/01\/05\/son-viraj\/","title":{"rendered":"SON V\u0130RAJ.."},"content":{"rendered":"\n<p><\/p>\n\n\n\n<p>31 Mart 2024 tarihinde yap\u0131lacak olan yerel se\u00e7imlerde geri say\u0131m h\u0131zl\u0131 bi\u00e7imde devam ediyor.<\/p>\n\n\n\n<p>Aday adaylar\u0131nda ise heyecan tavanda..<\/p>\n\n\n\n<p>Her birinde ayr\u0131 bir bekleyi\u015f, ayr\u0131 bir heyecan var..<\/p>\n\n\n\n<p>Kamuoyunda ise toto oynayanlar, iddiaya Girenlerin haddi hesab\u0131 yok..<\/p>\n\n\n\n<p>Baz\u0131 siyasiler adeta kumar oynarcas\u0131na birbirileri ile iddiaya girerek \u201cBenim aday\u0131m \u015fu\u201d..<\/p>\n\n\n\n<p>Di\u011feri ise yok ya; \u201cgenel merkez onu asla g\u00f6stermez\u201d\u2026<\/p>\n\n\n\n<p>S\u00f6ylemlerinin ard\u0131ndan var m\u0131s\u0131n iddiaya diyenlerinde \u00e7o\u011funlukta oldu\u011funu g\u00f6zlemliyor, baz\u0131lar\u0131na \u015fahit bile oluyoruz.<\/p>\n\n\n\n<p>Oduncu g\u00f6mle\u011finden&nbsp; tak\u0131m elbiseye..<\/p>\n\n\n\n<p>Hatta daha ileri gidip te dolar\u0131na, eurosuna iddiaya girenlerin oldu\u011funu duyum al\u0131yoruz..<\/p>\n\n\n\n<p>Her neyse konumuz o de\u011fil, son viraja girdi\u011fimiz bu g\u00fcnlerde adaylar\u0131n \u00e7o\u011fu \u00f6n\u00fcm\u00fczdeki hafta netle\u015fecek gibi g\u00f6z\u00fck\u00fcyor.<\/p>\n\n\n\n<p>Netle\u015fecek adaylar hemen sahaya inip \u00e7al\u0131\u015fmalara start verecekler..<\/p>\n\n\n\n<p>Ge\u00e7 bile kal\u0131nd\u0131 ama aday olacaklara 24 saat yetmeyecek, bir 24 saat daha eklemek zorunda kalacaklar g\u00fcnl\u00fck ya\u015famlar\u0131na..<\/p>\n\n\n\n<p>Se\u00e7menine ula\u015f\u0131p kendini anlatmakla birlikte yerelde yapacaklar\u0131 i\u015fleri..<\/p>\n\n\n\n<p>En \u00f6nemlisi projelerini aktaracaklar.<\/p>\n\n\n\n<p>Her se\u00e7im \u00f6ncesi oldu\u011fu gibi g\u00f6rsellerle dolu kitaplar..<\/p>\n\n\n\n<p>Bro\u015f\u00fcrler ve afi\u015flerle ula\u015facaklar se\u00e7menlerine..<\/p>\n\n\n\n<p>Bu s\u00fcre\u00e7te kim ne kadar \u00e7ok \u00e7al\u0131\u015f\u0131r, kim ne kadar \u00e7ok se\u00e7menine ula\u015f\u0131rsa ipi g\u00f6\u011f\u00fcsleyen taraf olacakt\u0131r bilesiniz.<\/p>\n\n\n\n<p>Birde bilinmesi gereken ger\u00e7ek var..<\/p>\n\n\n\n<p>Yerel se\u00e7imlerde siyasi partiden \u00f6nce aday ismi ge\u00e7erli olur..<\/p>\n\n\n\n<p>Yani; se\u00e7menin g\u00fcveni siyasi partiden ziyade aday\u0131n ki\u015fili\u011fe g\u00f6re de\u011fi\u015fir.<\/p>\n\n\n\n<p>Ne kadar \u00e7al\u0131\u015fkan, ne kadar d\u00fcr\u00fcst olmakla birlikte i\u015f yapacak kapasitesini teraziye koyar se\u00e7men..<\/p>\n\n\n\n<p>Sen ben bizim o\u011flan ili\u015fkisi \u00e7\u0131kar ortaya..<\/p>\n\n\n\n<p>Bir\u00e7ok se\u00e7men yerelde ithal adaya kar\u015f\u0131 durur aylarca kentine u\u011framay\u0131p ta se\u00e7im d\u00f6nemi ortaya \u00e7\u0131kanlara s\u0131cak bakmaz se\u00e7men.<\/p>\n\n\n\n<p>Dolay\u0131s\u0131yla se\u00e7menin tercihi kendini ispatlam\u0131\u015f.<\/p>\n\n\n\n<p>Se\u00e7imden se\u00e7ime de\u011fil de her an her dakika se\u00e7meniyle kucakla\u015fan..<\/p>\n\n\n\n<p>Se\u00e7ildikten sonrada ayn\u0131 do\u011frultuda \u00e7al\u0131\u015facak adaylara y\u00f6nelir ibre..<\/p>\n\n\n\n<p>Ne diyelim hay\u0131rl\u0131s\u0131 olsun.<\/p>\n\n\n\n<p>Haydi, kal\u0131n sa\u011fl\u0131cakla..<\/p>\n\n\n\n<p>Her \u015fey y\u00fcre\u011finize g\u00f6re olsun\u2026<\/p>\n\n\n\n<p>HOPDED\u0130K<\/p>\n\n\n\n<p>V\u0130RAJA<\/p>\n\n\n\n<p>Adaylar son virajda,<\/p>\n\n\n\n<p>Akla&nbsp; &#8211; kara<\/p>\n\n\n\n<p>Belli olur haftaya..<\/p>\n\n\n\n<p>Haydi hay\u0131r ola!..<\/p>\n","protected":false},"excerpt":{"rendered":"<p>31 Mart 2024 tarihinde yap\u0131lacak olan yerel se\u00e7imlerde geri say\u0131m h\u0131zl\u0131 bi\u00e7imde devam ediyor. Aday adaylar\u0131nda ise heyecan tavanda.. Her birinde ayr\u0131 bir bekleyi\u015f, ayr\u0131 <a href=\"https:\/\/akdenizhaber.com.tr\/index.php\/2024\/01\/05\/son-viraj\/\" class=\"read-more-link\">[more&#8230;]<\/a><\/p>\n","protected":false},"author":2,"featured_media":19357,"comment_status":"open","ping_status":"open","sticky":false,"template":"","format":"standard","meta":{"footnotes":""},"categories":[2],"tags":[],"class_list":["post-19356","post","type-post","status-publish","format-standard","has-post-thumbnail","hentry","category-gundem"],"_links":{"self":[{"href":"https:\/\/akdenizhaber.com.tr\/index.php\/wp-json\/wp\/v2\/posts\/19356","targetHints":{"allow":["GET"]}}],"collection":[{"href":"https:\/\/akdenizhaber.com.tr\/index.php\/wp-json\/wp\/v2\/posts"}],"about":[{"href":"https:\/\/akdenizhaber.com.tr\/index.php\/wp-json\/wp\/v2\/types\/post"}],"author":[{"embeddable":true,"href":"https:\/\/akdenizhaber.com.tr\/index.php\/wp-json\/wp\/v2\/users\/2"}],"replies":[{"embeddable":true,"href":"https:\/\/akdenizhaber.com.tr\/index.php\/wp-json\/wp\/v2\/comments?post=19356"}],"version-history":[{"count":0,"href":"https:\/\/akdenizhaber.com.tr\/index.php\/wp-json\/wp\/v2\/posts\/19356\/revisions"}],"wp:featuredmedia":[{"embeddable":true,"href":"https:\/\/akdenizhaber.com.tr\/index.php\/wp-json\/wp\/v2\/media\/19357"}],"wp:attachment":[{"href":"https:\/\/akdenizhaber.com.tr\/index.php\/wp-json\/wp\/v2\/media?parent=19356"}],"wp:term":[{"taxonomy":"category","embeddable":true,"href":"https:\/\/akdenizhaber.com.tr\/index.php\/wp-json\/wp\/v2\/categories?post=19356"},{"taxonomy":"post_tag","embeddable":true,"href":"https:\/\/akdenizhaber.com.tr\/index.php\/wp-json\/wp\/v2\/tags?post=19356"}],"curies":[{"name":"wp","href":"https:\/\/api.w.org\/{rel}","templated":true}]}}