{"id":19345,"date":"2024-01-05T13:38:02","date_gmt":"2024-01-05T10:38:02","guid":{"rendered":"https:\/\/akdenizhaber.com.tr\/?p=19345"},"modified":"2024-01-05T13:38:02","modified_gmt":"2024-01-05T10:38:02","slug":"2023de-alman-turistler-istanbul-ve-antalyayi-tercih-etti","status":"publish","type":"post","link":"https:\/\/akdenizhaber.com.tr\/index.php\/2024\/01\/05\/2023de-alman-turistler-istanbul-ve-antalyayi-tercih-etti\/","title":{"rendered":"2023&#8217;de Alman turistler \u0130stanbul ve Antalya\u2019y\u0131 tercih etti"},"content":{"rendered":"\n<p><\/p>\n\n\n\n<p>Antalya Sideli turizmci ve turizm ara\u015ft\u0131rmac\u0131s\u0131 Erol G\u00fcldal, d\u00fcnyada 41 \u00fclkede tatil yapan Almanlar\u0131n 2023 y\u0131l\u0131 tercihlerin Uluslararas\u0131 \u00c7evre E\u011fitim Vakf\u0131(FEE)&#8217;n\u0131n belirledi\u011fi kriterlere uygun turizm hizmeti veren otellerde kalmay\u0131 tercih etti\u011fini s\u00f6yledi.<\/p>\n\n\n\n<p>Turizm ara\u015ft\u0131rmac\u0131s\u0131 Sideli Erol G\u00fcldal, yapt\u0131\u011f\u0131 a\u00e7\u0131klamada birbirinden g\u00fczel mavi bayrakl\u0131 plajlar\u0131 ve tarihi, k\u00fclt\u00fcrel zenginli\u011fi olan T\u00fcrkiye&#8217;yi b\u00f6lgede cazibe merkezi haline getirdi\u011fini, yaz tatillerinin vazge\u00e7ilmezi olan T\u00fcrkiye, bu y\u0131l da d\u00fcnyan\u0131n d\u00f6rt bir yan\u0131ndan gelen turistleri a\u011f\u0131rlad\u0131\u011f\u0131n\u0131 kaydetti.&nbsp; Bu y\u0131l\u0131n T\u00fcrkiye turizminin g\u00f6zde turistlerinin Rus, Alman, Rus ve Polonyal\u0131 oldu\u011funu kaydetti. Turizmci Erol G\u00fcldali&#8221; 2023 y\u0131l\u0131nda T\u00fcrkiye&#8217;ye en \u00e7ok turist g\u00f6nderen \u00fclkeler s\u0131ralamas\u0131na g\u00f6re Rusya y\u00fczde 23,02 art\u0131\u015f ve 6 milyon 83 bin 696 ziyaret\u00e7iyle birinci, Almanya y\u00fczde 8,73 art\u0131\u015f ve 5 milyon 959 bin 843 ziyaret\u00e7iyle ikinci, \u0130ngiltere (Birle\u015fik Krall\u0131k) ise y\u00fczde 12,44 art\u0131\u015f ve 3 milyon 711 bin 802 ile \u00fc\u00e7\u00fcnc\u00fc oldu.&#8221; dedi.<\/p>\n\n\n\n<p>Almanlar\u0131n en pop\u00fcler \u00fc\u00e7 u\u00e7u\u015f noktas\u0131 T\u00fcrkiye&#8217;de Almanlar\u0131n en \u00e7ok tercih etti\u011fi tatil destinasyonunun \u00fc\u00e7\u00fc T\u00fcrkiye&#8217;de yer al\u0131yor. Listenin ba\u015f\u0131nda&nbsp; ise \u0130spanya&#8217;n\u0131n Palma de Mallorca b\u00f6lgesi yer al\u0131rken, ikisi s\u0131rada \u0130stanbul, \u00fc\u00e7\u00fcnc\u00fc s\u0131rada ise Antalya yer al\u0131yor. \u0130nan\u00e7 turizminin merkezlerinde biri olan&nbsp; yedinci s\u0131rada konumland\u0131.<\/p>\n\n\n\n<p>Almanlar\u0131n 2023 y\u0131l\u0131nda en \u00e7ok ziyaret etti\u011fi 10 destinasyonu: 1&#8217;nci \u0130spanya&nbsp; Palma de Mallorca 2- \u0130stanbul 3,- Antalya,4- Bangkok,5- Barselona6- Londra<\/p>\n\n\n\n<p>7- New York City,8- \u0130zmir,9- Malaga ve Portekiz Lizbon yer ald\u0131.<\/p>\n\n\n\n<p>Haber\/Abdurrahman B\u00fcy\u00fckkeskin<\/p>\n","protected":false},"excerpt":{"rendered":"<p>Antalya Sideli turizmci ve turizm ara\u015ft\u0131rmac\u0131s\u0131 Erol G\u00fcldal, d\u00fcnyada 41 \u00fclkede tatil yapan Almanlar\u0131n 2023 y\u0131l\u0131 tercihlerin Uluslararas\u0131 \u00c7evre E\u011fitim Vakf\u0131(FEE)&#8217;n\u0131n belirledi\u011fi kriterlere uygun turizm <a href=\"https:\/\/akdenizhaber.com.tr\/index.php\/2024\/01\/05\/2023de-alman-turistler-istanbul-ve-antalyayi-tercih-etti\/\" class=\"read-more-link\">[more&#8230;]<\/a><\/p>\n","protected":false},"author":2,"featured_media":19346,"comment_status":"open","ping_status":"open","sticky":false,"template":"","format":"standard","meta":{"footnotes":""},"categories":[2],"tags":[],"class_list":["post-19345","post","type-post","status-publish","format-standard","has-post-thumbnail","hentry","category-gundem"],"_links":{"self":[{"href":"https:\/\/akdenizhaber.com.tr\/index.php\/wp-json\/wp\/v2\/posts\/19345","targetHints":{"allow":["GET"]}}],"collection":[{"href":"https:\/\/akdenizhaber.com.tr\/index.php\/wp-json\/wp\/v2\/posts"}],"about":[{"href":"https:\/\/akdenizhaber.com.tr\/index.php\/wp-json\/wp\/v2\/types\/post"}],"author":[{"embeddable":true,"href":"https:\/\/akdenizhaber.com.tr\/index.php\/wp-json\/wp\/v2\/users\/2"}],"replies":[{"embeddable":true,"href":"https:\/\/akdenizhaber.com.tr\/index.php\/wp-json\/wp\/v2\/comments?post=19345"}],"version-history":[{"count":0,"href":"https:\/\/akdenizhaber.com.tr\/index.php\/wp-json\/wp\/v2\/posts\/19345\/revisions"}],"wp:featuredmedia":[{"embeddable":true,"href":"https:\/\/akdenizhaber.com.tr\/index.php\/wp-json\/wp\/v2\/media\/19346"}],"wp:attachment":[{"href":"https:\/\/akdenizhaber.com.tr\/index.php\/wp-json\/wp\/v2\/media?parent=19345"}],"wp:term":[{"taxonomy":"category","embeddable":true,"href":"https:\/\/akdenizhaber.com.tr\/index.php\/wp-json\/wp\/v2\/categories?post=19345"},{"taxonomy":"post_tag","embeddable":true,"href":"https:\/\/akdenizhaber.com.tr\/index.php\/wp-json\/wp\/v2\/tags?post=19345"}],"curies":[{"name":"wp","href":"https:\/\/api.w.org\/{rel}","templated":true}]}}