{"id":19342,"date":"2024-01-05T13:37:35","date_gmt":"2024-01-05T10:37:35","guid":{"rendered":"https:\/\/akdenizhaber.com.tr\/?p=19342"},"modified":"2024-01-05T13:37:35","modified_gmt":"2024-01-05T10:37:35","slug":"milklac-acildi","status":"publish","type":"post","link":"https:\/\/akdenizhaber.com.tr\/index.php\/2024\/01\/05\/milklac-acildi\/","title":{"rendered":"M\u0130LKLA\u00c7 A\u00c7ILDI"},"content":{"rendered":"\n<p><\/p>\n\n\n\n<p>Global bir marka olmay\u0131 hedefleyen \u201cMilkla\u00e7\u201d Manavgat\u2019ta hizmete girdi.<\/p>\n\n\n\n<p>1985 y\u0131l\u0131nda Fehmi Korkmaz&#8217;\u0131n tatl\u0131 arabas\u0131yla seyyar olarak tatl\u0131 satmas\u0131yla ba\u015flayan hikaye, \u015fimdi T\u00fcrkiye&#8217;de say\u0131s\u0131z \u015fubeye ula\u015ft\u0131. Bu \u015fubelerden birisi de ge\u00e7ti\u011fimiz g\u00fcnlerde Manavgat\u2019ta faaliyete ba\u015flad\u0131. Demokrasi Bulvar\u0131 \u00fczerinde hizmete giren \u201cMilklac\u201d \u00e7ok yak\u0131nda t\u00fcm T\u00fcrkiye&#8217;de olmay\u0131 hedefliyor. Milkla\u00e7, T\u00fcrkiye genelinde en be\u011fenilen \u0130rmik Helvas\u0131 ve S\u00fctl\u00fc Tatl\u0131 \u00e7e\u015fitlerini &nbsp;%100 do\u011fal ve \u015feffaf \u00fcretimle birlikte haz\u0131rlan\u0131yor.<\/p>\n\n\n\n<p>(Haber Merkezi)<\/p>\n","protected":false},"excerpt":{"rendered":"<p>Global bir marka olmay\u0131 hedefleyen \u201cMilkla\u00e7\u201d Manavgat\u2019ta hizmete girdi. 1985 y\u0131l\u0131nda Fehmi Korkmaz&#8217;\u0131n tatl\u0131 arabas\u0131yla seyyar olarak tatl\u0131 satmas\u0131yla ba\u015flayan hikaye, \u015fimdi T\u00fcrkiye&#8217;de say\u0131s\u0131z \u015fubeye <a href=\"https:\/\/akdenizhaber.com.tr\/index.php\/2024\/01\/05\/milklac-acildi\/\" class=\"read-more-link\">[more&#8230;]<\/a><\/p>\n","protected":false},"author":2,"featured_media":19343,"comment_status":"open","ping_status":"open","sticky":false,"template":"","format":"standard","meta":{"footnotes":""},"categories":[2],"tags":[],"class_list":["post-19342","post","type-post","status-publish","format-standard","has-post-thumbnail","hentry","category-gundem"],"_links":{"self":[{"href":"https:\/\/akdenizhaber.com.tr\/index.php\/wp-json\/wp\/v2\/posts\/19342","targetHints":{"allow":["GET"]}}],"collection":[{"href":"https:\/\/akdenizhaber.com.tr\/index.php\/wp-json\/wp\/v2\/posts"}],"about":[{"href":"https:\/\/akdenizhaber.com.tr\/index.php\/wp-json\/wp\/v2\/types\/post"}],"author":[{"embeddable":true,"href":"https:\/\/akdenizhaber.com.tr\/index.php\/wp-json\/wp\/v2\/users\/2"}],"replies":[{"embeddable":true,"href":"https:\/\/akdenizhaber.com.tr\/index.php\/wp-json\/wp\/v2\/comments?post=19342"}],"version-history":[{"count":0,"href":"https:\/\/akdenizhaber.com.tr\/index.php\/wp-json\/wp\/v2\/posts\/19342\/revisions"}],"wp:featuredmedia":[{"embeddable":true,"href":"https:\/\/akdenizhaber.com.tr\/index.php\/wp-json\/wp\/v2\/media\/19343"}],"wp:attachment":[{"href":"https:\/\/akdenizhaber.com.tr\/index.php\/wp-json\/wp\/v2\/media?parent=19342"}],"wp:term":[{"taxonomy":"category","embeddable":true,"href":"https:\/\/akdenizhaber.com.tr\/index.php\/wp-json\/wp\/v2\/categories?post=19342"},{"taxonomy":"post_tag","embeddable":true,"href":"https:\/\/akdenizhaber.com.tr\/index.php\/wp-json\/wp\/v2\/tags?post=19342"}],"curies":[{"name":"wp","href":"https:\/\/api.w.org\/{rel}","templated":true}]}}