{"id":19333,"date":"2024-01-05T13:34:42","date_gmt":"2024-01-05T10:34:42","guid":{"rendered":"https:\/\/akdenizhaber.com.tr\/?p=19333"},"modified":"2024-01-05T13:34:43","modified_gmt":"2024-01-05T10:34:43","slug":"bot-ve-tekne-turculari-nevruz-bayraminda-iranli-turistlerle-acacak","status":"publish","type":"post","link":"https:\/\/akdenizhaber.com.tr\/index.php\/2024\/01\/05\/bot-ve-tekne-turculari-nevruz-bayraminda-iranli-turistlerle-acacak\/","title":{"rendered":"Bot ve tekne turcular\u0131 Nevruz Bayram\u0131&#8217;nda\u00a0 \u0130ranl\u0131 turistlerle a\u00e7acak!"},"content":{"rendered":"\n<p><\/p>\n\n\n\n<p>\u0130l\u00e7emizdeki bot ve tekne turcular\u0131 2024 turizm sezonunu Manavgat Irma\u011f\u0131nda tekne, bot ve l\u00fcks yat turlar\u0131na 21 Mart&#8217;ta \u0130ran&#8217;da iki hafta Resmi Bayram olan Nevruz Bayram\u0131nda sezonu a\u00e7acak.<\/p>\n\n\n\n<p>Sezonda \u00e7o\u011funlu\u011fu Rus, Alman, Avrupal\u0131 ve \u0130skandinavyal\u0131 olmak \u00fczere 500 bin yerli ve yabanc\u0131 turist Manavgat Irma\u011f\u0131ndan Bo\u011faz Mevkiinde tatl\u0131 \u0131rmak suyunun deniz suyu ile bulu\u015ftu\u011fu noktaya kadar bot, tekne ve l\u00fcks yat turu yap\u0131yor. Manavgat Irma\u011f\u0131nda 70&#8217;e yak\u0131n, bot, tekne ve l\u00fcks yat turcusu&nbsp; turizm sezonunu \u0130ranl\u0131 turistlerin Nevruz Bayram\u0131 tatili i\u00e7in Antalya&#8217;ya geldiklerinde \u0131rmakta tura \u00e7\u0131kararak a\u00e7\u0131yor.<\/p>\n\n\n\n<p>Bot ve tekne ve l\u00fcks yat turcular\u0131 turizm sezonunu ise 20 Kas\u0131m&#8217;da sezonun sona ermesi ve otellerin kapanmas\u0131 ile sezonu bitiriyor.<\/p>\n\n\n\n<p>Manavgat Irma\u011f\u0131nda bot turculu\u011fu yapan bot turcusu Bilal Ersoy, &#8221; 2024&nbsp; turizm sezonunu da her y\u0131l oldu\u011fu gibi 21 Mart&#8217;ta iki hafta tatil olan Nevruz Bayram\u0131nda Acem turistlerin Antalya oradan da Manavgat&#8217;a gelmesi ile a\u00e7aca\u011f\u0131z. Ge\u00e7en y\u0131l sezonda en \u00e7ok&nbsp; turist kayb\u0131m\u0131z&nbsp; y\u00fcksek enflasyona ba\u011fl\u0131 yerli turistte oldu. Maliyetlerin artmas\u0131na ba\u011fl\u0131 turlar\u0131 30 liradan 5 kat artt\u0131rarak 150 lira oldu. Y\u00fcksek enflasyona ba\u011fl\u0131 maliyetler be\u015f kat artt\u0131. Fiyat art\u0131\u015f\u0131 5 kat artmas\u0131 halk\u0131m\u0131z\u0131n bot ve tekne turu yapmas\u0131 bile bir anda l\u00fcks oldu. &#8221; dedi.<\/p>\n\n\n\n<p>Haber\/(Abdurrahman B\u00fcy\u00fckkeskin<\/p>\n","protected":false},"excerpt":{"rendered":"<p>\u0130l\u00e7emizdeki bot ve tekne turcular\u0131 2024 turizm sezonunu Manavgat Irma\u011f\u0131nda tekne, bot ve l\u00fcks yat turlar\u0131na 21 Mart&#8217;ta \u0130ran&#8217;da iki hafta Resmi Bayram olan Nevruz <a href=\"https:\/\/akdenizhaber.com.tr\/index.php\/2024\/01\/05\/bot-ve-tekne-turculari-nevruz-bayraminda-iranli-turistlerle-acacak\/\" class=\"read-more-link\">[more&#8230;]<\/a><\/p>\n","protected":false},"author":2,"featured_media":19334,"comment_status":"open","ping_status":"open","sticky":false,"template":"","format":"standard","meta":{"footnotes":""},"categories":[2],"tags":[],"class_list":["post-19333","post","type-post","status-publish","format-standard","has-post-thumbnail","hentry","category-gundem"],"_links":{"self":[{"href":"https:\/\/akdenizhaber.com.tr\/index.php\/wp-json\/wp\/v2\/posts\/19333","targetHints":{"allow":["GET"]}}],"collection":[{"href":"https:\/\/akdenizhaber.com.tr\/index.php\/wp-json\/wp\/v2\/posts"}],"about":[{"href":"https:\/\/akdenizhaber.com.tr\/index.php\/wp-json\/wp\/v2\/types\/post"}],"author":[{"embeddable":true,"href":"https:\/\/akdenizhaber.com.tr\/index.php\/wp-json\/wp\/v2\/users\/2"}],"replies":[{"embeddable":true,"href":"https:\/\/akdenizhaber.com.tr\/index.php\/wp-json\/wp\/v2\/comments?post=19333"}],"version-history":[{"count":0,"href":"https:\/\/akdenizhaber.com.tr\/index.php\/wp-json\/wp\/v2\/posts\/19333\/revisions"}],"wp:featuredmedia":[{"embeddable":true,"href":"https:\/\/akdenizhaber.com.tr\/index.php\/wp-json\/wp\/v2\/media\/19334"}],"wp:attachment":[{"href":"https:\/\/akdenizhaber.com.tr\/index.php\/wp-json\/wp\/v2\/media?parent=19333"}],"wp:term":[{"taxonomy":"category","embeddable":true,"href":"https:\/\/akdenizhaber.com.tr\/index.php\/wp-json\/wp\/v2\/categories?post=19333"},{"taxonomy":"post_tag","embeddable":true,"href":"https:\/\/akdenizhaber.com.tr\/index.php\/wp-json\/wp\/v2\/tags?post=19333"}],"curies":[{"name":"wp","href":"https:\/\/api.w.org\/{rel}","templated":true}]}}