{"id":19306,"date":"2024-01-04T13:23:54","date_gmt":"2024-01-04T10:23:54","guid":{"rendered":"https:\/\/akdenizhaber.com.tr\/?p=19306"},"modified":"2024-01-04T13:23:54","modified_gmt":"2024-01-04T10:23:54","slug":"ak-partide-aday-aciklamalari-7-ve-15-ocakta","status":"publish","type":"post","link":"https:\/\/akdenizhaber.com.tr\/index.php\/2024\/01\/04\/ak-partide-aday-aciklamalari-7-ve-15-ocakta\/","title":{"rendered":"Ak Parti\u2019de \u00a0Aday A\u00e7\u0131klamalar\u0131 7 ve 15 Ocak\u2019ta"},"content":{"rendered":"\n<p><\/p>\n\n\n\n<p>AK Parti\u2019de&nbsp; yerel se\u00e7imler \u00f6ncesi ba\u015fkan adaylar\u0131n\u0131n bir k\u0131sm\u0131 7 Ocak&#8217;ta kalanlar&nbsp; da 15 Ocak&#8217;ta a\u00e7\u0131klanacak.<\/p>\n\n\n\n<p>AK Parti s\u00f6zc\u00fcs\u00fc&nbsp;<a href=\"https:\/\/www.internethaber.com\/haber\/omer-celik\" target=\"_blank\" rel=\"noreferrer noopener\">\u00d6mer \u00c7elik<\/a>, yerel se\u00e7imler i\u00e7in adaylar\u0131n 7 Ocak pazar g\u00fcn\u00fc \u0130stanbul&#8217;da a\u00e7\u0131klanaca\u011f\u0131n\u0131 duyurdu.<\/p>\n\n\n\n<p>\u0130lk a\u00e7\u0131klama 7 Ocak&#8217;ta<\/p>\n\n\n\n<p>\u00c7elik \u015funlar\u0131 s\u00f6yledi:<\/p>\n\n\n\n<p>&#8221;Birka\u00e7 a\u015famal\u0131 y\u00f6ntem takip ettik adaylar\u0131n belirlenmesiyle ilgili. Te\u015fkilatlar\u0131m\u0131zda temay\u00fcl yoklamalar\u0131 yap\u0131ld\u0131. Cumhurba\u015fkan\u0131m\u0131z b\u00fcy\u00fck\u015fehirleri ve \u015fehirleri toplayarak de\u011ferlendirmeler yapt\u0131. \u015eimdi kamuoyu ara\u015ft\u0131rmalar\u0131 ve toplant\u0131lar\u0131n neticesinde adaylar\u0131n ismi belirlenmeye ba\u015fland\u0131. Adaylar\u0131m\u0131z\u0131n belli bir b\u00f6l\u00fcm\u00fcn ilk a\u00e7\u0131klamas\u0131n\u0131 bu Pazar g\u00fcn\u00fc Hali\u00e7 Kongre Merkezi&#8217;nde ger\u00e7ekle\u015ftirece\u011fiz. Kalan adaylar\u0131 hem se\u00e7im beyannamesini a\u00e7\u0131klayaca\u011f\u0131z hem de kalan adaylar\u0131 15 Ocak&#8217;ta a\u00e7\u0131klayaca\u011f\u0131z.<\/p>\n\n\n\n<p>Ankara&#8217;da a\u00e7\u0131klayaca\u011f\u0131z. \u0130ki takvim halinde adaylar\u0131m\u0131z\u0131n a\u00e7\u0131klamas\u0131n\u0131 ger\u00e7ekle\u015ftirilmi\u015f olaca\u011f\u0131z. \u00c7al\u0131\u015fma devam ediyor.<\/p>\n\n\n\n<p>\u0130lk b\u00f6l\u00fcm\u00fcn\u00fc Pazar g\u00fcn\u00fc Hali\u00e7 Kongre merkezinde a\u00e7\u0131klayaca\u011f\u0131z. \u0130lk a\u00e7\u0131klama par\u00e7as\u0131n\u0131n i\u00e7ine giren b\u00fcy\u00fck \u015fehirler ve \u015fehirler. Kalanlar da 15&#8217;inde a\u00e7\u0131klanacak. \u0130lk b\u00f6l\u00fcm\u00fcn\u00fc bu Pazar g\u00fcn\u00fc a\u00e7\u0131klam\u0131\u015f olaca\u011f\u0131z. Kalan\u0131 da Ankara&#8217;da Ocak 15&#8217;de beyanname toplant\u0131s\u0131yla a\u00e7\u0131klayaca\u011f\u0131z.&#8221;<\/p>\n\n\n\n<p>(Haber Merkezi)<\/p>\n","protected":false},"excerpt":{"rendered":"<p>AK Parti\u2019de&nbsp; yerel se\u00e7imler \u00f6ncesi ba\u015fkan adaylar\u0131n\u0131n bir k\u0131sm\u0131 7 Ocak&#8217;ta kalanlar&nbsp; da 15 Ocak&#8217;ta a\u00e7\u0131klanacak. AK Parti s\u00f6zc\u00fcs\u00fc&nbsp;\u00d6mer \u00c7elik, yerel se\u00e7imler i\u00e7in adaylar\u0131n 7 <a href=\"https:\/\/akdenizhaber.com.tr\/index.php\/2024\/01\/04\/ak-partide-aday-aciklamalari-7-ve-15-ocakta\/\" class=\"read-more-link\">[more&#8230;]<\/a><\/p>\n","protected":false},"author":2,"featured_media":19307,"comment_status":"open","ping_status":"open","sticky":false,"template":"","format":"standard","meta":{"footnotes":""},"categories":[2],"tags":[],"class_list":["post-19306","post","type-post","status-publish","format-standard","has-post-thumbnail","hentry","category-gundem"],"_links":{"self":[{"href":"https:\/\/akdenizhaber.com.tr\/index.php\/wp-json\/wp\/v2\/posts\/19306","targetHints":{"allow":["GET"]}}],"collection":[{"href":"https:\/\/akdenizhaber.com.tr\/index.php\/wp-json\/wp\/v2\/posts"}],"about":[{"href":"https:\/\/akdenizhaber.com.tr\/index.php\/wp-json\/wp\/v2\/types\/post"}],"author":[{"embeddable":true,"href":"https:\/\/akdenizhaber.com.tr\/index.php\/wp-json\/wp\/v2\/users\/2"}],"replies":[{"embeddable":true,"href":"https:\/\/akdenizhaber.com.tr\/index.php\/wp-json\/wp\/v2\/comments?post=19306"}],"version-history":[{"count":0,"href":"https:\/\/akdenizhaber.com.tr\/index.php\/wp-json\/wp\/v2\/posts\/19306\/revisions"}],"wp:featuredmedia":[{"embeddable":true,"href":"https:\/\/akdenizhaber.com.tr\/index.php\/wp-json\/wp\/v2\/media\/19307"}],"wp:attachment":[{"href":"https:\/\/akdenizhaber.com.tr\/index.php\/wp-json\/wp\/v2\/media?parent=19306"}],"wp:term":[{"taxonomy":"category","embeddable":true,"href":"https:\/\/akdenizhaber.com.tr\/index.php\/wp-json\/wp\/v2\/categories?post=19306"},{"taxonomy":"post_tag","embeddable":true,"href":"https:\/\/akdenizhaber.com.tr\/index.php\/wp-json\/wp\/v2\/tags?post=19306"}],"curies":[{"name":"wp","href":"https:\/\/api.w.org\/{rel}","templated":true}]}}