{"id":19303,"date":"2024-01-04T13:23:24","date_gmt":"2024-01-04T10:23:24","guid":{"rendered":"https:\/\/akdenizhaber.com.tr\/?p=19303"},"modified":"2024-01-04T13:23:25","modified_gmt":"2024-01-04T10:23:25","slug":"emeklinin-gozu-erdoganda","status":"publish","type":"post","link":"https:\/\/akdenizhaber.com.tr\/index.php\/2024\/01\/04\/emeklinin-gozu-erdoganda\/","title":{"rendered":"Emekli\u2019nin g\u00f6z\u00fc Erdo\u011fan\u2019da"},"content":{"rendered":"\n<p><\/p>\n\n\n\n<p>Aral\u0131k ay\u0131 enflasyon rakamlar\u0131n\u0131n a\u00e7\u0131klanmas\u0131n\u0131n ard\u0131ndan memur emeklileri yakla\u015f\u0131k y\u00fczde 50 zam al\u0131rken, SGK ve Ba\u011f-Kur emeklilerinin Ocak ay\u0131nda alacaklar\u0131 zam y\u00fczde 37.56&#8217;da kald\u0131. \u015eimdi milyonlarca emekli &#8220;Emekliye ek zam, seyyanen zam gelir mi? Refah pay\u0131 eklenir mi?&#8221; sorusuna cevap bekliyor. Edinilen bilgiye g\u00f6re Emeklilere ek zam yap\u0131lacak ancak s\u00f6z konusu zam Ocak maa\u015flar\u0131na yeti\u015fmeyece\u011fi i\u00e7in 16 Ocak&#8217;tan sonra Erdo\u011fan\u2019\u0131n devreye girmesi bekleniyor.<\/p>\n\n\n\n<p>(Haber Merkezi)<\/p>\n","protected":false},"excerpt":{"rendered":"<p>Aral\u0131k ay\u0131 enflasyon rakamlar\u0131n\u0131n a\u00e7\u0131klanmas\u0131n\u0131n ard\u0131ndan memur emeklileri yakla\u015f\u0131k y\u00fczde 50 zam al\u0131rken, SGK ve Ba\u011f-Kur emeklilerinin Ocak ay\u0131nda alacaklar\u0131 zam y\u00fczde 37.56&#8217;da kald\u0131. \u015eimdi <a href=\"https:\/\/akdenizhaber.com.tr\/index.php\/2024\/01\/04\/emeklinin-gozu-erdoganda\/\" class=\"read-more-link\">[more&#8230;]<\/a><\/p>\n","protected":false},"author":2,"featured_media":19304,"comment_status":"open","ping_status":"open","sticky":false,"template":"","format":"standard","meta":{"footnotes":""},"categories":[2],"tags":[],"class_list":["post-19303","post","type-post","status-publish","format-standard","has-post-thumbnail","hentry","category-gundem"],"_links":{"self":[{"href":"https:\/\/akdenizhaber.com.tr\/index.php\/wp-json\/wp\/v2\/posts\/19303","targetHints":{"allow":["GET"]}}],"collection":[{"href":"https:\/\/akdenizhaber.com.tr\/index.php\/wp-json\/wp\/v2\/posts"}],"about":[{"href":"https:\/\/akdenizhaber.com.tr\/index.php\/wp-json\/wp\/v2\/types\/post"}],"author":[{"embeddable":true,"href":"https:\/\/akdenizhaber.com.tr\/index.php\/wp-json\/wp\/v2\/users\/2"}],"replies":[{"embeddable":true,"href":"https:\/\/akdenizhaber.com.tr\/index.php\/wp-json\/wp\/v2\/comments?post=19303"}],"version-history":[{"count":0,"href":"https:\/\/akdenizhaber.com.tr\/index.php\/wp-json\/wp\/v2\/posts\/19303\/revisions"}],"wp:featuredmedia":[{"embeddable":true,"href":"https:\/\/akdenizhaber.com.tr\/index.php\/wp-json\/wp\/v2\/media\/19304"}],"wp:attachment":[{"href":"https:\/\/akdenizhaber.com.tr\/index.php\/wp-json\/wp\/v2\/media?parent=19303"}],"wp:term":[{"taxonomy":"category","embeddable":true,"href":"https:\/\/akdenizhaber.com.tr\/index.php\/wp-json\/wp\/v2\/categories?post=19303"},{"taxonomy":"post_tag","embeddable":true,"href":"https:\/\/akdenizhaber.com.tr\/index.php\/wp-json\/wp\/v2\/tags?post=19303"}],"curies":[{"name":"wp","href":"https:\/\/api.w.org\/{rel}","templated":true}]}}