{"id":19279,"date":"2024-01-04T13:15:51","date_gmt":"2024-01-04T10:15:51","guid":{"rendered":"https:\/\/akdenizhaber.com.tr\/?p=19279"},"modified":"2024-01-04T13:15:51","modified_gmt":"2024-01-04T10:15:51","slug":"atso-baskani-ali-bahar-hedeflerin-tutturulmasinda-hepimize-gorev-dusuyor","status":"publish","type":"post","link":"https:\/\/akdenizhaber.com.tr\/index.php\/2024\/01\/04\/atso-baskani-ali-bahar-hedeflerin-tutturulmasinda-hepimize-gorev-dusuyor\/","title":{"rendered":"ATSO Ba\u015fkan\u0131 Ali Bahar; \u201cHedeflerin Tutturulmas\u0131nda Hepimize G\u00f6rev D\u00fc\u015f\u00fcyor\u201d"},"content":{"rendered":"\n<p><\/p>\n\n\n\n<p>ATSO Ba\u015fkan\u0131 Ali Bahar, \u201cGelece\u011fe y\u00f6nelik alaca\u011f\u0131m\u0131z kararlarda OVP hedeflerini dikkate alman\u0131n belirsizlikleri azaltaca\u011f\u0131 ve bunun da i\u015f d\u00fcnyam\u0131z a\u00e7\u0131s\u0131ndan risklerin azalt\u0131lmas\u0131 noktas\u0131nda b\u00fcy\u00fck \u00f6nem arz edece\u011fi bellidir. Programa duyulan g\u00fcvenin devam etmesi i\u00e7in hepimiz elimizi ta\u015f\u0131n alt\u0131na koymaya haz\u0131r\u0131z\u201d dedi.<\/p>\n\n\n\n<p>Antalya Ticaret ve Sanayi Odas\u0131 (ATSO) Y\u00f6netim Kurulu Ba\u015fkan\u0131 Ali Bahar, T\u00fcrkiye \u0130statistik Kurumu (T\u00dc\u0130K) taraf\u0131ndan Aral\u0131k ay\u0131 enflasyon verilerinin a\u00e7\u0131klanmas\u0131 ile birlikte belli olan 2023 y\u0131l\u0131 enflasyonuna ili\u015fkin de\u011ferlendirmelerde bulundu. Enflasyonun son d\u00f6nemde ya\u015fanan arz talep dengesizli\u011finden ve d\u00f6nemsel geli\u015fmelerden kaynakland\u0131\u011f\u0131n\u0131 dile getiren Ali Bahar, \u201cGerek arz taraf\u0131nda ya\u015fanan s\u0131k\u0131nt\u0131lar gerekse artan t\u00fcketim talebi nedeniyle t\u00fcketici enflasyonu \u00fcretici enflasyonundan daha h\u0131zl\u0131 bir y\u00fckseli\u015f g\u00f6sterdi. Sekt\u00f6rel g\u00fcven endeksi ve t\u00fcketici g\u00fcven endeksinde son 4 ayda ya\u015fanan art\u0131\u015flar\u0131n devam etmesi ve programa duyulan g\u00fcvenin devam etmesi i\u00e7in hepimiz elimizi ta\u015f\u0131n alt\u0131na koymaya haz\u0131r\u0131z\u201d diye konu\u015ftu.<\/p>\n\n\n\n<p>Ba\u015fkan Bahar a\u00e7\u0131klamas\u0131nda \u015funlar\u0131 kaydetti:<\/p>\n\n\n\n<p>\u201c2023 Aral\u0131k ay\u0131 enflasyonu bir \u00f6nceki aya g\u00f6re T\u00fcketici Fiyat Endeksi (T\u00dcFE) \u2019de y\u00fczde 2,93, Yurt \u0130\u00e7i \u00dcretici Fiyat Endeksi (Y\u0130-\u00dcFE)\u2019de y\u00fczde 1,14 olarak a\u00e7\u0131klanm\u0131\u015ft\u0131r. Y\u0131ll\u0131k enflasyon ise t\u00fcketici fiyatlar\u0131nda y\u00fczde 64,77, yurt i\u00e7i \u00fcretici fiyatlar\u0131nda y\u00fczde 44,22 olmu\u015ftur. B\u00f6ylelikle 203 y\u0131l\u0131 enflasyonu, OVP\u2019de 2023 y\u0131l\u0131 i\u00e7in tahmin edilen y\u00fczde 65 y\u0131ll\u0131k enflasyon hedefinin 0,23 puan gerisinde ger\u00e7ekle\u015fmi\u015ftir.\u201d<\/p>\n\n\n\n<p>OVP\u2018N\u0130N \u00d6NEM\u0130N\u0130 B\u0130R KEZ DAHA G\u00d6RM\u00dc\u015e OLDUK<\/p>\n\n\n\n<p>2023 y\u0131l\u0131 i\u00e7in Orta Vadeli Plan (OVP) kapsam\u0131nda a\u00e7\u0131klanan y\u0131ll\u0131k enflasyon hedefinin y\u00fczde 65 olarak belirlendi\u011fini belirten Ba\u015fkan Bahar \u201cY\u0131l\u0131n son verisi olan Aral\u0131k ay\u0131 enflasyon rakamlar\u0131n\u0131n a\u00e7\u0131klanmas\u0131 ile birlikte y\u0131ll\u0131k bazda y\u00fczde 64,77 d\u00fczeyine ula\u015fan T\u00fcketici Fiyat Endeksi, OVP y\u0131lsonu hedefi olan y\u00fczde 65\u2019in az bir farkla alt\u0131nda kald\u0131. Bu da bize OVP\u2019nin beklentilerimizi \u015fekillendirmede ne denli \u00f6nemli oldu\u011funu bir kez daha g\u00f6sterdi\u201d ifadelerini kulland\u0131.<\/p>\n\n\n\n<p>\u0130\u015e D\u00dcNYASI OLARAK OVP HEDEF\u0130N\u0130 D\u0130KKATE ALMALIYIZ<\/p>\n\n\n\n<p>Gelece\u011fe y\u00f6nelik kararlarda OVP hedeflerini dikkate alman\u0131n belirsizlikleri azaltaca\u011f\u0131n\u0131 kaydeden Ba\u015fkan Bahar, \u201cBunun da i\u015f d\u00fcnyam\u0131z a\u00e7\u0131s\u0131ndan risklerin azalt\u0131lmas\u0131 noktas\u0131nda b\u00fcy\u00fck \u00f6nem arz edece\u011fi bellidir. OVP hedeflerinin tutturulmas\u0131n\u0131n \u00f6nemi ortada, piyasalara y\u00f6n veren en \u00f6nemli geli\u015fmenin de beklentiler oldu\u011fu a\u00e7\u0131kt\u0131r. \u015eimdi \u00f6n\u00fcm\u00fcze bakt\u0131\u011f\u0131m\u0131zda 2024 y\u0131l\u0131 enflasyon hedefinin y\u00fczde 33 oldu\u011funu g\u00f6r\u00fcyoruz. Bu hedeflerin tutturulmas\u0131 noktas\u0131nda i\u015f d\u00fcnyas\u0131na da b\u00fcy\u00fck bir g\u00f6rev d\u00fc\u015fmektedir\u201d dedi. Sekt\u00f6rel g\u00fcven endeksi ve t\u00fcketici g\u00fcven endeksinde son 4 aydaki art\u0131\u015fa dikkat \u00e7eken Ba\u015fkan Bahar, \u201cBizler bu hedefi dikkate al\u0131p, fiyatland\u0131rma politikalar\u0131m\u0131z\u0131 bu beklentiye g\u00f6re \u015fekillendirebilirsek program\u0131n ba\u015far\u0131l\u0131 olmas\u0131 ve ekonomik g\u00fcvenin sa\u011flanmas\u0131 ka\u00e7\u0131n\u0131lmaz olacakt\u0131r. Programa duyulan g\u00fcvenin devam etmesi i\u00e7in hepimiz elimizi ta\u015f\u0131n alt\u0131na koymaya haz\u0131r\u0131z\u201d diye konu\u015ftu.<\/p>\n\n\n\n<p>GIDADA ENFLASYON HIZ KESMED\u0130<\/p>\n\n\n\n<p>Aral\u0131k ay\u0131nda en fazla art\u0131\u015f g\u00f6steren \u00fcr\u00fcnlerin y\u00fczde 27,38 ile sebze, y\u00fczde 14,47 ile ila\u00e7 ve y\u00fczde 14,38 ile kuzu eti oldu\u011funu belirten Ba\u015fkan Bahar, s\u00f6zlerini \u015f\u00f6yle s\u00fcrd\u00fcrd\u00fc, \u201cA\u00e7\u0131klanan veriler, d\u00fc\u015f\u00fck gelir grubu i\u00e7in nispeten daha \u00f6nemli olan g\u0131da, e\u011fitim ve sa\u011fl\u0131k gibi kalemlerde enflasyonun daha g\u00fc\u00e7l\u00fc hissedildi\u011fini g\u00f6stermektedir. En fazla d\u00fc\u015f\u00fc\u015f\u00fcn havayolu ta\u015f\u0131mac\u0131l\u0131\u011f\u0131, ula\u015ft\u0131rma gibi sekt\u00f6rlerde ya\u015fanm\u0131\u015f olmas\u0131n\u0131n, \u00f6zellikle 2022 y\u0131l\u0131nda bu sekt\u00f6rlerdeki enflasyonun \u00e7ok y\u00fcksek olmas\u0131 nedeniyle baz etkisinden kaynaklad\u0131\u011f\u0131n\u0131 g\u00f6rebilmekteyiz.\u201d<\/p>\n\n\n\n<p>2023\u2019TE EN FAZLA ARTI\u015e LOKANTA, OTELLER, E\u011e\u0130T\u0130M VE SA\u011eLIKTA YA\u015eANDI<\/p>\n\n\n\n<p>T\u00dcFE\u2019de ana harcama gruplar\u0131 baz\u0131nda en y\u00fcksek ayl\u0131k art\u0131\u015f\u0131n y\u00fczde 5,30 ile e\u011flence ve k\u00fclt\u00fcr grubunda ger\u00e7ekle\u015fti\u011fini kaydeden Bahar, \u201cBunu y\u00fczde 4,97 ile konut, su, elektrik, gaz ve di\u011fer yak\u0131tlar ve y\u00fczde 4,81 ile g\u0131da ve alkols\u00fcz i\u00e7ecekler gruplar\u0131 izlemi\u015ftir. Y\u0131ll\u0131k bazda ise en y\u00fcksek art\u0131\u015flar\u0131n s\u0131ras\u0131yla y\u00fczde 93,24 ile lokanta ve oteller, y\u00fczde 82,06 ile e\u011fitim ve y\u00fczde 79,59 ile sa\u011fl\u0131k gruplar\u0131nda ger\u00e7ekle\u015fti\u011fi g\u00f6r\u00fclm\u00fc\u015ft\u00fcr. Aral\u0131k ay\u0131nda, endekste kapsanan 143 mal ve hizmet kaleminin 112\u2019sinde art\u0131\u015f ya\u015fan\u0131rken yaln\u0131zca 20 ba\u015fl\u0131kta d\u00fc\u015f\u00fc\u015f g\u00f6r\u00fclm\u00fc\u015ft\u00fcr. Ayn\u0131 d\u00f6nemde 11 temel ba\u015fl\u0131kta fiyat de\u011fi\u015fimi g\u00f6zlenmemi\u015ftir\u201d dedi.<\/p>\n\n\n\n<p>\u00dcretici fiyatlar\u0131ndaki art\u0131\u015f h\u0131z\u0131n\u0131n yava\u015flad\u0131\u011f\u0131na i\u015faret eden Ali Bahar \u201c\u00d6zellikle ge\u00e7ti\u011fimiz y\u0131l, a\u015f\u0131r\u0131 \u015fekilde a\u00e7\u0131lan \u00dcFE \u2013 T\u00dcFE makas\u0131nda t\u00fcm zamanlar\u0131n rekorlar\u0131 k\u0131r\u0131larak aradaki fark \u00dcFE lehine y\u00fczde 60\u2019lara kadar \u00e7\u0131karak tarihi d\u00fczeylere y\u00fckselmi\u015fti. \u00d6zellikle se\u00e7im sonras\u0131nda yeni ekonomi y\u00f6netiminin izledikleri politikalar sayesinde \u00dcFE\u2019nin h\u0131z kesmesi ile birlikte makas\u0131n kapanmaya ba\u015flad\u0131\u011f\u0131n\u0131 ve y\u00fczde 20 T\u00dcFE lehine de\u011fi\u015fti\u011fini g\u00f6rm\u00fc\u015f bulunmaktay\u0131z. Bu veriler bize \u00fcretim maliyetlerinde bir yava\u015flama oldu\u011funu ancak talebin y\u00fcksek seyretmesi nedeniyle enflasyonun h\u0131z kesmedi\u011fine i\u015faret etmektedir\u201d ifadelerini kulland\u0131.<\/p>\n\n\n\n<p>Antalya Ticaret ve Sanayi Odas\u0131 \/ B\u00fclten<\/p>\n","protected":false},"excerpt":{"rendered":"<p>ATSO Ba\u015fkan\u0131 Ali Bahar, \u201cGelece\u011fe y\u00f6nelik alaca\u011f\u0131m\u0131z kararlarda OVP hedeflerini dikkate alman\u0131n belirsizlikleri azaltaca\u011f\u0131 ve bunun da i\u015f d\u00fcnyam\u0131z a\u00e7\u0131s\u0131ndan risklerin azalt\u0131lmas\u0131 noktas\u0131nda b\u00fcy\u00fck \u00f6nem <a href=\"https:\/\/akdenizhaber.com.tr\/index.php\/2024\/01\/04\/atso-baskani-ali-bahar-hedeflerin-tutturulmasinda-hepimize-gorev-dusuyor\/\" class=\"read-more-link\">[more&#8230;]<\/a><\/p>\n","protected":false},"author":2,"featured_media":19280,"comment_status":"open","ping_status":"open","sticky":false,"template":"","format":"standard","meta":{"footnotes":""},"categories":[2],"tags":[],"class_list":["post-19279","post","type-post","status-publish","format-standard","has-post-thumbnail","hentry","category-gundem"],"_links":{"self":[{"href":"https:\/\/akdenizhaber.com.tr\/index.php\/wp-json\/wp\/v2\/posts\/19279","targetHints":{"allow":["GET"]}}],"collection":[{"href":"https:\/\/akdenizhaber.com.tr\/index.php\/wp-json\/wp\/v2\/posts"}],"about":[{"href":"https:\/\/akdenizhaber.com.tr\/index.php\/wp-json\/wp\/v2\/types\/post"}],"author":[{"embeddable":true,"href":"https:\/\/akdenizhaber.com.tr\/index.php\/wp-json\/wp\/v2\/users\/2"}],"replies":[{"embeddable":true,"href":"https:\/\/akdenizhaber.com.tr\/index.php\/wp-json\/wp\/v2\/comments?post=19279"}],"version-history":[{"count":0,"href":"https:\/\/akdenizhaber.com.tr\/index.php\/wp-json\/wp\/v2\/posts\/19279\/revisions"}],"wp:featuredmedia":[{"embeddable":true,"href":"https:\/\/akdenizhaber.com.tr\/index.php\/wp-json\/wp\/v2\/media\/19280"}],"wp:attachment":[{"href":"https:\/\/akdenizhaber.com.tr\/index.php\/wp-json\/wp\/v2\/media?parent=19279"}],"wp:term":[{"taxonomy":"category","embeddable":true,"href":"https:\/\/akdenizhaber.com.tr\/index.php\/wp-json\/wp\/v2\/categories?post=19279"},{"taxonomy":"post_tag","embeddable":true,"href":"https:\/\/akdenizhaber.com.tr\/index.php\/wp-json\/wp\/v2\/tags?post=19279"}],"curies":[{"name":"wp","href":"https:\/\/api.w.org\/{rel}","templated":true}]}}