{"id":19261,"date":"2024-01-03T12:06:04","date_gmt":"2024-01-03T09:06:04","guid":{"rendered":"https:\/\/akdenizhaber.com.tr\/?p=19261"},"modified":"2024-01-03T12:06:04","modified_gmt":"2024-01-03T09:06:04","slug":"develer-elmalida-kiran-kirana-birbirini-yenmek-icin-guresti","status":"publish","type":"post","link":"https:\/\/akdenizhaber.com.tr\/index.php\/2024\/01\/03\/develer-elmalida-kiran-kirana-birbirini-yenmek-icin-guresti\/","title":{"rendered":"Develer Elmal\u0131\u2019da k\u0131ran k\u0131rana birbirini yenmek i\u00e7in g\u00fcre\u015fti"},"content":{"rendered":"\n<p>Yok olmaya y\u00fcz tutan k\u00fclt\u00fcrel de\u011ferlerimizi ya\u015fatma ad\u0131na organize etti\u011fimiz Elmal\u0131 Folklorik Deve G\u00f6sterileri\u2019nin 2.sini b\u00fcy\u00fck bir co\u015fkuyla tamamlad\u0131k.<\/p>\n\n\n\n<p>ATA Sporu ya\u011fl\u0131 pehlivan g\u00fcre\u015finde tarihi K\u0131rkp\u0131nar Dan da eski olan ve T\u00fcrk\u00fcn ilk Er Meydan\u0131 ismi ile bilinen Antalya&#8217;n\u0131n Elmal\u0131 il\u00e7esi Elmal\u0131 Belediye Ba\u015fkan\u0131 Halil \u00d6zt\u00fcrk, unutulmaya y\u00fcz tutmu\u015f Folklorik geleneksel Deve G\u00fcre\u015fi k\u00fclt\u00fcr\u00fcn\u00fc yayg\u0131nla\u015ft\u0131racaklar\u0131n\u0131 s\u00f6yledi. Kadim \u015fehir Antalya&#8217;n\u0131n Elmal\u0131 il\u00e7esinde 2. Elmal\u0131 Deve G\u00fcre\u015fi yap\u0131ld\u0131. \u00dclkede folklorik deve g\u00fcre\u015fi Ege B\u00f6lgesinde Ayd\u0131n, Mu\u011fla, Denizli , \u0130zmirin baz\u0131 il\u00e7eleri, U\u015fak \u00c7anakkale ili ve il\u00e7eleri ile Antalya&#8217;n\u0131n Demre(Kale), Finike ve Kumluca il\u00e7elerinde yap\u0131lan folklorik k\u00fclt\u00fcr etkinli\u011fi. 2. Elmal\u0131 Folklorik Deve G\u00fcre\u015fine \u00e7o\u011funlu\u011fu Ege B\u00f6lgesi illi olmak \u00fczere g\u00fcre\u015fmek i\u00e7in 60 deve birinci olmak i\u00e7in k\u0131ran k\u0131rana m\u00fccadele etti.<\/p>\n\n\n\n<p>Deve rakibi deve ile g\u00fcre\u015firken g\u00fcre\u015f alan\u0131ndan ka\u00e7arsa h\u00fckmen yenik say\u0131l\u0131yor.<\/p>\n\n\n\n<p>Elmal\u0131 Belediye Ba\u015fkan\u0131 Halil \u00d6zt\u00fcrk, Y\u00f6r\u00fck-T\u00fcrkmen k\u00fclt\u00fcr\u00fcm\u00fcz\u00fcn as\u0131rlard\u0131r sembol\u00fc olan deve varl\u0131\u011f\u0131na ba\u011fl\u0131 ya\u015fam\u0131n ya\u015fat\u0131lmas\u0131 i\u00e7in Elmal\u0131 Belediyesi olarak her zaman destek olacaklar\u0131n\u0131 s\u00f6yledi. Ba\u015fkan Halil \u00d6zt\u00fcrk, &#8221;Unutulmaya y\u00fcz tutmu\u015f tarihi k\u00fclt\u00fcrel ve folklorik de\u011ferlerimizi yani bir anlamda bizi biz yapan de\u011ferlerimizi ya\u015fatarak gelecek ku\u015faklara ta\u015f\u0131mak istiyoruz.&#8221; dedi.<\/p>\n\n\n\n<p>Deve G\u00fcre\u015finde dereceye giren deve sahiplerine iYi Parti \u0130l Ba\u015fkan\u0131 Vahdet Af\u015fin Karacan, Antalya B\u00fcy\u00fck\u015fehir Belediyesi Genel Sekreter Yard\u0131mc\u0131s\u0131 Mustafa G\u00fcrb\u00fcz, Demre Belediye Ba\u015fkan\u0131m\u0131z G\u00fcls\u00fcm Cengiz, Finike Belediye Ba\u015fkan\u0131m\u0131z Mustafa Geyik\u00e7i, \u0130Y\u0130 Parti Elmal\u0131 \u0130l\u00e7e Ba\u015fkan\u0131 Fatih Alt\u0131nta\u015f, Cumhuriyet Halk Partisi(CHP) Elmal\u0131 \u0130l\u00e7e Ba\u015fkan\u0131 \u015eakir Ayd\u0131n, Belediye Ba\u015fkan Yard\u0131mc\u0131s\u0131 Hasan Ayd\u0131n, Hilmi \u015eefik Cambolat, Belediye Meclis \u00dcyeleri \u00f6d\u00fcl madalya ve kupa takdimi yapt\u0131.<\/p>\n\n\n\n<p>Ba\u015fkan Halil \u00d6zt\u00fcrk, Elmal\u0131 Folklorik Deve G\u00f6sterileri ile seyircilerimizi co\u015fturan deve sahiplerimize, g\u00fcre\u015flerimize ilgi g\u00f6steren seyircilerimize ve ayr\u0131ca organizasyonun kusursuz ge\u00e7mesini sa\u011flayan, g\u00fcnler \u00f6ncesinden haz\u0131rl\u0131k yapan, &#8216;\u00f6zveri ile \u00e7al\u0131\u015fan personelimize te\u015fekk\u00fcr ediyorum&#8217; ifadesinde bulundu.<\/p>\n\n\n\n<p>Haber\/Abdurrahman B\u00fcy\u00fckkeskin<\/p>\n","protected":false},"excerpt":{"rendered":"<p>Yok olmaya y\u00fcz tutan k\u00fclt\u00fcrel de\u011ferlerimizi ya\u015fatma ad\u0131na organize etti\u011fimiz Elmal\u0131 Folklorik Deve G\u00f6sterileri\u2019nin 2.sini b\u00fcy\u00fck bir co\u015fkuyla tamamlad\u0131k. ATA Sporu ya\u011fl\u0131 pehlivan g\u00fcre\u015finde tarihi <a href=\"https:\/\/akdenizhaber.com.tr\/index.php\/2024\/01\/03\/develer-elmalida-kiran-kirana-birbirini-yenmek-icin-guresti\/\" class=\"read-more-link\">[more&#8230;]<\/a><\/p>\n","protected":false},"author":2,"featured_media":19262,"comment_status":"open","ping_status":"open","sticky":false,"template":"","format":"standard","meta":{"footnotes":""},"categories":[2],"tags":[],"class_list":["post-19261","post","type-post","status-publish","format-standard","has-post-thumbnail","hentry","category-gundem"],"_links":{"self":[{"href":"https:\/\/akdenizhaber.com.tr\/index.php\/wp-json\/wp\/v2\/posts\/19261","targetHints":{"allow":["GET"]}}],"collection":[{"href":"https:\/\/akdenizhaber.com.tr\/index.php\/wp-json\/wp\/v2\/posts"}],"about":[{"href":"https:\/\/akdenizhaber.com.tr\/index.php\/wp-json\/wp\/v2\/types\/post"}],"author":[{"embeddable":true,"href":"https:\/\/akdenizhaber.com.tr\/index.php\/wp-json\/wp\/v2\/users\/2"}],"replies":[{"embeddable":true,"href":"https:\/\/akdenizhaber.com.tr\/index.php\/wp-json\/wp\/v2\/comments?post=19261"}],"version-history":[{"count":0,"href":"https:\/\/akdenizhaber.com.tr\/index.php\/wp-json\/wp\/v2\/posts\/19261\/revisions"}],"wp:featuredmedia":[{"embeddable":true,"href":"https:\/\/akdenizhaber.com.tr\/index.php\/wp-json\/wp\/v2\/media\/19262"}],"wp:attachment":[{"href":"https:\/\/akdenizhaber.com.tr\/index.php\/wp-json\/wp\/v2\/media?parent=19261"}],"wp:term":[{"taxonomy":"category","embeddable":true,"href":"https:\/\/akdenizhaber.com.tr\/index.php\/wp-json\/wp\/v2\/categories?post=19261"},{"taxonomy":"post_tag","embeddable":true,"href":"https:\/\/akdenizhaber.com.tr\/index.php\/wp-json\/wp\/v2\/tags?post=19261"}],"curies":[{"name":"wp","href":"https:\/\/api.w.org\/{rel}","templated":true}]}}