{"id":19249,"date":"2024-01-03T12:03:22","date_gmt":"2024-01-03T09:03:22","guid":{"rendered":"https:\/\/akdenizhaber.com.tr\/?p=19249"},"modified":"2024-01-03T12:03:23","modified_gmt":"2024-01-03T09:03:23","slug":"memur-ve-emekliyi-ilgilendiren-aralik-enflasyonu-belli-oldu","status":"publish","type":"post","link":"https:\/\/akdenizhaber.com.tr\/index.php\/2024\/01\/03\/memur-ve-emekliyi-ilgilendiren-aralik-enflasyonu-belli-oldu\/","title":{"rendered":"Memur ve emekliyi ilgilendiren ARALIK ENFLASYONU BELL\u0130 OLDU"},"content":{"rendered":"\n<p><\/p>\n\n\n\n<p>Milyonlarca memur ve emeklinin maa\u015f zamm\u0131n\u0131 etkileyecek Aral\u0131k ay\u0131 T\u00dc\u0130K enflasyon rakamlar\u0131 a\u00e7\u0131kland\u0131. T\u00dc\u0130K&#8217;e g\u00f6re Aral\u0131k&#8217;ta ayl\u0131k enflasyon y\u00fczde 2.03, y\u0131ll\u0131k enflasyon ise y\u00fczde 64,77 oldu. ENAG&#8217;a g\u00f6re y\u0131ll\u0131k enflasyonu y\u00fczde 127.21, 2023 y\u0131l\u0131 Aral\u0131k ay\u0131 enflasyonu ise y\u00fczde 4.12 oldu. B\u00f6ylece milyonlarca memur ve emeklinin 6 ayl\u0131k enflasyon zamm\u0131 kesinle\u015fti.<\/p>\n\n\n\n<p>Buna g\u00f6re SSK ve Ba\u011f-Kur emeklileri y\u00fczde&nbsp;37,57&nbsp;oran\u0131nda zam almaya hak kazand\u0131. Memur ve Memur emeklileri de&nbsp;y\u00fczde 15&#8217;lik s\u00f6zle\u015fme zamm\u0131na ek olarak y\u00fczde 31,5 enflasyon fark\u0131 alacaklar.<\/p>\n\n\n\n<p>EN AZ ARTI\u015e G\u00d6STEREN KONUT,<\/p>\n\n\n\n<p>EN \u00c7OK ARTAN GIDA ENSLASYONU OLDU<\/p>\n\n\n\n<p>Enflasyon rakamlar\u0131nda bir \u00f6nceki y\u0131l\u0131n ayn\u0131 ay\u0131na g\u00f6re en az art\u0131\u015f g\u00f6steren ana grup %40,39 ile konut oldu. Buna kar\u015f\u0131l\u0131k, bir \u00f6nceki y\u0131l\u0131n ayn\u0131 ay\u0131na g\u00f6re art\u0131\u015f\u0131n en y\u00fcksek oldu\u011fu ana grup ise %93,24 ile lokanta ve oteller oldu.&nbsp;Y\u0131ll\u0131k g\u0131da enflasyonu y\u00fczde 72,01 oldu.<\/p>\n\n\n\n<p>Ana harcama gruplar\u0131 itibar\u0131yla 2023 y\u0131l\u0131 Aral\u0131k ay\u0131nda bir \u00f6nceki aya g\u00f6re en az art\u0131\u015f g\u00f6steren ana grup %-1,33 ile giyim ve ayakkab\u0131 oldu. Buna kar\u015f\u0131l\u0131k, 2023 y\u0131l\u0131 Aral\u0131k ay\u0131nda bir \u00f6nceki aya g\u00f6re art\u0131\u015f\u0131n en y\u00fcksek oldu\u011fu ana grup ise %5,30 ile e\u011flence ve k\u00fclt\u00fcr oldu.<\/p>\n\n\n\n<p>T\u00dc\u0130K kas\u0131m ay\u0131nda ayl\u0131k enflasyonu y\u00fczde 3,28, y\u0131ll\u0131k enflasyonu y\u00fczde 61,98 a\u00e7\u0131klam\u0131\u015ft\u0131.<\/p>\n\n\n\n<p>(Haber Merkezi)<\/p>\n","protected":false},"excerpt":{"rendered":"<p>Milyonlarca memur ve emeklinin maa\u015f zamm\u0131n\u0131 etkileyecek Aral\u0131k ay\u0131 T\u00dc\u0130K enflasyon rakamlar\u0131 a\u00e7\u0131kland\u0131. T\u00dc\u0130K&#8217;e g\u00f6re Aral\u0131k&#8217;ta ayl\u0131k enflasyon y\u00fczde 2.03, y\u0131ll\u0131k enflasyon ise y\u00fczde 64,77 <a href=\"https:\/\/akdenizhaber.com.tr\/index.php\/2024\/01\/03\/memur-ve-emekliyi-ilgilendiren-aralik-enflasyonu-belli-oldu\/\" class=\"read-more-link\">[more&#8230;]<\/a><\/p>\n","protected":false},"author":2,"featured_media":19250,"comment_status":"open","ping_status":"open","sticky":false,"template":"","format":"standard","meta":{"footnotes":""},"categories":[2],"tags":[],"class_list":["post-19249","post","type-post","status-publish","format-standard","has-post-thumbnail","hentry","category-gundem"],"_links":{"self":[{"href":"https:\/\/akdenizhaber.com.tr\/index.php\/wp-json\/wp\/v2\/posts\/19249","targetHints":{"allow":["GET"]}}],"collection":[{"href":"https:\/\/akdenizhaber.com.tr\/index.php\/wp-json\/wp\/v2\/posts"}],"about":[{"href":"https:\/\/akdenizhaber.com.tr\/index.php\/wp-json\/wp\/v2\/types\/post"}],"author":[{"embeddable":true,"href":"https:\/\/akdenizhaber.com.tr\/index.php\/wp-json\/wp\/v2\/users\/2"}],"replies":[{"embeddable":true,"href":"https:\/\/akdenizhaber.com.tr\/index.php\/wp-json\/wp\/v2\/comments?post=19249"}],"version-history":[{"count":0,"href":"https:\/\/akdenizhaber.com.tr\/index.php\/wp-json\/wp\/v2\/posts\/19249\/revisions"}],"wp:featuredmedia":[{"embeddable":true,"href":"https:\/\/akdenizhaber.com.tr\/index.php\/wp-json\/wp\/v2\/media\/19250"}],"wp:attachment":[{"href":"https:\/\/akdenizhaber.com.tr\/index.php\/wp-json\/wp\/v2\/media?parent=19249"}],"wp:term":[{"taxonomy":"category","embeddable":true,"href":"https:\/\/akdenizhaber.com.tr\/index.php\/wp-json\/wp\/v2\/categories?post=19249"},{"taxonomy":"post_tag","embeddable":true,"href":"https:\/\/akdenizhaber.com.tr\/index.php\/wp-json\/wp\/v2\/tags?post=19249"}],"curies":[{"name":"wp","href":"https:\/\/api.w.org\/{rel}","templated":true}]}}