{"id":19243,"date":"2024-01-03T12:01:39","date_gmt":"2024-01-03T09:01:39","guid":{"rendered":"https:\/\/akdenizhaber.com.tr\/?p=19243"},"modified":"2024-01-03T12:01:39","modified_gmt":"2024-01-03T09:01:39","slug":"antalyasporda-sergen-yalcin-goreve-basladi","status":"publish","type":"post","link":"https:\/\/akdenizhaber.com.tr\/index.php\/2024\/01\/03\/antalyasporda-sergen-yalcin-goreve-basladi\/","title":{"rendered":"Antalyaspor\u2019da Sergen Yal\u00e7\u0131n G\u00f6reve Ba\u015flad\u0131\u00a0\u00a0\u00a0\u00a0"},"content":{"rendered":"\n<p>Bitexen Antalyaspor, Teknik Direkt\u00f6r Sergen Yal\u00e7\u0131n ile resmi s\u00f6zle\u015fmeyi imzalad\u0131. Atilla Vehbi Konuk Tesisleri\u2019nde d\u00fczenlenen imza t\u00f6renine Antalyaspor A.\u015e. Y\u00f6netim Kurulu Ba\u015fkan\u0131 Sinan Boztepe kat\u0131ld\u0131.<\/p>\n\n\n\n<p>BA\u015eARILARA B\u0130RL\u0130KTE Y\u00dcR\u00dcYECE\u011e\u0130Z<\/p>\n\n\n\n<p>Bitexen Antalyaspor, Nuri \u015eahin\u2019den bo\u015falan teknik direkt\u00f6rl\u00fck koltu\u011fu i\u00e7in prensipte anla\u015ft\u0131\u011f\u0131 Sergen Yal\u00e7\u0131n\u2019a resmi imzay\u0131 bas\u0131n\u0131n \u00f6n\u00fcnde att\u0131rd\u0131. Atilla Vehbi Konuk Tesisleri\u2019nde ger\u00e7ekle\u015fen imza t\u00f6renine Antalyaspor Ba\u015fkan\u0131 Sinan Boztepe kat\u0131ld\u0131. Boztepe, yapt\u0131\u011f\u0131 konu\u015fmada g\u00f6reve geldikleri ilk g\u00fcnden bu yana ba\u015far\u0131y\u0131 hedefleyen bir kul\u00fcp olduklar\u0131n\u0131n alt\u0131n\u0131 \u00e7izerek \u201cSergen Hoca&#8217;m\u0131zsadece S\u00fcper Lig&#8217;deki de\u011fil, bana g\u00f6re d\u00fcnyadaki en de\u011ferli hocalardan bir tanesi. Bundan sonra Antalyaspor ailesiyle birlikte. \u0130n\u015fallah biz de ligde \u00fcst s\u0131ralarda yerimizi bulup ba\u015far\u0131 hedeflerimize do\u011fru Sergen hocam\u0131zla beraber y\u00fcr\u00fcyece\u011fiz. Kendisine aram\u0131za ho\u015f geldin diyoruz\u201d dedi.<\/p>\n\n\n\n<p>DO\u011eRU B\u0130R TERC\u0130H YAPTIK<\/p>\n\n\n\n<p>Bas\u0131n toplant\u0131s\u0131nda duygular\u0131n\u0131 dile getiren Teknik Direkt\u00f6r Sergen Yal\u00e7\u0131n ise Antalyaspor\u2019a severek, isteyerek, ba\u015far\u0131y\u0131 hedefleyerek geldiklerini belirterek, \u201cBuraya gelmekten dolay\u0131 \u00e7ok mutluyuz. Yakla\u015f\u0131k bir bu\u00e7uk iki seneye yak\u0131nd\u0131r \u00e7al\u0131\u015fm\u0131yoruz ekip olarak. K\u0131smet Antalya&#8217;yaym\u0131\u015f. Ba\u015fkan\u0131m\u0131z arad\u0131\u011f\u0131nda ekip olarak \u00e7ok heyecanland\u0131k. \u00c7\u00fcnk\u00fc hem kadro olarak hem \u015fehir olarak hem de hedefler olarak konu\u015ftu\u011fumuzda birbirini tamamlayan bir ikili gibi g\u00f6rd\u00fck kendimizi. \u00c7ok heyecanl\u0131 bir \u015fekilde, kendimize g\u00fcvenerek, ba\u015far\u0131l\u0131 olaca\u011f\u0131m\u0131za inanarak \u00e7ok do\u011fru bir tercih yapt\u0131\u011f\u0131m\u0131z\u0131 d\u00fc\u015f\u00fcn\u00fcyorum. Ba\u015fkan\u0131m\u0131za bizi buraya uygun g\u00f6rd\u00fc\u011f\u00fc i\u00e7in te\u015fekk\u00fcr ediyorum\u201d diye konu\u015ftu.<\/p>\n\n\n\n<p>BASININ SORULARINI YANITLADILAR<\/p>\n\n\n\n<p>Konu\u015fmalar\u0131n ard\u0131ndan medya mensuplar\u0131n\u0131n sorular\u0131 yan\u0131tland\u0131. Teknik Direkt\u00f6r Sergen Yal\u00e7\u0131n, \u201cS\u00fcper Lig\u2019i yak\u0131ndan takip ediyoruz. Antalyaspor\u2019daki de rakiplerimizdeki futbolcular\u0131 da \u00e7ok iyi biliyoruz. Ligde b\u00fct\u00fcn ma\u00e7lar zor. \u0130\u00e7eride de oynasan, d\u0131\u015far\u0131da da oynasan hi\u00e7bir ma\u00e7 kolay de\u011fil. Ama \u00e7al\u0131\u015f\u0131yoruz biz de. Oyuncularla beraber \u00fc\u00e7 d\u00f6rt g\u00fcnl\u00fck bir \u00e7al\u0131\u015fma s\u00fcrecimiz olacak. \u0130yi haz\u0131rlan\u0131p iyi bir ba\u015flang\u0131\u00e7 yapmak istiyoruz. \u0130n\u015fallah ilk ma\u00e7\u0131m\u0131zda iyi bir sonu\u00e7 al\u0131p yolumuza bakaca\u011f\u0131z art\u0131k. Hedefimiz tamamen tak\u0131m\u0131 bir an evvel yukar\u0131ya \u00e7\u0131karmak\u201d ifadelerini kulland\u0131. Adam Buksa ile ilgili sorulan bir soruya ise Yal\u00e7\u0131n \u015f\u00f6yle yan\u0131t verdi: \u201cBiz onu daha \u00f6nceden de takip ediyorduk. \u0130yi bir oyuncu oldu\u011funu biliyorduk. Hatta Antalyaspor&#8217;a gelince ben biraz \u015fa\u015f\u0131rd\u0131m. Oyuncuyu nereden g\u00f6rd\u00fcler de ald\u0131lar diye. \u0130yi oyuncu. Burada da \u00e7ok iyi oynuyor. \u00c7ok faydal\u0131 oluyor. Umar\u0131m \u00e7ok daha iyi yerlere gelir.\u201d \u201cS\u00f6zle\u015fmede Be\u015fikta\u015f\u2019tan teklif gelirse gidebilir diye bir madde var m\u0131\u201d \u015feklindeki soruya ise Yal\u00e7\u0131n, \u201cBen kontratlar\u0131ma o t\u00fcr maddeleri hi\u00e7bir zaman hi\u00e7bir yerde koymad\u0131m. \u00c7ok sa\u011fl\u0131kl\u0131 oldu\u011funu da d\u00fc\u015f\u00fcnm\u00fcyorum. Sonu\u00e7ta biz Antalyaspor&#8217;a isteyerek, severek, inanarak geldik\u201d yan\u0131t\u0131n\u0131 verdi. Yap\u0131lan konu\u015fmalar\u0131n ard\u0131ndan resmi s\u00f6zle\u015fmeye imza at\u0131l\u0131rken, Antalyaspor y\u00f6netim kurulu \u00fcyeleri de g\u00fcn\u00fcn an\u0131s\u0131na bir hat\u0131ra foto\u011fraf\u0131 \u00e7ektirdi.<\/p>\n\n\n\n<p>Antalyaspor \/ B\u00fclten<\/p>\n","protected":false},"excerpt":{"rendered":"<p>Bitexen Antalyaspor, Teknik Direkt\u00f6r Sergen Yal\u00e7\u0131n ile resmi s\u00f6zle\u015fmeyi imzalad\u0131. Atilla Vehbi Konuk Tesisleri\u2019nde d\u00fczenlenen imza t\u00f6renine Antalyaspor A.\u015e. Y\u00f6netim Kurulu Ba\u015fkan\u0131 Sinan Boztepe kat\u0131ld\u0131. <a href=\"https:\/\/akdenizhaber.com.tr\/index.php\/2024\/01\/03\/antalyasporda-sergen-yalcin-goreve-basladi\/\" class=\"read-more-link\">[more&#8230;]<\/a><\/p>\n","protected":false},"author":2,"featured_media":19244,"comment_status":"open","ping_status":"open","sticky":false,"template":"","format":"standard","meta":{"footnotes":""},"categories":[2],"tags":[],"class_list":["post-19243","post","type-post","status-publish","format-standard","has-post-thumbnail","hentry","category-gundem"],"_links":{"self":[{"href":"https:\/\/akdenizhaber.com.tr\/index.php\/wp-json\/wp\/v2\/posts\/19243","targetHints":{"allow":["GET"]}}],"collection":[{"href":"https:\/\/akdenizhaber.com.tr\/index.php\/wp-json\/wp\/v2\/posts"}],"about":[{"href":"https:\/\/akdenizhaber.com.tr\/index.php\/wp-json\/wp\/v2\/types\/post"}],"author":[{"embeddable":true,"href":"https:\/\/akdenizhaber.com.tr\/index.php\/wp-json\/wp\/v2\/users\/2"}],"replies":[{"embeddable":true,"href":"https:\/\/akdenizhaber.com.tr\/index.php\/wp-json\/wp\/v2\/comments?post=19243"}],"version-history":[{"count":0,"href":"https:\/\/akdenizhaber.com.tr\/index.php\/wp-json\/wp\/v2\/posts\/19243\/revisions"}],"wp:featuredmedia":[{"embeddable":true,"href":"https:\/\/akdenizhaber.com.tr\/index.php\/wp-json\/wp\/v2\/media\/19244"}],"wp:attachment":[{"href":"https:\/\/akdenizhaber.com.tr\/index.php\/wp-json\/wp\/v2\/media?parent=19243"}],"wp:term":[{"taxonomy":"category","embeddable":true,"href":"https:\/\/akdenizhaber.com.tr\/index.php\/wp-json\/wp\/v2\/categories?post=19243"},{"taxonomy":"post_tag","embeddable":true,"href":"https:\/\/akdenizhaber.com.tr\/index.php\/wp-json\/wp\/v2\/tags?post=19243"}],"curies":[{"name":"wp","href":"https:\/\/api.w.org\/{rel}","templated":true}]}}