{"id":19235,"date":"2024-01-02T15:24:47","date_gmt":"2024-01-02T12:24:47","guid":{"rendered":"https:\/\/akdenizhaber.com.tr\/?p=19235"},"modified":"2024-01-02T15:24:48","modified_gmt":"2024-01-02T12:24:48","slug":"chp-antalya-milletvekili-aliye-cosar-parasizliktan-50-bin-ogrenci-universiteyi-birakti","status":"publish","type":"post","link":"https:\/\/akdenizhaber.com.tr\/index.php\/2024\/01\/02\/chp-antalya-milletvekili-aliye-cosar-parasizliktan-50-bin-ogrenci-universiteyi-birakti\/","title":{"rendered":"CHP Antalya Milletvekili Aliye Co\u015far;\u201c Paras\u0131zl\u0131ktan 50 bin \u00f6\u011frenci \u00fcniversiteyi b\u0131rakt\u0131\u201d"},"content":{"rendered":"\n<p>Cumhuriyet Halk Partisi(CHP) Antalya Milletvekili Av.Aliye Co\u015far, TBMM Ba\u015fkanl\u0131\u011f\u0131\u2019na \u00fcniversiteyi b\u0131rakmak zorunda kalan \u00f6\u011frencilerin okullar\u0131n\u0131 terk etmelerinin nedenlerinin ara\u015ft\u0131r\u0131lmas\u0131, terk etmelerinin \u00f6n\u00fcne ge\u00e7mek, \u00f6\u011frencilerin geleceklerini g\u00fcvence alt\u0131na almak ve gerekli \u00f6nlemlerin al\u0131nmas\u0131na y\u00f6nelik Meclis Ara\u015ft\u0131rmas\u0131 a\u00e7\u0131lmas\u0131 i\u00e7in \u00f6nerge verdi.<\/p>\n\n\n\n<p>\u00c7O\u011eUNLUK B\u00dcY\u00dcK \u015eEH\u0130RDE \u0130KAMET ED\u0130YOR<\/p>\n\n\n\n<p>CHP Antalya Milletvekili Co\u015far, konu ile ilgili olarak; \u201cY\u00fcksek \u00d6\u011fretim Kalite Kurulu\u2019nun (Y\u00d6KAK) G\u00f6sterge De\u011ferleri Raporu\u2019nda yer alan \u2018\u00dcniversiteden Ayr\u0131lan \u00d6\u011frenci Say\u0131s\u0131 (Mezunlar Hari\u00e7)\u2019 verisine g\u00f6re 2021 y\u0131l\u0131nda 338 bin 926, 2022 y\u0131l\u0131nda ise 389 bin 564 \u00f6\u011frenci, toplamda 728 bin 490 \u00f6\u011frencimizin \u00fcniversitelerini b\u0131rakt\u0131\u011f\u0131 g\u00f6r\u00fclmektedir. \u00dcniversiteyi b\u0131rakmak zorunda kalan \u00f6\u011frencilerimizin \u00e7o\u011funlu\u011funun b\u00fcy\u00fck \u015fehirlerde ya\u015fayan gen\u00e7lerden olu\u015ftu\u011fu anla\u015f\u0131lmaktad\u0131r. Verilere bakt\u0131\u011f\u0131m\u0131zda, \u00fcniversitelerini b\u0131rakan \u00f6\u011frencilerimizin say\u0131s\u0131 \u00fclkemizdeki 50 ilin n\u00fcfusundan fazlad\u0131r\u201d dedi.<\/p>\n\n\n\n<p>AKDEN\u0130Z \u00dcN\u0130VERS\u0130TES\u0130\u2019N\u0130 TERK ED\u0130YORLAR<\/p>\n\n\n\n<p>De\u011ferlendirme Raporu\u2019nu da g\u00fcndemine ta\u015f\u0131yan Milletvekili Co\u015far, \u201c\u0130zmir, Bursa ve \u0130stanbul olmak \u00fczere b\u00fcy\u00fck \u015fehirlerdeki \u00fcniversitelerden \u00f6\u011frencilerin adeta ka\u00e7t\u0131\u011f\u0131 g\u00f6r\u00fclmektedir. Son iki y\u0131lda sadece \u0130stanbul \u00dcniversitesi\u2019ni b\u0131rakan \u00f6\u011frenci say\u0131s\u0131 22 bin 889 ki\u015fidir. 2022 y\u0131l\u0131nda \u00fcniversitelerden terk say\u0131s\u0131 dikkate al\u0131nd\u0131\u011f\u0131nda ilk s\u0131ray\u0131 12 bin 121 \u00f6\u011frenci ile Ege \u00dcniversitesi&#8217;nin, ikinci s\u0131ray\u0131 da 11 bin 556 \u00f6\u011frenci say\u0131s\u0131 ile Bursa Uluda\u011f \u00dcniversitesi\u2019nin ald\u0131\u011f\u0131 g\u00f6r\u00fclmektedir. Se\u00e7im b\u00f6lgem Antalya&#8217;da bulunan ve bir zamanlar \u00f6\u011frencilerin kay\u0131t olmak i\u00e7in can att\u0131\u011f\u0131 Akdeniz \u00dcniversitemizi de 2022 y\u0131l\u0131nda 7 bin 870 \u00f6\u011frencinin terk etti\u011fi bilgisi yer almaktad\u0131r\u201d diye konu\u015ftu.<\/p>\n\n\n\n<p>GELECE\u011e\u0130M\u0130Z TEHL\u0130KE ALTINDA<\/p>\n\n\n\n<p>\u201c\u0130\u00e7inde bulundu\u011fumuz d\u00f6nemde Y\u00d6KAK G\u00f6sterge De\u011ferleri Raporu, maalesef T\u00fcrkiye&#8217;nin \u00e7ok da tart\u0131\u015f\u0131lmayan bir ger\u00e7e\u011fini ortaya koymaktad\u0131r\u201d diyen Milletvekili Co\u015far, \u015f\u00f6yle devam etti; \u201cKonunun TBMM taraf\u0131ndan bir an \u00f6nce ele al\u0131nmas\u0131 ve \u00fcniversiteyi b\u0131rakmak zorunda kalan \u00f6\u011frencilerimizin okullar\u0131n\u0131 terk etmelerinin nedenlerinin ara\u015ft\u0131r\u0131lmas\u0131, terk etmelerinin \u00f6n\u00fcne ge\u00e7ilmesi, \u00f6\u011frencilerimizin geleceklerini g\u00fcvence alt\u0131na almak i\u00e7in gerekli \u00f6nlemlerin al\u0131nmas\u0131 i\u00e7in Meclis Ara\u015ft\u0131rmas\u0131 Komisyonu bir an \u00f6nce kurulmal\u0131d\u0131r.\u201d<\/p>\n\n\n\n<p>\u00c7OCUKLARIMIZ, VEL\u0130LER\u0130M\u0130Z \u00c7ARES\u0130Z!<\/p>\n\n\n\n<p>\u00d6\u011frencilerin \u00fcniversitelerini terk etme nedenlerine de de\u011finen CHP\u2019li Co\u015far, \u201cAsl\u0131nda nedenleri \u00e7ok a\u00e7\u0131k.. Ekonomik s\u0131k\u0131nt\u0131, bask\u0131, e\u011fitim ve bar\u0131nma sorunlar\u0131, AKP iktidar\u0131n\u0131n yaratt\u0131\u011f\u0131 ekonomik kriz ve sosyal devlet anlay\u0131\u015f\u0131ndan uzak bir zihniyette olmas\u0131.. \u00dclkemizde y\u00fczlerce aile; yurtlara yerle\u015femeyen \u00e7ocuklar\u0131n\u0131, artan fahi\u015f ev kiralar\u0131 y\u00fcz\u00fcnden e\u011fitim hayat\u0131na bile ba\u015flayam\u0131yor. E\u011fitim hayatlar\u0131na devam eden \u00f6\u011frencilerimiz de yine ayn\u0131 nedenler sebebiyle okullar\u0131n\u0131 terk etmek zorunda kalmaktad\u0131r. Bunun gibi daha bir s\u00fcr\u00fc olumsuz ko\u015fullardan ve iktidar\u0131n uygulad\u0131\u011f\u0131 yanl\u0131\u015f politikalardan s\u00f6z edebiliriz. Ancak konunun bir an \u00f6nce TBMM \u00e7at\u0131s\u0131 alt\u0131nda ara\u015ft\u0131r\u0131l\u0131p, akademisyenlerimizce ve uzman ki\u015filerce yap\u0131lacak \u00e7al\u0131\u015fman\u0131n ard\u0131ndan haz\u0131rlanacak raporun TBMM kay\u0131tlar\u0131na girmesi \u00e7ok \u00f6nemlidir\u201d \u015feklinde konu\u015ftu.<\/p>\n\n\n\n<p>\u00dcN\u0130VERS\u0130TELER\u0130 TERK EDEN \u00d6\u011eRENC\u0130 SAYILARI<\/p>\n\n\n\n<p>Rapora g\u00f6re bu alanda 2022\u2019de ilk 10 s\u0131rada bulunan \u00fcniversiteler ve bu \u00fcniversiteleri terk eden \u00f6\u011frenci say\u0131lar\u0131 \u015fu \u015fekilde;<\/p>\n\n\n\n<p>* Ege \u00dcniversitesi: 12 bin 121<\/p>\n\n\n\n<p>* Uluda\u011f \u00dcniversitesi: 11 bin 556<\/p>\n\n\n\n<p>* Kocaeli \u00dcniversitesi: 10 bin 902<\/p>\n\n\n\n<p>* \u0130stanbul \u00dcniversitesi: 10 bin 573<\/p>\n\n\n\n<p>* Ankara \u00dcniversitesi: 10 bin 175<\/p>\n\n\n\n<p>* Karab\u00fck \u00dcniversitesi: 10 bin 120<\/p>\n\n\n\n<p>* S\u00fcleyman Demirel \u00dcniversitesi: 8 bin 464<\/p>\n\n\n\n<p>* Dumlup\u0131nar \u00dcniversitesi&nbsp;&nbsp;&nbsp;&nbsp;&nbsp;&nbsp;&nbsp;&nbsp;&nbsp;&nbsp; : 8 bin 379<\/p>\n\n\n\n<p>* Akdeniz \u00dcniversitesi&nbsp;&nbsp;&nbsp;&nbsp;&nbsp;&nbsp;&nbsp;&nbsp;&nbsp;&nbsp;&nbsp;&nbsp;&nbsp;&nbsp;&nbsp; : 7 bin 870<\/p>\n\n\n\n<p>* Dokuz Eyl\u00fcl \u00dcniversitesi&nbsp;&nbsp;&nbsp;&nbsp;&nbsp;&nbsp;&nbsp;&nbsp;&nbsp; : 7 bin 62<\/p>\n\n\n\n<p>Haber\/Abdurrahman B\u00fcy\u00fckkeskin<\/p>\n","protected":false},"excerpt":{"rendered":"<p>Cumhuriyet Halk Partisi(CHP) Antalya Milletvekili Av.Aliye Co\u015far, TBMM Ba\u015fkanl\u0131\u011f\u0131\u2019na \u00fcniversiteyi b\u0131rakmak zorunda kalan \u00f6\u011frencilerin okullar\u0131n\u0131 terk etmelerinin nedenlerinin ara\u015ft\u0131r\u0131lmas\u0131, terk etmelerinin \u00f6n\u00fcne ge\u00e7mek, \u00f6\u011frencilerin geleceklerini <a href=\"https:\/\/akdenizhaber.com.tr\/index.php\/2024\/01\/02\/chp-antalya-milletvekili-aliye-cosar-parasizliktan-50-bin-ogrenci-universiteyi-birakti\/\" class=\"read-more-link\">[more&#8230;]<\/a><\/p>\n","protected":false},"author":2,"featured_media":19236,"comment_status":"open","ping_status":"open","sticky":false,"template":"","format":"standard","meta":{"footnotes":""},"categories":[2],"tags":[],"class_list":["post-19235","post","type-post","status-publish","format-standard","has-post-thumbnail","hentry","category-gundem"],"_links":{"self":[{"href":"https:\/\/akdenizhaber.com.tr\/index.php\/wp-json\/wp\/v2\/posts\/19235","targetHints":{"allow":["GET"]}}],"collection":[{"href":"https:\/\/akdenizhaber.com.tr\/index.php\/wp-json\/wp\/v2\/posts"}],"about":[{"href":"https:\/\/akdenizhaber.com.tr\/index.php\/wp-json\/wp\/v2\/types\/post"}],"author":[{"embeddable":true,"href":"https:\/\/akdenizhaber.com.tr\/index.php\/wp-json\/wp\/v2\/users\/2"}],"replies":[{"embeddable":true,"href":"https:\/\/akdenizhaber.com.tr\/index.php\/wp-json\/wp\/v2\/comments?post=19235"}],"version-history":[{"count":0,"href":"https:\/\/akdenizhaber.com.tr\/index.php\/wp-json\/wp\/v2\/posts\/19235\/revisions"}],"wp:featuredmedia":[{"embeddable":true,"href":"https:\/\/akdenizhaber.com.tr\/index.php\/wp-json\/wp\/v2\/media\/19236"}],"wp:attachment":[{"href":"https:\/\/akdenizhaber.com.tr\/index.php\/wp-json\/wp\/v2\/media?parent=19235"}],"wp:term":[{"taxonomy":"category","embeddable":true,"href":"https:\/\/akdenizhaber.com.tr\/index.php\/wp-json\/wp\/v2\/categories?post=19235"},{"taxonomy":"post_tag","embeddable":true,"href":"https:\/\/akdenizhaber.com.tr\/index.php\/wp-json\/wp\/v2\/tags?post=19235"}],"curies":[{"name":"wp","href":"https:\/\/api.w.org\/{rel}","templated":true}]}}