{"id":19205,"date":"2024-01-02T15:07:57","date_gmt":"2024-01-02T12:07:57","guid":{"rendered":"https:\/\/akdenizhaber.com.tr\/?p=19205"},"modified":"2024-01-02T15:07:58","modified_gmt":"2024-01-02T12:07:58","slug":"baskan-esenden-yeni-yil-mesaji","status":"publish","type":"post","link":"https:\/\/akdenizhaber.com.tr\/index.php\/2024\/01\/02\/baskan-esenden-yeni-yil-mesaji\/","title":{"rendered":"Ba\u015fkan Esen&#8217;den yeni y\u0131l mesaj\u0131"},"content":{"rendered":"\n<p>Konyaalt\u0131 belediye ba\u015fkan\u0131 Semih Esene 2024 y\u0131l\u0131 nedeniyle yaz\u0131l\u0131 bir bas\u0131n a\u00e7\u0131klamas\u0131 ile vatanda\u015flar\u0131n yeni y\u0131l\u0131n\u0131 kutlad\u0131.<\/p>\n\n\n\n<p>Ba\u015fkan Esen\u2019in a\u00e7\u0131klamas\u0131 \u015f\u00f6yle;<\/p>\n\n\n\n<p>\u201cSevgili Hem\u015ferilerim,<br><br>Geride b\u0131rakt\u0131\u011f\u0131m\u0131z y\u0131l, \u00fclkemiz i\u00e7in bir dizi zorlu\u011fa sahne oldu. Ancak bu zorluklar kar\u015f\u0131s\u0131nda bir araya gelerek g\u00f6sterdi\u011fimiz dayan\u0131\u015fma ve birlik ruhu, gelece\u011fimiz ad\u0131na umut verdi. Hep birlikte bir\u00e7ok zorlu\u011fun \u00fcstesinden gelmenin g\u00fcc\u00fcn\u00fc ke\u015ffettik.<br><br>Belediye olarak ge\u00e7ti\u011fimiz y\u0131l ger\u00e7ekle\u015ftirdi\u011fimiz projelerle il\u00e7emizi daha ya\u015fanabilir ve s\u00fcrd\u00fcr\u00fclebilir bir yer haline getirmek ad\u0131na \u00f6nemli ad\u0131mlar att\u0131k. Yeni y\u0131lda da bu \u00e7izgiyi s\u00fcrd\u00fcrerek il\u00e7emizi daha da geli\u015ftirmek i\u00e7in \u00e7al\u0131\u015fmaya devam edece\u011fiz. Sizlerin g\u00f6r\u00fc\u015fleri, \u00f6nerileri ve kat\u0131l\u0131m\u0131, bu s\u00fcre\u00e7te bizim i\u00e7in son derece \u00f6nemli.<br><br>\u00d6zellikle gen\u00e7 nesillerimizin e\u011fitimine verdi\u011fimiz \u00f6nem, gelece\u011fimizin teminat\u0131 olan \u00e7ocuklar\u0131m\u0131z\u0131n daha iyi bir yar\u0131na haz\u0131rlanmalar\u0131n\u0131 sa\u011flamak amac\u0131yla yo\u011fun \u00e7aba sarf etmemizi gerektiriyor. Bu kapsamda e\u011fitim projelerine y\u00f6nelik \u00e7al\u0131\u015fmalar\u0131m\u0131za devam ederek, gen\u00e7lerimizin potansiyellerini en \u00fcst d\u00fczeye \u00e7\u0131karacak destekleri sunmaya devam edece\u011fiz.<br><br>Yeni y\u0131lda daha kapsaml\u0131, daha etkili ve daha kat\u0131l\u0131mc\u0131 projelerle kar\u015f\u0131n\u0131za \u00e7\u0131kmay\u0131 hedefliyoruz. Bu s\u00fcre\u00e7te sizlerin geri bildirimleri ve beklentileri, yol haritam\u0131z\u0131 belirlemede bize rehberlik edecek. Hep birlikte, daha g\u00fczel bir gelece\u011fi in\u015fa etmek i\u00e7in el birli\u011fiyle \u00e7al\u0131\u015faca\u011f\u0131m\u0131za olan inanc\u0131m\u0131z\u0131 yineliyoruz.<br><br>Bu vesileyle, yeni y\u0131l\u0131n\u0131z\u0131 en i\u00e7ten dileklerimle kutluyor, sa\u011fl\u0131k, mutluluk ve huzur dolu bir y\u0131l ge\u00e7irmenizi temenni ediyorum. Hep birlikte daha nice ba\u015far\u0131lara imza ataca\u011f\u0131m\u0131z g\u00fczel bir y\u0131l olsun.<br><br>Yeni y\u0131l\u0131n\u0131z kutlu olsun!\u201d<\/p>\n\n\n\n<p>(Haber Merkezi)<\/p>\n","protected":false},"excerpt":{"rendered":"<p>Konyaalt\u0131 belediye ba\u015fkan\u0131 Semih Esene 2024 y\u0131l\u0131 nedeniyle yaz\u0131l\u0131 bir bas\u0131n a\u00e7\u0131klamas\u0131 ile vatanda\u015flar\u0131n yeni y\u0131l\u0131n\u0131 kutlad\u0131. Ba\u015fkan Esen\u2019in a\u00e7\u0131klamas\u0131 \u015f\u00f6yle; \u201cSevgili Hem\u015ferilerim, Geride b\u0131rakt\u0131\u011f\u0131m\u0131z <a href=\"https:\/\/akdenizhaber.com.tr\/index.php\/2024\/01\/02\/baskan-esenden-yeni-yil-mesaji\/\" class=\"read-more-link\">[more&#8230;]<\/a><\/p>\n","protected":false},"author":2,"featured_media":19206,"comment_status":"open","ping_status":"open","sticky":false,"template":"","format":"standard","meta":{"footnotes":""},"categories":[2],"tags":[],"class_list":["post-19205","post","type-post","status-publish","format-standard","has-post-thumbnail","hentry","category-gundem"],"_links":{"self":[{"href":"https:\/\/akdenizhaber.com.tr\/index.php\/wp-json\/wp\/v2\/posts\/19205","targetHints":{"allow":["GET"]}}],"collection":[{"href":"https:\/\/akdenizhaber.com.tr\/index.php\/wp-json\/wp\/v2\/posts"}],"about":[{"href":"https:\/\/akdenizhaber.com.tr\/index.php\/wp-json\/wp\/v2\/types\/post"}],"author":[{"embeddable":true,"href":"https:\/\/akdenizhaber.com.tr\/index.php\/wp-json\/wp\/v2\/users\/2"}],"replies":[{"embeddable":true,"href":"https:\/\/akdenizhaber.com.tr\/index.php\/wp-json\/wp\/v2\/comments?post=19205"}],"version-history":[{"count":0,"href":"https:\/\/akdenizhaber.com.tr\/index.php\/wp-json\/wp\/v2\/posts\/19205\/revisions"}],"wp:featuredmedia":[{"embeddable":true,"href":"https:\/\/akdenizhaber.com.tr\/index.php\/wp-json\/wp\/v2\/media\/19206"}],"wp:attachment":[{"href":"https:\/\/akdenizhaber.com.tr\/index.php\/wp-json\/wp\/v2\/media?parent=19205"}],"wp:term":[{"taxonomy":"category","embeddable":true,"href":"https:\/\/akdenizhaber.com.tr\/index.php\/wp-json\/wp\/v2\/categories?post=19205"},{"taxonomy":"post_tag","embeddable":true,"href":"https:\/\/akdenizhaber.com.tr\/index.php\/wp-json\/wp\/v2\/tags?post=19205"}],"curies":[{"name":"wp","href":"https:\/\/api.w.org\/{rel}","templated":true}]}}