{"id":19199,"date":"2024-01-01T16:41:34","date_gmt":"2024-01-01T13:41:34","guid":{"rendered":"https:\/\/akdenizhaber.com.tr\/?p=19199"},"modified":"2024-01-01T16:41:34","modified_gmt":"2024-01-01T13:41:34","slug":"dostcaaysen-kurt","status":"publish","type":"post","link":"https:\/\/akdenizhaber.com.tr\/index.php\/2024\/01\/01\/dostcaaysen-kurt\/","title":{"rendered":"DOST\u00c7AAY\u015eEN KURT.."},"content":{"rendered":"\n<p>2023 y\u0131l\u0131n\u0131n son g\u00fcn\u00fc Manavgat g\u00fcndemine bomba gibi, bomba olmas\u0131n\u0131n yan\u0131 s\u0131ra bir politikac\u0131ya yak\u0131\u015fmayan \u00e7irkin bir a\u00e7\u0131klama d\u00fc\u015ft\u00fc.<\/p>\n\n\n\n<p>Siyasetin g\u00fczelliklerinin yan\u0131 s\u0131ra bu anlamda \u00e7irkinlikleri de oluyor maalesef bu a\u00e7\u0131klama sa\u011f ve sol g\u00f6r\u00fc\u015fl\u00fc ki\u015filer aras\u0131nda infiale sebep oldu.<\/p>\n\n\n\n<p>Siyaset kaygan zeminde oynanan bir sanat dal\u0131 olmakla birlikte ki\u015fiyi zirveye \u00e7\u0131kard\u0131\u011f\u0131 gibi bir saniyede yok olmas\u0131na sebep olur..<\/p>\n\n\n\n<p>Hele hele bir siyaset\u00e7i kendi baca\u011f\u0131na kur\u015fun s\u0131karsa o siyaset\u00e7inin defteri kapanm\u0131\u015f demektir.<\/p>\n\n\n\n<p>H\u00fcseyin Ergen\u2019de kendi baca\u011f\u0131na kur\u015fun s\u0131kmakla kalmay\u0131p, kafas\u0131na s\u0131kan bir siyaset\u00e7i olarak Manavgat siyasi tarihine ad\u0131n\u0131 yazd\u0131rd\u0131.<\/p>\n\n\n\n<p>T\u00fcrk milletinin en de\u011fer verdi\u011fi varl\u0131klar anneler..<\/p>\n\n\n\n<p>Ve de kad\u0131nlard\u0131r..<\/p>\n\n\n\n<p>Hi\u00e7bir insan siyasi d\u00fc\u015f\u00fcncesi ne olursa olsun, kad\u0131na kar\u015f\u0131n yap\u0131lan \u00e7irkin a\u00e7\u0131klama kar\u015f\u0131s\u0131nda sessiz kalamaz.<\/p>\n\n\n\n<p>H\u00fcseyin Ergen i\u015fte bu \u00e7irkinli\u011fe damga vurdu.<\/p>\n\n\n\n<p>Ve Manavgat siyasetine de kal\u0131c\u0131 bir iz b\u0131rakt\u0131..<\/p>\n\n\n\n<p>Ay\u015fen Kurt ile siyasi anla\u015fmazl\u0131\u011f\u0131n olabilir..Aran\u0131zda \u00e7eki\u015fmelerde mevcuttur..<\/p>\n\n\n\n<p>Ayn\u0131 siyasi partinin neferleri olarak hizmet veriyor olabilirsiniz, aran\u0131zda kavgada olabilir ama bu size belden a\u015fa\u011f\u0131 vurma yetkisi vermez..<\/p>\n\n\n\n<p>Hele hele bir anneye bu derece sayg\u0131s\u0131zca hitap edilmez..<\/p>\n\n\n\n<p>Bunu hi\u00e7 kimse kabullenmez.. Nitekim de \u00f6yle oldu..<\/p>\n\n\n\n<p>Manavgat\u2019ta sa\u011fc\u0131s\u0131-solcusu Ay\u015fen Kurt\u2019un yan\u0131nda yer alarak bir anneye nas\u0131l sahip \u00e7\u0131k\u0131labilece\u011fini g\u00f6sterdi..<\/p>\n\n\n\n<p>Ne diyelim yaz\u0131klar olsun!..<\/p>\n\n\n\n<p>Y\u0131llard\u0131r \u00e7ok yak\u0131ndan tan\u0131r\u0131m Ay\u015fen Kurt\u2019u bug\u00fcnk\u00fc konumuna g\u00f6kten para\u015f\u00fctle inmedi..<\/p>\n\n\n\n<p>T\u0131rnak t\u0131rnak kazarak kendi gayretleriyle bug\u00fcne geldi,.<\/p>\n\n\n\n<p>Turizmi mektebinde okudu,\u00e7e\u015fitli masterler yapt\u0131..Kendi kendine yetmenin yan\u0131 s\u0131ra turizmin duayenlerinden g\u00fczelden yana dersler ald\u0131, bu dersleri hayata ge\u00e7irerek bug\u00fcnk\u00fc konumuna geldi.<\/p>\n\n\n\n<p>E\u015fi sayg\u0131de\u011fer Yahya Kurt beyefendide \u00fclkemizin tan\u0131nm\u0131\u015f turizmcilerindendir..<\/p>\n\n\n\n<p>Ve de \u00e7ok mutlu bir evliliklerinin meyvesi olan o\u011fluyla mutlu bir ya\u015fam s\u00fcrmektedir Ay\u015fen Kurt..<\/p>\n\n\n\n<p>Gelelim siyasi ya\u015fam\u0131na y\u0131llar \u00f6nce bu konuda ilk ad\u0131m\u0131 ba\u015fka bir siyasi partide att\u0131ktan sonra \u0130yi parti saflar\u0131nda kendi gibi kad\u0131n anne olan Meral Ak\u015fener\u2019le y\u00fcr\u00fcme karar\u0131 adl\u0131..<\/p>\n\n\n\n<p>\u0130yi partinin en y\u00fcksek konumu olan genel idare kurulunda Antalya ve Manavgat\u2019\u0131m\u0131z\u0131 en iyi bi\u00e7imde temsil ediyor..<\/p>\n\n\n\n<p>Hedefleri var Ay\u015fen Kurt\u2019un y\u0131llard\u0131r siyasetin i\u00e7inde olan biri olarak gelecekte T\u00fcrk turizmine siyaset\u00e7i olarak hizmet etmek istiyor.<\/p>\n\n\n\n<p>Turizmin sorunlar\u0131n\u0131 \u00e7ok iyi bilen birisi olarak ba\u015fkent Ankara\u2019dan ses getirmek istiyor..<\/p>\n\n\n\n<p>Zincir otellerinde binlerce emek\u00e7i \u00e7al\u0131\u015f\u0131yor hepsi mutlu..<\/p>\n\n\n\n<p>Hepsi i\u015fverenleri Ay\u015fen Kurt\u2019tan memnun..<\/p>\n\n\n\n<p>Ve en \u00f6nemlisi e\u015fi ve o\u011fluda bu mutlulu\u011fa b\u00fcy\u00fck katk\u0131 sa\u011fl\u0131yor.<\/p>\n\n\n\n<p>Yeni y\u0131l \u00f6ncesi H\u00fcseyin Ergen\u2019in talihsiz a\u00e7\u0131klamas\u0131 Ay\u015fen Kurt\u2019u yolundan al\u0131koyamaz, aksine daha g\u00fc\u00e7l\u00fc..<\/p>\n\n\n\n<p>Daha dik ve daha onurlu bi\u00e7imde m\u00fccadelesini s\u00fcrd\u00fcrecektir ben inan\u0131yorum..<\/p>\n\n\n\n<p>Sen kolay y\u0131k\u0131lmayan koskocaman cevher bir y\u00fcreksin..<\/p>\n\n\n\n<p>Yolun a\u00e7\u0131k olsun Ay\u015fen Kurt karde\u015fim\u2026<\/p>\n\n\n\n<p>Haydi, kal\u0131n sa\u011fl\u0131cakla.<\/p>\n\n\n\n<p>Her \u015fey y\u00fcre\u011finize g\u00f6re olsun..<\/p>\n\n\n\n<p>HOPDED\u0130K<br>AY\u015eEN KURT..<\/p>\n\n\n\n<p>Tilkiler kurtlara sald\u0131r\u0131r,<\/p>\n\n\n\n<p>Sonu\u00e7ta galip \u00e7\u0131kan,<\/p>\n\n\n\n<p>Hep kurtlar olmu\u015ftur.<\/p>\n\n\n\n<p>Bu b\u00f6yle biline..<\/p>\n","protected":false},"excerpt":{"rendered":"<p>2023 y\u0131l\u0131n\u0131n son g\u00fcn\u00fc Manavgat g\u00fcndemine bomba gibi, bomba olmas\u0131n\u0131n yan\u0131 s\u0131ra bir politikac\u0131ya yak\u0131\u015fmayan \u00e7irkin bir a\u00e7\u0131klama d\u00fc\u015ft\u00fc. Siyasetin g\u00fczelliklerinin yan\u0131 s\u0131ra bu anlamda <a href=\"https:\/\/akdenizhaber.com.tr\/index.php\/2024\/01\/01\/dostcaaysen-kurt\/\" class=\"read-more-link\">[more&#8230;]<\/a><\/p>\n","protected":false},"author":2,"featured_media":19200,"comment_status":"open","ping_status":"open","sticky":false,"template":"","format":"standard","meta":{"footnotes":""},"categories":[2],"tags":[],"class_list":["post-19199","post","type-post","status-publish","format-standard","has-post-thumbnail","hentry","category-gundem"],"_links":{"self":[{"href":"https:\/\/akdenizhaber.com.tr\/index.php\/wp-json\/wp\/v2\/posts\/19199","targetHints":{"allow":["GET"]}}],"collection":[{"href":"https:\/\/akdenizhaber.com.tr\/index.php\/wp-json\/wp\/v2\/posts"}],"about":[{"href":"https:\/\/akdenizhaber.com.tr\/index.php\/wp-json\/wp\/v2\/types\/post"}],"author":[{"embeddable":true,"href":"https:\/\/akdenizhaber.com.tr\/index.php\/wp-json\/wp\/v2\/users\/2"}],"replies":[{"embeddable":true,"href":"https:\/\/akdenizhaber.com.tr\/index.php\/wp-json\/wp\/v2\/comments?post=19199"}],"version-history":[{"count":0,"href":"https:\/\/akdenizhaber.com.tr\/index.php\/wp-json\/wp\/v2\/posts\/19199\/revisions"}],"wp:featuredmedia":[{"embeddable":true,"href":"https:\/\/akdenizhaber.com.tr\/index.php\/wp-json\/wp\/v2\/media\/19200"}],"wp:attachment":[{"href":"https:\/\/akdenizhaber.com.tr\/index.php\/wp-json\/wp\/v2\/media?parent=19199"}],"wp:term":[{"taxonomy":"category","embeddable":true,"href":"https:\/\/akdenizhaber.com.tr\/index.php\/wp-json\/wp\/v2\/categories?post=19199"},{"taxonomy":"post_tag","embeddable":true,"href":"https:\/\/akdenizhaber.com.tr\/index.php\/wp-json\/wp\/v2\/tags?post=19199"}],"curies":[{"name":"wp","href":"https:\/\/api.w.org\/{rel}","templated":true}]}}