{"id":19187,"date":"2024-01-01T16:38:52","date_gmt":"2024-01-01T13:38:52","guid":{"rendered":"https:\/\/akdenizhaber.com.tr\/?p=19187"},"modified":"2024-01-01T16:38:52","modified_gmt":"2024-01-01T13:38:52","slug":"ak-parti-antalya-milletvekili-tuba-vural-cokal2024-yili-ak-belediyecilik-yili-olacak","status":"publish","type":"post","link":"https:\/\/akdenizhaber.com.tr\/index.php\/2024\/01\/01\/ak-parti-antalya-milletvekili-tuba-vural-cokal2024-yili-ak-belediyecilik-yili-olacak\/","title":{"rendered":"Ak Parti Antalya Milletvekili Tuba Vural \u00c7okal;\u201c2024 y\u0131l\u0131 Ak Belediyecilik Y\u0131l\u0131 Olacak\u201d"},"content":{"rendered":"\n<p><\/p>\n\n\n\n<p>Ak Parti Antalya Milletvekili Tuba Vural \u00c7okal, Ak Parti \u0130l\u00e7e Ba\u015fkan\u0131 Ahmet Ali Erol, Ak Parti Manavgat Belediye ba\u015fkan aday adaylar\u0131 ve y\u00f6neticilerle birlikte saha \u00e7al\u0131\u015fmalar\u0131n\u0131 s\u00fcrd\u00fcr\u00fcyor.<\/p>\n\n\n\n<p>Y\u0131l\u0131n son g\u00fcn\u00fcne yak\u0131n Demokrasi Bulvar\u0131ndaki esnaflarla bulu\u015fan Ak Parti ekibinin vatanda\u015flarla kar\u015f\u0131l\u0131kl\u0131 diyaloglar\u0131 s\u0131ras\u0131nda ilgin\u00e7 olaylar ya\u015fand\u0131, Ak Parti milletvekili Tu\u011fba Vural \u00c7okal\u2019\u0131n \u00e7ocuklarla yapt\u0131\u011f\u0131 konu\u015fmalar esnaf ziyaretine damga vuran olay olarak g\u00f6zlemlendi.<\/p>\n\n\n\n<p>Ak Parti Antalya Milletvekili Tuba Vural \u00c7okal, t\u00fcm \u00fclke genelinde oldu\u011fu gibi 2924 y\u0131l\u0131nda yap\u0131lacak yerel se\u00e7imlerde Manavgat\u2019ta da Ak belediyecilik zaman\u0131n\u0131n geldi\u011fine dikkat \u00e7ekerek vatanda\u015flar\u0131n buy konuda Ak Parti,ye b\u00fcy\u00fck destek verdi\u011fini s\u00f6yledi.<\/p>\n\n\n\n<p>31 Mart 2024 tarihinde yap\u0131lacak olan se\u00e7imlerde Manavgat belediyesini Ak belediyecili\u011finin kazanaca\u011f\u0131n\u0131 iddia eden Tuba Vural \u00c7okal Manavgat\u2019\u0131n \u00e7ok b\u00fcy\u00fck hizmetleri hak etti\u011fine dikkat \u00e7ekti.<\/p>\n\n\n\n<p>Ak Parti Antalya Milletvekili Tuba Vural \u00c7okal \u201c2024 y\u0131l\u0131n\u0131n \u00fclkemize, Manavgat\u2019\u0131m\u0131za huzur ve mutluluk getirmesi dileklerimle herkesin yeni y\u0131l\u0131n\u0131 kutluyor,2024 y\u0131l\u0131nda Manavgat\u2019\u0131 Ak belediyecilikle bulu\u015fturaca\u011f\u0131m\u0131z y\u00fcrekten inan\u0131yorum\u201d dedi.<\/p>\n\n\n\n<p>(Haber Merkezi)<\/p>\n","protected":false},"excerpt":{"rendered":"<p>Ak Parti Antalya Milletvekili Tuba Vural \u00c7okal, Ak Parti \u0130l\u00e7e Ba\u015fkan\u0131 Ahmet Ali Erol, Ak Parti Manavgat Belediye ba\u015fkan aday adaylar\u0131 ve y\u00f6neticilerle birlikte saha <a href=\"https:\/\/akdenizhaber.com.tr\/index.php\/2024\/01\/01\/ak-parti-antalya-milletvekili-tuba-vural-cokal2024-yili-ak-belediyecilik-yili-olacak\/\" class=\"read-more-link\">[more&#8230;]<\/a><\/p>\n","protected":false},"author":2,"featured_media":19188,"comment_status":"open","ping_status":"open","sticky":false,"template":"","format":"standard","meta":{"footnotes":""},"categories":[2],"tags":[],"class_list":["post-19187","post","type-post","status-publish","format-standard","has-post-thumbnail","hentry","category-gundem"],"_links":{"self":[{"href":"https:\/\/akdenizhaber.com.tr\/index.php\/wp-json\/wp\/v2\/posts\/19187","targetHints":{"allow":["GET"]}}],"collection":[{"href":"https:\/\/akdenizhaber.com.tr\/index.php\/wp-json\/wp\/v2\/posts"}],"about":[{"href":"https:\/\/akdenizhaber.com.tr\/index.php\/wp-json\/wp\/v2\/types\/post"}],"author":[{"embeddable":true,"href":"https:\/\/akdenizhaber.com.tr\/index.php\/wp-json\/wp\/v2\/users\/2"}],"replies":[{"embeddable":true,"href":"https:\/\/akdenizhaber.com.tr\/index.php\/wp-json\/wp\/v2\/comments?post=19187"}],"version-history":[{"count":0,"href":"https:\/\/akdenizhaber.com.tr\/index.php\/wp-json\/wp\/v2\/posts\/19187\/revisions"}],"wp:featuredmedia":[{"embeddable":true,"href":"https:\/\/akdenizhaber.com.tr\/index.php\/wp-json\/wp\/v2\/media\/19188"}],"wp:attachment":[{"href":"https:\/\/akdenizhaber.com.tr\/index.php\/wp-json\/wp\/v2\/media?parent=19187"}],"wp:term":[{"taxonomy":"category","embeddable":true,"href":"https:\/\/akdenizhaber.com.tr\/index.php\/wp-json\/wp\/v2\/categories?post=19187"},{"taxonomy":"post_tag","embeddable":true,"href":"https:\/\/akdenizhaber.com.tr\/index.php\/wp-json\/wp\/v2\/tags?post=19187"}],"curies":[{"name":"wp","href":"https:\/\/api.w.org\/{rel}","templated":true}]}}